{"id":303123,"date":"2025-08-07T16:13:11","date_gmt":"2025-08-07T16:13:11","guid":{"rendered":"https:\/\/www.europesays.com\/fr\/303123\/"},"modified":"2025-08-07T16:13:11","modified_gmt":"2025-08-07T16:13:11","slug":"lalgerie-na-pas-du-tout-apprecie-le-durcissement-de-la-position-de-macron","status":"publish","type":"post","link":"https:\/\/www.europesays.com\/fr\/303123\/","title":{"rendered":"L\u2019Alg\u00e9rie n\u2019a pas (du tout) appr\u00e9ci\u00e9 le durcissement de la position de Macron"},"content":{"rendered":"<p>        <img decoding=\"async\" loading=\"lazy\" src=\"https:\/\/www.europesays.com\/fr\/wp-content\/uploads\/2025\/08\/352e32d_upload-1-wdjlxotzoidj-000-32h42jn.jpg\"  width=\"728\" height=\"409\" alt=\"L\u2019Alg\u00e9rie, ici repr\u00e9sent\u00e9e par son pr\u00e9sident Abdelmadjid Tebboune, reproche \u00e0 la France de fuir ses \u00ab\u00a0responsabilit\u00e9s\u00a0\u00bb.\"\/>  <\/p>\n<p>LUDOVIC MARIN \/ AFP<\/p>\n<p>L\u2019Alg\u00e9rie, ici repr\u00e9sent\u00e9e par son pr\u00e9sident Abdelmadjid Tebboune, reproche \u00e0 la France de fuir ses \u00ab\u00a0responsabilit\u00e9s\u00a0\u00bb.<\/p>\n<p class=\"asset asset-text\">POLITIQUE &#8211; Jusqu\u2019o\u00f9 iront les tensions entre la France et l\u2019Alg\u00e9rie\u00a0? Les deux pays, qui ont une histoire commune et qui entretiennent d\u2019importants liens \u00e9conomiques, n\u2019en finissent plus de s\u2019affronter par voie diplomatique. <a href=\"https:\/\/www.huffingtonpost.fr\/politique\/article\/cette-lettre-de-macron-a-bayrou-sur-l-algerie-ne-va-pas-dans-le-sens-de-l-apaisement_253339.html\" target=\"_blank\" rel=\"noopener\">Dans une lettre envoy\u00e9e le 6\u00a0ao\u00fbt<\/a>, Emmanuel Macron plaidait pour la suspension de l\u2019accord de 2013\u00a0et appelait \u00e0 \u00ab\u00a0plus de fermet\u00e9\u00a0\u00bb \u00e0 l\u2019\u00e9gard d\u2019Alger. En cause\u00a0: le maintien en d\u00e9tention de deux ressortissants fran\u00e7ais, <a href=\"https:\/\/www.huffingtonpost.fr\/international\/article\/boualem-sansal-toujours-pas-gracie-par-l-algerie-renonce-a-se-pourvoir-en-cassation_252255.html\" target=\"_blank\" rel=\"noopener\">Boualem Sansal<\/a> et <a href=\"https:\/\/www.huffingtonpost.fr\/international\/article\/le-journaliste-christophe-gleizes-de-so-foot-condamne-a-sept-ans-de-prison-ferme-en-algerie_251981.html\" target=\"_blank\" rel=\"noopener\">Christophe Gleizes<\/a>, ainsi que \u00ab\u00a0l\u2019inflexibilit\u00e9\u00a0\u00bb suppos\u00e9e de l\u2019Alg\u00e9rie sur la question migratoire.<\/p>\n<p class=\"asset asset-text\">Un changement de braquet tr\u00e8s mal re\u00e7u de l\u2019autre c\u00f4t\u00e9 de la M\u00e9diterran\u00e9e. Ce jeudi 7\u00a0ao\u00fbt, le minist\u00e8re des Affaires \u00e9trang\u00e8res alg\u00e9rien reproche \u00e0 la France de fuir \u00ab\u00a0ses responsabilit\u00e9s\u00a0\u00bb dans le bras de fer qui anime les deux pays depuis un an. \u00c0 l\u2019entendre, Emmanuel Macron \u00ab\u00a0fait porter tous les torts \u00e0 la partie alg\u00e9rienne\u00a0\u00bb. \u00ab\u00a0Rien n\u2019est plus loin de la v\u00e9rit\u00e9 et de la r\u00e9alit\u00e9\u00a0\u00bb, tranche-t-il.<\/p>\n<p class=\"asset asset-text\">Concernant l\u2019accord de 2013, qui vise principalement les d\u00e9tenteurs de passeports diplomatiques, donc une infime partie de ceux qui voyagent entre les deux pays, l\u2019Alg\u00e9rie rappelle que \u00ab\u00a0c\u2019est la France, et elle seule, qui a \u00e9t\u00e9 \u00e0 l\u2019origine d\u2019une telle demande. En d\u00e9cidant la suspension de cet accord, la France offre \u00e0 l\u2019Alg\u00e9rie\u00a0l\u2019opportunit\u00e9 idoine d\u2019annoncer, quant \u00e0 elle, la d\u00e9nonciation pure et simple de ce m\u00eame accord\u00a0\u00bb. Si cette coop\u00e9ration sur les visas venait \u00e0 \u00eatre enterr\u00e9e, il est \u00e0 craindre que la prochaine \u00e9tape soit la remise en cause pure et simple d\u2019un autre partenariat\u00a0: <a href=\"https:\/\/www.huffingtonpost.fr\/politique\/article\/pour-denoncer-les-accords-de-1968-avec-l-algerie-la-france-peut-elle-se-passer-de-l-accord-de-l-algerie_246772.html\" target=\"_blank\" rel=\"noopener\">l\u2019accord de 1968<\/a>.<\/p>\n<p class=\"asset asset-text\">Or celui-l\u00e0 est beaucoup plus d\u00e9terminant. D\u2019abord parce qu\u2019il concerne plus de monde, mais aussi parce qu\u2019il r\u00e9git la circulation, le s\u00e9jour et l\u2019emploi des ressortissants alg\u00e9riens en France. En clair, les Alg\u00e9riens b\u00e9n\u00e9ficient aujourd\u2019hui de conditions facilit\u00e9es pour obtenir un titre de s\u00e9jour, acc\u00e9der \u00e0 certains emplois ou rejoindre un proche en France. Cet accord avait \u00e9t\u00e9 sign\u00e9 quelques ann\u00e9es apr\u00e8s l\u2019ind\u00e9pendance alg\u00e9rienne, obtenue apr\u00e8s une longue p\u00e9riode de colonisation f\u00e9roce et de guerre sanglante.<\/p>\n<p>                     \u00ab\u00a0Des ultimatums\u00a0\u00bb lanc\u00e9s par la France\u00a0?    <\/p>\n<p class=\"asset asset-text\">En outre, Alger accuse Paris de n\u2019avoir \u00ab\u00a0proc\u00e9d\u00e9 que par injonctions, ultimatums et sommations\u00a0\u00bb depuis l\u2019\u00e9t\u00e9 2024. La crise avait \u00e9clat\u00e9 juste apr\u00e8s la reconnaissance par la France <a href=\"https:\/\/www.huffingtonpost.fr\/culture\/article\/christopher-nolan-critique-en-algerie-pour-le-tournage-de-l-odyssee-son-dernier-film-au-sahara-occidental_253080.html\" target=\"_blank\" rel=\"noopener\">du Sahara occidental<\/a> comme \u00e9tant \u00ab\u00a0sous souverainet\u00e9 marocaine\u00a0\u00bb. Ce qui avait d\u00e9plu au voisin alg\u00e9rien.<\/p>\n<p class=\"asset asset-text\">La r\u00e9plique d\u2019Alger a en tout cas fait r\u00e9agir au plus haut sommet de l\u2019\u00c9tat, puisque le Premier ministre Fran\u00e7ois Bayrou, qui ne prend pas de vacances en cette p\u00e9riode estivale, a fait savoir ce 7\u00a0ao\u00fbt qu\u2019il ne se pla\u00e7ait pas \u00ab\u00a0dans l\u2019esprit d\u2019un affrontement perp\u00e9tuel\u00a0\u00bb avec l\u2019Alg\u00e9rie. Au contraire, estime le centriste, il faudra \u00ab\u00a0retrouver un jour des relations qui soient \u00e9quilibr\u00e9es et justes\u00a0\u00bb. La veille, Emmanuel Macron tentait lui aussi de ne pas appara\u00eetre comme trop affirmatif, assurant que son \u00ab\u00a0objectif\u00a0\u00bb restait de \u00ab\u00a0retrouver des relations efficaces et ambitieuses avec l\u2019Alg\u00e9rie\u00a0\u00bb. On en est pour l\u2019instant bien loin.<\/p>\n","protected":false},"excerpt":{"rendered":"LUDOVIC MARIN \/ AFP L\u2019Alg\u00e9rie, ici repr\u00e9sent\u00e9e par son pr\u00e9sident Abdelmadjid Tebboune, reproche \u00e0 la France de fuir&hellip;\n","protected":false},"author":2,"featured_media":303124,"comment_status":"","ping_status":"","sticky":false,"template":"","format":"standard","meta":{"footnotes":""},"categories":[2],"tags":[11,8269,15,312,1073,1011,27,12,316,25],"class_list":{"0":"post-303123","1":"post","2":"type-post","3":"status-publish","4":"format-standard","5":"has-post-thumbnail","7":"category-actualites","8":"tag-actualites","9":"tag-alger","10":"tag-algerie","11":"tag-diplomatie","12":"tag-emmanuel-macron","13":"tag-fr","14":"tag-france","15":"tag-news","16":"tag-politique","17":"tag-republique-francaise"},"share_on_mastodon":{"url":"https:\/\/pubeurope.com\/@fr\/114988371756513522","error":""},"_links":{"self":[{"href":"https:\/\/www.europesays.com\/fr\/wp-json\/wp\/v2\/posts\/303123","targetHints":{"allow":["GET"]}}],"collection":[{"href":"https:\/\/www.europesays.com\/fr\/wp-json\/wp\/v2\/posts"}],"about":[{"href":"https:\/\/www.europesays.com\/fr\/wp-json\/wp\/v2\/types\/post"}],"author":[{"embeddable":true,"href":"https:\/\/www.europesays.com\/fr\/wp-json\/wp\/v2\/users\/2"}],"replies":[{"embeddable":true,"href":"https:\/\/www.europesays.com\/fr\/wp-json\/wp\/v2\/comments?post=303123"}],"version-history":[{"count":0,"href":"https:\/\/www.europesays.com\/fr\/wp-json\/wp\/v2\/posts\/303123\/revisions"}],"wp:featuredmedia":[{"embeddable":true,"href":"https:\/\/www.europesays.com\/fr\/wp-json\/wp\/v2\/media\/303124"}],"wp:attachment":[{"href":"https:\/\/www.europesays.com\/fr\/wp-json\/wp\/v2\/media?parent=303123"}],"wp:term":[{"taxonomy":"category","embeddable":true,"href":"https:\/\/www.europesays.com\/fr\/wp-json\/wp\/v2\/categories?post=303123"},{"taxonomy":"post_tag","embeddable":true,"href":"https:\/\/www.europesays.com\/fr\/wp-json\/wp\/v2\/tags?post=303123"}],"curies":[{"name":"wp","href":"https:\/\/api.w.org\/{rel}","templated":true}]}}