{"id":303125,"date":"2025-08-07T16:14:14","date_gmt":"2025-08-07T16:14:14","guid":{"rendered":"https:\/\/www.europesays.com\/fr\/303125\/"},"modified":"2025-08-07T16:14:14","modified_gmt":"2025-08-07T16:14:14","slug":"le-suspect-pretend-avoir-repondu-a-des-pulsions","status":"publish","type":"post","link":"https:\/\/www.europesays.com\/fr\/303125\/","title":{"rendered":"Le suspect pr\u00e9tend avoir r\u00e9pondu \u00e0 des pulsions"},"content":{"rendered":"<p>Le <a href=\"https:\/\/www.20minutes.fr\/faits_divers\/4166929-20250806-normandie-suspect-arrete-apres-serie-mutilations-chevaux\" target=\"_blank\" class=\"color-ultramarine c-link\" rel=\"nofollow noopener\">suspect arr\u00eat\u00e9<\/a> dans l\u2019affaire des <a href=\"https:\/\/www.20minutes.fr\/faits_divers\/4166764-20250805-normandie-moins-trois-chevaux-tues-autres-mutilations-signalees-enquete-ouverte\" target=\"_blank\" class=\"color-ultramarine c-link\" rel=\"nofollow noopener\">chevaux mutil\u00e9s<\/a> sera jug\u00e9 le 26\u00a0septembre au\u00a0<a href=\"https:\/\/www.20minutes.fr\/dossier\/le_havre\" target=\"_blank\" class=\"color-ultramarine c-link\" rel=\"nofollow noopener\">Havre<\/a>. Plac\u00e9 en d\u00e9tention provisoire, il est soup\u00e7onn\u00e9 d\u2019avoir tu\u00e9 cinq \u00e9quid\u00e9s et d\u2019en avoir bless\u00e9 gri\u00e8vement 10 autres en Normandie ces derniers mois. Il risque jusqu\u2019\u00e0 cinq ans de prison.<\/p>\n<p>L\u2019homme d\u2019une vingtaine d\u2019ann\u00e9es a \u00e9t\u00e9 interpell\u00e9 le 4\u00a0ao\u00fbt, a fait savoir jeudi la procureure du\u00a0Havre, Soizic Guillaume, lors d\u2019une conf\u00e9rence de presse. Il lui est reproch\u00e9 des \u00ab\u00a0s\u00e9vices graves ou actes de cruaut\u00e9\u00a0\u00bb sur un animal domestique ayant entra\u00een\u00e9 ou non la mort et la d\u00e9tention d\u2019armes de cat\u00e9gorie D, pour sept faits ayant eu lieu entre les nuits du 26 au 27\u00a0juin et du 31\u00a0juillet au 1er\u00a0ao\u00fbt, a pr\u00e9cis\u00e9 la procureure de la R\u00e9publique. Le suspect \u00ab\u00a0a reconnu sa pr\u00e9sence sur deux faits\u00a0\u00bb, mais conteste les autres.<\/p>\n<\/p>\n<p>\u00ab\u00a0Un proc\u00e9d\u00e9 similaire \u00e9tait utilis\u00e9\u00a0\u00bb avec des \u00ab\u00a0lac\u00e9rations plus ou moins profondes, parfois jusqu\u2019\u00e0 8 centim\u00e8tres\u00a0\u00bb, dans certains cas \u00ab\u00a0les yeux crev\u00e9s\u00a0\u00bb et des fractures ou \u00e9crasements li\u00e9s \u00e0 des coups sur les \u00e9quid\u00e9s, a rapport\u00e9 la procureure. Un des chevaux tu\u00e9s appartenait \u00e0 la petite amie du suspect, \u00ab\u00a0sans que ce dernier n\u2019ait fait \u00e9tat d\u2019un conflit particulier avec elle\u00a0\u00bb, a dit Soizic Guillaume.<\/p>\n<p>Aucun trouble psychiatrique<\/p>\n<p>Du sang humain retrouv\u00e9 sur le dernier lieu d\u2019agression a permis d\u2019identifier le suspect, \u00ab\u00a0d\u00e9j\u00e0 connu\u00a0\u00bb de la justice pour des faits de <a href=\"https:\/\/www.20minutes.fr\/dossier\/violence\" target=\"_blank\" class=\"color-ultramarine c-link\" rel=\"nofollow noopener\">violence<\/a>, a-t-elle indiqu\u00e9.<\/p>\n<p>Des perquisitions ont permis de trouver \u00ab\u00a0un cutter qui pr\u00e9sentait des traces de sang s\u00e9ch\u00e9\u00a0\u00bb, une massette et des v\u00eatements avec des \u00ab\u00a0traces rouge\u00e2tres\u00a0\u00bb ou encore des biscuits pour chevaux, alors que le mis en cause \u00ab\u00a0n\u2019a pas de lien sp\u00e9cifique avec les \u00e9quid\u00e9s\u00a0\u00bb, selon la procureure.<\/p>\n<p><a href=\"https:\/\/www.20minutes.fr\/planete\/maltraitance-animale\/\" target=\"_blank\" class=\"c-link c-btn c-btn--primary\" rel=\"nofollow noopener\">Tous nos articles sur la maltraitance animale<\/a><\/p>\n<p>Selon la magistrate, le jeune homme \u00ab\u00a0ne peut pas expliquer les raisons de ses agissements, il explique avoir ob\u00e9i \u00e0 des pulsions\u00a0\u00bb. Soizic Guillaume pr\u00e9cise qu\u2019une seconde expertise psychiatrique sera diligent\u00e9e, une premi\u00e8re expertise n\u2019ayant d\u00e9cel\u00e9 \u00ab\u00a0aucun trouble psychiatrique pouvant alt\u00e9rer ou abolir son discernement\u00a0\u00bb.<\/p>\n","protected":false},"excerpt":{"rendered":"Le suspect arr\u00eat\u00e9 dans l\u2019affaire des chevaux mutil\u00e9s sera jug\u00e9 le 26\u00a0septembre au\u00a0Havre. Plac\u00e9 en d\u00e9tention provisoire, il&hellip;\n","protected":false},"author":2,"featured_media":303126,"comment_status":"","ping_status":"","sticky":false,"template":"","format":"standard","meta":{"footnotes":""},"categories":[2],"tags":[47,11,1867,12668,1067,118,1011,27,6795,12,5161,1072,6030,25],"class_list":{"0":"post-303125","1":"post","2":"type-post","3":"status-publish","4":"format-standard","5":"has-post-thumbnail","7":"category-actualites","8":"tag-actualite","9":"tag-actualites","10":"tag-animaux","11":"tag-cheval","12":"tag-enquete","13":"tag-faits-divers","14":"tag-fr","15":"tag-france","16":"tag-maltraitance-animale","17":"tag-news","18":"tag-normandie","19":"tag-police","20":"tag-protection-des-animaux","21":"tag-republique-francaise"},"share_on_mastodon":{"url":"https:\/\/pubeurope.com\/@fr\/114988375352292447","error":""},"_links":{"self":[{"href":"https:\/\/www.europesays.com\/fr\/wp-json\/wp\/v2\/posts\/303125","targetHints":{"allow":["GET"]}}],"collection":[{"href":"https:\/\/www.europesays.com\/fr\/wp-json\/wp\/v2\/posts"}],"about":[{"href":"https:\/\/www.europesays.com\/fr\/wp-json\/wp\/v2\/types\/post"}],"author":[{"embeddable":true,"href":"https:\/\/www.europesays.com\/fr\/wp-json\/wp\/v2\/users\/2"}],"replies":[{"embeddable":true,"href":"https:\/\/www.europesays.com\/fr\/wp-json\/wp\/v2\/comments?post=303125"}],"version-history":[{"count":0,"href":"https:\/\/www.europesays.com\/fr\/wp-json\/wp\/v2\/posts\/303125\/revisions"}],"wp:featuredmedia":[{"embeddable":true,"href":"https:\/\/www.europesays.com\/fr\/wp-json\/wp\/v2\/media\/303126"}],"wp:attachment":[{"href":"https:\/\/www.europesays.com\/fr\/wp-json\/wp\/v2\/media?parent=303125"}],"wp:term":[{"taxonomy":"category","embeddable":true,"href":"https:\/\/www.europesays.com\/fr\/wp-json\/wp\/v2\/categories?post=303125"},{"taxonomy":"post_tag","embeddable":true,"href":"https:\/\/www.europesays.com\/fr\/wp-json\/wp\/v2\/tags?post=303125"}],"curies":[{"name":"wp","href":"https:\/\/api.w.org\/{rel}","templated":true}]}}