{"id":303133,"date":"2025-08-07T16:21:11","date_gmt":"2025-08-07T16:21:11","guid":{"rendered":"https:\/\/www.europesays.com\/fr\/303133\/"},"modified":"2025-08-07T16:21:11","modified_gmt":"2025-08-07T16:21:11","slug":"motogp-agostini-soutient-marquez","status":"publish","type":"post","link":"https:\/\/www.europesays.com\/fr\/303133\/","title":{"rendered":"MotoGP : Agostini soutient M\u00e1rquez"},"content":{"rendered":"<p>Giacomo Agostini, d\u00e9tenteur de 15 titres mondiaux (dont 8 dans la cat\u00e9gorie reine), loue la trajectoire exceptionnelle de Marc M\u00e1rquez.<\/p>\n<blockquote>\n<p>\u201cMarc est un grand homme et il m\u00e9rite tout. Nous devons nous incliner devant lui, et non le huer. Marc est capable de battre m\u00eame mon record de championnat du monde. Marc a travers\u00e9 des moments difficiles, dont il n\u2019\u00e9tait pas \u00e9vident de sortir. Et pour recommencer \u00e0 gagner, il a renonc\u00e9 \u00e0 l\u2019argent de Honda, pour rejoindre une \u00e9quipe priv\u00e9e, en plus.\u201d D\u00e9clare Agostini, source : <a href=\"http:\/\/paddock-gp.com\" rel=\"nofollow noopener\" target=\"_blank\">paddock-gp.com<\/a>\u00a0<\/p>\n<\/blockquote>\n<p><b>Un commentateur lucide face \u00e0 l\u2019histoire<\/b><\/p>\n<p>Giacomo Agostini ne se contente pas d\u2019admirer les chiffres. Il souligne que Marc M\u00e1rquez n\u2019est pas seulement un pilote extr\u00eamement rapide, mais un comp\u00e9titeur complet, fa\u00e7onn\u00e9 par l\u2019adversit\u00e9 et la r\u00e9silience. Avec d\u00e9sormais 70 victoires en cat\u00e9gorie reine d\u00e9passant le record \u00e9tabli par Agostini lui-m\u00eame, l\u2019Espagnol s\u2019installe encore un peu plus dans la l\u00e9gende du sport.<\/p>\n<p>Mais au-del\u00e0 des statistiques, Agostini salue une trajectoire marqu\u00e9e par la t\u00e9nacit\u00e9 : celle d\u2019un homme capable de revenir au sommet apr\u00e8s plusieurs ann\u00e9es de blessures, d\u2019op\u00e9rations, de doutes, et d\u2019\u00e9preuves mentales. Peu de pilotes auraient eu la force de revenir aussi fort apr\u00e8s une telle descente aux enfers.<\/p>\n<p>Enfin, Agostini admire l\u2019intelligence d\u2019un pilote capable de r\u00e9inventer son pilotage. Apr\u00e8s avoir tout conquis avec Honda, M\u00e1rquez parvient \u00e0 relancer sa carri\u00e8re au guidon de la Ducati, une machine radicalement diff\u00e9rente. L\u00e0 o\u00f9 d\u2019autres peinent \u00e0 s\u2019adapter, lui progresse encore, et redevient un pr\u00e9tendant r\u00e9gulier \u00e0 la victoire.<\/p>\n<p>Quand Giacomo Agostini lui-m\u00eame appelle au respect, le message est clair : Marc M\u00e1rquez est d\u00e9j\u00e0 une l\u00e9gende vivante. Son palmar\u00e8s, sa r\u00e9silience et sa capacit\u00e9 \u00e0 se r\u00e9inventer forcent l\u2019admiration. Plut\u00f4t que de le siffler, le paddock devrait le saluer.<\/p>\n<p>    Partagez cette info avec vos amis et vos proches en cliquant ici  <\/p>\n<p> Podcasts \u00e0 la une MEN LIFE <\/p>\n<p>    MotoGP : Agostini s\u2019incline devant M\u00e1rquez et d\u00e9fend une l\u00e9gende vivante<\/p>\n<p>Giacomo Agostini, recordman absolu de titres mondiaux, reconna\u00eet que Marc M\u00e1rquez pourrait battre ses chiffres. Mais au-del\u00e0 du palmar\u00e8s, il appelle \u00e0 respecter un pilote exceptionnel, forg\u00e9 par les blessures, la r\u00e9silience et le courage.<\/p>\n<p>R\u00e9dacteur<\/p>\n<p><img decoding=\"async\" width=\"76\" height=\"76\" loading=\"lazy\" src=\"https:\/\/www.europesays.com\/fr\/wp-content\/uploads\/2025\/04\/avatar-sport-am.png\" alt=\"Victor Teyssier\"\/><\/p>\n","protected":false},"excerpt":{"rendered":"Giacomo Agostini, d\u00e9tenteur de 15 titres mondiaux (dont 8 dans la cat\u00e9gorie reine), loue la trajectoire exceptionnelle de&hellip;\n","protected":false},"author":2,"featured_media":303134,"comment_status":"","ping_status":"","sticky":false,"template":"","format":"standard","meta":{"footnotes":""},"categories":[1413],"tags":[1011,27,1457,1456,60],"class_list":{"0":"post-303133","1":"post","2":"type-post","3":"status-publish","4":"format-standard","5":"has-post-thumbnail","7":"category-moto","8":"tag-fr","9":"tag-france","10":"tag-moto","11":"tag-motocycle","12":"tag-sports"},"share_on_mastodon":{"url":"https:\/\/pubeurope.com\/@fr\/114988402911415120","error":""},"_links":{"self":[{"href":"https:\/\/www.europesays.com\/fr\/wp-json\/wp\/v2\/posts\/303133","targetHints":{"allow":["GET"]}}],"collection":[{"href":"https:\/\/www.europesays.com\/fr\/wp-json\/wp\/v2\/posts"}],"about":[{"href":"https:\/\/www.europesays.com\/fr\/wp-json\/wp\/v2\/types\/post"}],"author":[{"embeddable":true,"href":"https:\/\/www.europesays.com\/fr\/wp-json\/wp\/v2\/users\/2"}],"replies":[{"embeddable":true,"href":"https:\/\/www.europesays.com\/fr\/wp-json\/wp\/v2\/comments?post=303133"}],"version-history":[{"count":0,"href":"https:\/\/www.europesays.com\/fr\/wp-json\/wp\/v2\/posts\/303133\/revisions"}],"wp:featuredmedia":[{"embeddable":true,"href":"https:\/\/www.europesays.com\/fr\/wp-json\/wp\/v2\/media\/303134"}],"wp:attachment":[{"href":"https:\/\/www.europesays.com\/fr\/wp-json\/wp\/v2\/media?parent=303133"}],"wp:term":[{"taxonomy":"category","embeddable":true,"href":"https:\/\/www.europesays.com\/fr\/wp-json\/wp\/v2\/categories?post=303133"},{"taxonomy":"post_tag","embeddable":true,"href":"https:\/\/www.europesays.com\/fr\/wp-json\/wp\/v2\/tags?post=303133"}],"curies":[{"name":"wp","href":"https:\/\/api.w.org\/{rel}","templated":true}]}}