{"id":303141,"date":"2025-08-07T16:25:11","date_gmt":"2025-08-07T16:25:11","guid":{"rendered":"https:\/\/www.europesays.com\/fr\/303141\/"},"modified":"2025-08-07T16:25:11","modified_gmt":"2025-08-07T16:25:11","slug":"frank-leboeuf-sa-fille-jade-ne-se-reconnait-plus-physiquement-et-revele-combien-de-kilos-elle-a-pris-cette-annee","status":"publish","type":"post","link":"https:\/\/www.europesays.com\/fr\/303141\/","title":{"rendered":"Frank Leb\u0153uf : sa fille Jade ne se reconna\u00eet plus physiquement et r\u00e9v\u00e8le combien de kilos elle a pris cette ann\u00e9e"},"content":{"rendered":"<p>      R\u00e9sum\u00e9<\/p>\n<p>Jade Leb\u0153uf, confront\u00e9e \u00e0 des changements personnels, a repris le sport pour retrouver son \u00e9quilibre apr\u00e8s avoir pris six kilos cette ann\u00e9e.<\/p>\n<p>        Sommaire<\/p>\n<p><strong>Jade Leb\u0153uf a v\u00e9cu un d\u00e9but d&rsquo;ann\u00e9e compliqu\u00e9<\/strong>. <a href=\"https:\/\/www.public.fr\/jade-leboeuf-et-son-mari-stephane-de-secret-story-annoncent-a-la-surprise-generale-leur-rupture-apres-9-ans-de-relation\" target=\"_blank\" rel=\"noopener\">Divorc\u00e9e de St\u00e9phane Rodrigues<\/a>, la jeune femme tente de se reconstruire en m\u00e8re c\u00e9libataire. La fille du footballeur Frank Leb\u0153uf a particip\u00e9 il y a quelques semaines \u00e0 la derni\u00e8re saison des Tra\u00eetres aux c\u00f4t\u00e9s de son fr\u00e8re Hugo. Dans quelques semaines, <a href=\"https:\/\/www.public.fr\/tout-beau-tout-9-de-cyril-hanouna-sur-w9-la-fille-dun-international-francais-recrutee\" target=\"_blank\" rel=\"noopener\">elle participera au pilote de Tout beau, tout neuf<\/a>, la nouvelle \u00e9mission de Cyril Hanouna sur W9. Si <strong>elle n&rsquo;est pas encore assur\u00e9e d&rsquo;y \u00eatre chroniqueuse<\/strong>, elle devra toutefois faire ses preuves lors de l&rsquo;\u00e9mission z\u00e9ro dans laquelle seront test\u00e9es de nombreuses autres personnalit\u00e9s.<\/p>\n<p>En attendant ce possible nouveau job, <strong>Jade Leb\u0153uf souhaite s&rsquo;y pr\u00e9parer physiquement<\/strong>. L&rsquo;entrepreneuse et influenceuse de 34 ans a r\u00e9v\u00e9l\u00e9 \u00e0 ses abonn\u00e9s \u00eatre inqui\u00e8te&#8230; En effet, malgr\u00e9 sa silhouette de r\u00eave qui en ferait r\u00eaver plus d&rsquo;une, la jeune femme est complex\u00e9e par <strong>des kilos pris ces derniers mois<\/strong>, et qu&rsquo;elle voudrait perdre avant la rentr\u00e9e. En story Instagram ce jeudi, Jade a r\u00e9v\u00e9l\u00e9 avoir repris le sport dans l&rsquo;espoir de perdre les kilos superflus.<\/p>\n<p>Jade Leb\u0153uf se laisse du temps pour aller mieux<\/p>\n<p>\u00ab\u00a0<strong>J&rsquo;ai pris six kilos cette ann\u00e9e, perdu ma tonicit\u00e9<\/strong> et je ne me reconnais plus physiquement. Ce n&rsquo;est peut-\u00eatre pas grand-chose, \u00e7a ne se voit pas forc\u00e9ment mais pour moi, \u00e7a compte<strong>. \u00catre en forme, c&rsquo;est important pour mon \u00e9quilibre<\/strong>. Et comme \u00e7a joue sur mon humeur, j&rsquo;ai d\u00e9cid\u00e9 d&rsquo;agir, pour moi\u00a0\u00bb a d\u00e9clar\u00e9 Jade Leb\u0153uf. <a href=\"https:\/\/vsd.fr\/8592-sexy-jade-leboeuf-seins-nus-a-la-plage-elle-donne-chaud-aux-internautes-photo\/\" target=\"_blank\" rel=\"noopener\">La future chroniqueuse t\u00e9l\u00e9<\/a> a r\u00e9v\u00e9l\u00e9 plusieurs clich\u00e9s d&rsquo;elle dans son poids de forme. Un poids qu&rsquo;elle esp\u00e8re retrouver dans les meilleurs d\u00e9lais !<\/p>\n<p>Jade Leb\u0153uf tient toutefois \u00e0 se laisser du temps. <strong>Reconnaissant avoir eu une ann\u00e9e \u00ab\u00a0extr\u00eamement difficile\u00a0\u00bb<\/strong>, <a href=\"https:\/\/www.public.fr\/mon-fils-est-tombe-dans-une-grosse-mrde-jade-leboeuf-gros-coup-de-sang-sur-instagram\" target=\"_blank\" rel=\"noopener\">la m\u00e8re d&rsquo;Elon James<\/a> \u00ab\u00a0prend ce changement avec douceur\u00a0\u00bb. \u00ab\u00a0Je suis tomb\u00e9e, j&rsquo;ai d\u00e9construit pour avoir enfin la volont\u00e9 et la force de reconstruire\u00a0\u00bb a-t-elle ainsi philosoph\u00e9. Quant \u00e0 ceux qui lui assureront que la maternit\u00e9 l&rsquo;a fait grossir et qu&rsquo;elle doit l&rsquo;accepter, Jade Leb\u0153uf tient d&rsquo;ores et d\u00e9j\u00e0 \u00e0 mettre cartes sur table : <strong>\u00ab\u00a0Non, ce n&rsquo;est pas une question de maternit\u00e9, c&rsquo;est une question de moi, de comment je me sens\u00a0\u00bb<\/strong>. Voil\u00e0 qui est dit !<\/p>\n<p>      Mentionn\u00e9s dans cet article<\/p>\n<p>      Sur le m\u00eame sujet<\/p>\n","protected":false},"excerpt":{"rendered":"R\u00e9sum\u00e9 Jade Leb\u0153uf, confront\u00e9e \u00e0 des changements personnels, a repris le sport pour retrouver son \u00e9quilibre apr\u00e8s avoir&hellip;\n","protected":false},"author":2,"featured_media":303142,"comment_status":"","ping_status":"","sticky":false,"template":"","format":"standard","meta":{"footnotes":""},"categories":[1359],"tags":[3721,58,59,1011,27,14251,14252,973,5401,19538,22498,22497],"class_list":{"0":"post-303141","1":"post","2":"type-post","3":"status-publish","4":"format-standard","5":"has-post-thumbnail","7":"category-people","8":"tag-chroniqueur","9":"tag-divertissement","10":"tag-entertainment","11":"tag-fr","12":"tag-france","13":"tag-frank-leboeuf","14":"tag-jade-leboeuf","15":"tag-people","16":"tag-poids","17":"tag-prise-de-poids","18":"tag-tout-9-tbt9","19":"tag-tout-beau"},"share_on_mastodon":{"url":"https:\/\/pubeurope.com\/@fr\/114988418603001689","error":""},"_links":{"self":[{"href":"https:\/\/www.europesays.com\/fr\/wp-json\/wp\/v2\/posts\/303141","targetHints":{"allow":["GET"]}}],"collection":[{"href":"https:\/\/www.europesays.com\/fr\/wp-json\/wp\/v2\/posts"}],"about":[{"href":"https:\/\/www.europesays.com\/fr\/wp-json\/wp\/v2\/types\/post"}],"author":[{"embeddable":true,"href":"https:\/\/www.europesays.com\/fr\/wp-json\/wp\/v2\/users\/2"}],"replies":[{"embeddable":true,"href":"https:\/\/www.europesays.com\/fr\/wp-json\/wp\/v2\/comments?post=303141"}],"version-history":[{"count":0,"href":"https:\/\/www.europesays.com\/fr\/wp-json\/wp\/v2\/posts\/303141\/revisions"}],"wp:featuredmedia":[{"embeddable":true,"href":"https:\/\/www.europesays.com\/fr\/wp-json\/wp\/v2\/media\/303142"}],"wp:attachment":[{"href":"https:\/\/www.europesays.com\/fr\/wp-json\/wp\/v2\/media?parent=303141"}],"wp:term":[{"taxonomy":"category","embeddable":true,"href":"https:\/\/www.europesays.com\/fr\/wp-json\/wp\/v2\/categories?post=303141"},{"taxonomy":"post_tag","embeddable":true,"href":"https:\/\/www.europesays.com\/fr\/wp-json\/wp\/v2\/tags?post=303141"}],"curies":[{"name":"wp","href":"https:\/\/api.w.org\/{rel}","templated":true}]}}