{"id":303143,"date":"2025-08-07T16:26:10","date_gmt":"2025-08-07T16:26:10","guid":{"rendered":"https:\/\/www.europesays.com\/fr\/303143\/"},"modified":"2025-08-07T16:26:10","modified_gmt":"2025-08-07T16:26:10","slug":"depuis-lage-de-7-ans-je-travaille-le-bronze-avec-mon-pere-le-sculpteur-abdoulaye-gandema-leve-le-voile-sur-ses-techniques-a-chalais","status":"publish","type":"post","link":"https:\/\/www.europesays.com\/fr\/303143\/","title":{"rendered":"\u00ab\u00a0Depuis l\u2019\u00e2ge de 7\u00a0ans, je travaille le bronze avec mon p\u00e8re\u00a0\u00bb\u00a0: Le sculpteur Abdoulaye Gandema\u00a0l\u00e8ve le voile sur ses techniques \u00e0 Chalais"},"content":{"rendered":"<p>Abdoulaye Gandema, qui sera pr\u00e9sent \u00e0 Chalais le 9 et 10\u00a0ao\u00fbt pour une d\u00e9monstration <a href=\"https:\/\/www.sudcharentetourisme.fr\/fiche-sit\/exposition-metiers-dart-cie-au-cloitre-de-leglise-saint-martial-de-chalais-5837507\/\" target=\"_blank\" rel=\"nofollow noopener\">au salon des m\u00e9tiers d\u2019art<\/a>, a grandi dans un environnement o\u00f9 l\u2019art et la cr\u00e9ativit\u00e9 sont omnipr\u00e9sents.<\/p>\n<p>H\u00e9berg\u00e9 \u00e0 Barbezieux pendant son s\u00e9jour en France, le Burkinab&#8230;<\/p>\n<p>Abdoulaye Gandema, qui sera pr\u00e9sent \u00e0 Chalais le 9 et 10\u00a0ao\u00fbt pour une d\u00e9monstration <a href=\"https:\/\/www.sudcharentetourisme.fr\/fiche-sit\/exposition-metiers-dart-cie-au-cloitre-de-leglise-saint-martial-de-chalais-5837507\/\" target=\"_blank\" rel=\"nofollow noopener\">au salon des m\u00e9tiers d\u2019art<\/a>, a grandi dans un environnement o\u00f9 l\u2019art et la cr\u00e9ativit\u00e9 sont omnipr\u00e9sents.<\/p>\n<p>H\u00e9berg\u00e9 \u00e0 Barbezieux pendant son s\u00e9jour en France, le Burkinab\u00e9 \u00e9tait pr\u00e9sent ce week-end \u00e0<a href=\"https:\/\/www.charentelibre.fr\/culture-et-loisirs\/echallarts-le-succes-homerique-du-festival-des-arts-plastiques-20885427.php\" target=\"_blank\" rel=\"follow nofollow noopener\"> Echallarts<\/a>, dans le Rouillacais.<\/p>\n<p>Son p\u00e8re, Mamadou Gandema, est un sculpteur r\u00e9put\u00e9, connu pour avoir initi\u00e9 une nouvelle \u00e8re de la sculpture en bronze au Burkina Faso. Dans ce milieu propice \u00e0 l\u2019\u00e9panouissement artistique, Abdoulaye Gandema d\u00e9couvre tr\u00e8s t\u00f4t le monde de la sculpture. \u00ab\u00a0Je peux dire que je suis tomb\u00e9 dedans d\u00e8s ma naissance. Depuis l\u2019\u00e2ge de 7\u00a0ans je travaille le bronze avec mon p\u00e8re\u00a0\u00bb.<\/p>\n<blockquote><p>\u00ab\u00a0Lib\u00e9rer la cire au profit du bronze \u00e0 1\u00a0200 degr\u00e9s.\u00a0\u00bb<\/p><\/blockquote>\n<p>D\u00e8s 15\u00a0ans, <a href=\"https:\/\/www.gandemabdoul.com\/\" target=\"_blank\" rel=\"nofollow noopener\">Abdoulaye Gandema<\/a> prend une d\u00e9cision audacieuse en quittant l\u2019\u00e9cole pour se consacrer enti\u00e8rement \u00e0 la sculpture. Cette initiative, loin d\u2019\u00eatre un abandon, constitue en r\u00e9alit\u00e9 le choix d\u2019un destin, celui d\u2019un homme qui d\u00e9sire ardemment s\u2019approprier l\u2019h\u00e9ritage familial et d\u00e9velopper ses propres id\u00e9es artistiques. Sa premi\u00e8re exposition \u00e0 18\u00a0ans marque le d\u00e9but d\u2019une carri\u00e8re prometteuse, affirmant son identit\u00e9 artistique tout en rendant hommage \u00e0 la tradition familiale.<\/p>\n<p>Au c\u0153ur de son travail se trouve la technique de la cire perdue, un processus vieux de plusieurs mill\u00e9naires.<\/p>\n<p>Interrog\u00e9 sur sa technique, il explique\u00a0: \u00ab\u00a0Je sculpte le mod\u00e8le \u00e0 la cire et la recouvre d\u2019argile et de crottin. Le moule est ainsi chauff\u00e9 afin de lib\u00e9rer la cire au profit du bronze \u00e0 1\u00a0200 degr\u00e9s. Je pratique un travail de ciselure et de patine avec oxydes et pigments qui donnent vie aux \u0153uvres.\u00a0\u00bb<\/p>\n<p>La femme th\u00e8me r\u00e9current<\/p>\n<p>Un des th\u00e8mes r\u00e9currents dans l\u2019\u0153uvre d\u2019Abdoulaye Gandema est la repr\u00e9sentation de la femme, qu\u2019il interpr\u00e8te sous divers angles. Que ce soit \u00e0 travers sa vision de la femme lib\u00e9r\u00e9e ou par son exploration des r\u00f4les historiques et sociaux attribu\u00e9s aux femmes dans son pays, Abdoulaye Gandema parvient \u00e0 capturer l\u2019essence m\u00eame de la f\u00e9minit\u00e9.<\/p>\n<p>Ses sculptures ne se contentent pas de reproduire des formes\u00a0; elles racontent des histoires et expriment des \u00e9motions, offrant une r\u00e9flexion sur la condition f\u00e9minine au Burkina Faso. \u00ab\u00a0Dans un monde o\u00f9 les femmes sont souvent repr\u00e9sent\u00e9es de mani\u00e8re st\u00e9r\u00e9otyp\u00e9e, je souhaitais inverser cette tendance en produisant des \u0153uvres qui c\u00e9l\u00e8brent la force, la beaut\u00e9 et la r\u00e9silience f\u00e9minine\u00a0\u00bb explique celui dont les sculptures deviennent des embl\u00e8mes de fiert\u00e9 et d\u2019\u00e9mancipation, tout en portant en elles une part de l\u2019histoire et de l\u2019identit\u00e9 de son peuple.<\/p>\n<p>Au-del\u00e0 de l\u2019esth\u00e9tique, l\u2019art d\u2019Abdoulaye Gandema est \u00e9galement un moyen d\u2019engagement social. En abordant des th\u00e9matiques telles que la justice sociale, la m\u00e9moire historique et l\u2019identit\u00e9 culturelle, il donne une voix \u00e0 des luttes souvent ignor\u00e9es.<\/p>\n<p>Persuad\u00e9 par l\u2019id\u00e9e que l\u2019art peut servir de pont entre les communaut\u00e9s et susciter des r\u00e9flexions collectives sur des enjeux contemporains, l\u2019artiste n\u2019h\u00e9sitera pas ce week-end \u00e0 Chalais \u00e0 partager non seulement ses \u0153uvres, son savoir-faire mais aussi l\u2019histoire et les traditions de son pays. \u00ab\u00a0Ces \u00e9changes contribuent \u00e0 un enrichissement mutuel, tant pour moi que pour les spectateurs, g\u00e9n\u00e9rant un dialogue interculturel essentiel \u00e0 notre \u00e9poque\u00a0\u00bb t\u00e9moigne le bronzier.<\/p>\n","protected":false},"excerpt":{"rendered":"Abdoulaye Gandema, qui sera pr\u00e9sent \u00e0 Chalais le 9 et 10\u00a0ao\u00fbt pour une d\u00e9monstration au salon des m\u00e9tiers&hellip;\n","protected":false},"author":2,"featured_media":303144,"comment_status":"","ping_status":"","sticky":false,"template":"","format":"standard","meta":{"footnotes":""},"categories":[1358],"tags":[1348,1384,1385,1386,58,59,1011,27],"class_list":{"0":"post-303143","1":"post","2":"type-post","3":"status-publish","4":"format-standard","5":"has-post-thumbnail","7":"category-arts-et-design","8":"tag-arts","9":"tag-arts-and-design","10":"tag-arts-et-design","11":"tag-design","12":"tag-divertissement","13":"tag-entertainment","14":"tag-fr","15":"tag-france"},"share_on_mastodon":{"url":"https:\/\/pubeurope.com\/@fr\/114988422745986606","error":""},"_links":{"self":[{"href":"https:\/\/www.europesays.com\/fr\/wp-json\/wp\/v2\/posts\/303143","targetHints":{"allow":["GET"]}}],"collection":[{"href":"https:\/\/www.europesays.com\/fr\/wp-json\/wp\/v2\/posts"}],"about":[{"href":"https:\/\/www.europesays.com\/fr\/wp-json\/wp\/v2\/types\/post"}],"author":[{"embeddable":true,"href":"https:\/\/www.europesays.com\/fr\/wp-json\/wp\/v2\/users\/2"}],"replies":[{"embeddable":true,"href":"https:\/\/www.europesays.com\/fr\/wp-json\/wp\/v2\/comments?post=303143"}],"version-history":[{"count":0,"href":"https:\/\/www.europesays.com\/fr\/wp-json\/wp\/v2\/posts\/303143\/revisions"}],"wp:featuredmedia":[{"embeddable":true,"href":"https:\/\/www.europesays.com\/fr\/wp-json\/wp\/v2\/media\/303144"}],"wp:attachment":[{"href":"https:\/\/www.europesays.com\/fr\/wp-json\/wp\/v2\/media?parent=303143"}],"wp:term":[{"taxonomy":"category","embeddable":true,"href":"https:\/\/www.europesays.com\/fr\/wp-json\/wp\/v2\/categories?post=303143"},{"taxonomy":"post_tag","embeddable":true,"href":"https:\/\/www.europesays.com\/fr\/wp-json\/wp\/v2\/tags?post=303143"}],"curies":[{"name":"wp","href":"https:\/\/api.w.org\/{rel}","templated":true}]}}