{"id":303149,"date":"2025-08-07T16:29:10","date_gmt":"2025-08-07T16:29:10","guid":{"rendered":"https:\/\/www.europesays.com\/fr\/303149\/"},"modified":"2025-08-07T16:29:10","modified_gmt":"2025-08-07T16:29:10","slug":"il-me-donne-de-la-force-anne-sophie-reve-de-rencontrer-kendji-girac-a-confolens-et-lance-un-appel-via-cl","status":"publish","type":"post","link":"https:\/\/www.europesays.com\/fr\/303149\/","title":{"rendered":"\u00ab\u00a0Il me donne de la force\u00a0\u00bb\u00a0: Anne-Sophie r\u00eave de rencontrer Kendji Girac \u00e0 Confolens et lance un appel via CL"},"content":{"rendered":"<p>Et ce n\u2019est pas facile pour elle d\u2019\u00eatre pr\u00e9sente \u00e0 chaque fois\u00a0: Anne-Sophie Gagnet est en situation de handicap, elle est atteinte d\u2019algodystrophie, combin\u00e9e \u00e0 une arthrose g\u00e9n\u00e9ralis\u00e9e. Une maladie tr\u00e8s invalidante.<\/p>\n<blockquote><p>\u00ab\u00a0Il est mon inspiration, je l\u2019\u00e9coute chaque jour\u00a0\u00bb<\/p><\/blockquote>\n<p>La Deux-s\u00e9vrienne a d\u00e9cid\u00e9 de passer par Charente Libre pour transmettre son message. Un courrier sinc\u00e8re, sans exc\u00e8s, des mots simples, beaucoup d\u2019humilit\u00e9. La quinquag\u00e9naire lance un appel \u00e0 son artiste pr\u00e9f\u00e9r\u00e9, \u00e0 sa production, \u00e0 son manager, \u00e0 son entourage\u00a0: \u00ab\u00a0J\u2019aimerais beaucoup le rencontrer pendant le festival.<\/p>\n<p>Partager un moment, \u00ab\u00a0m\u00eame bref\u00a0\u00bb, pour lui dire qu\u2019il \u00ab\u00a0me donne de la force, du courage, du sourire aussi. Il est mon inspiration, je l\u2019\u00e9coute chaque jour.\u00a0\u00bb Elle aimerait aussi, \u00e0 cette occasion, lui offrir un cadeau\u00a0: un tr\u00e8s beau portrait de lui, dessin\u00e9 par l\u2019un de ses proches. <\/p>\n<p>    La r\u00e9daction vous conseille<\/p>\n<p>\nSi Kendji Girac ou sa production est d\u2019accord pour r\u00e9aliser le r\u00eave d\u2019Anne-Sophie Gagnet, qu\u2019ils n\u2019h\u00e9sitent pas \u00e0 passer par Charente Libre (internet@charentelibre.fr), qui transmettra avec plaisir.<\/p>\n<p>Ce type de r\u00eave n\u2019est pas impossible \u00e0 r\u00e9aliser\u00a0: en septembre 2023, Lou, une petite Gonpontolvienne de 11\u00a0ans, atteinte de la maladie de Ladd, le syndrome lacrymo-auriculo-dento-digital, avait lanc\u00e9 un appel similaire, via Charente Libre. L\u2019enfant est fan de Soprano. Un appel entendu par l\u2019artiste, qui, en mars dernier, avait pris le temps de la rencontrer.<\/p>\n","protected":false},"excerpt":{"rendered":"Et ce n\u2019est pas facile pour elle d\u2019\u00eatre pr\u00e9sente \u00e0 chaque fois\u00a0: Anne-Sophie Gagnet est en situation de&hellip;\n","protected":false},"author":2,"featured_media":303150,"comment_status":"","ping_status":"","sticky":false,"template":"","format":"standard","meta":{"footnotes":""},"categories":[1355],"tags":[58,59,1011,27,1361,873],"class_list":{"0":"post-303149","1":"post","2":"type-post","3":"status-publish","4":"format-standard","5":"has-post-thumbnail","7":"category-musique","8":"tag-divertissement","9":"tag-entertainment","10":"tag-fr","11":"tag-france","12":"tag-music","13":"tag-musique"},"share_on_mastodon":{"url":"https:\/\/pubeurope.com\/@fr\/114988434822131966","error":""},"_links":{"self":[{"href":"https:\/\/www.europesays.com\/fr\/wp-json\/wp\/v2\/posts\/303149","targetHints":{"allow":["GET"]}}],"collection":[{"href":"https:\/\/www.europesays.com\/fr\/wp-json\/wp\/v2\/posts"}],"about":[{"href":"https:\/\/www.europesays.com\/fr\/wp-json\/wp\/v2\/types\/post"}],"author":[{"embeddable":true,"href":"https:\/\/www.europesays.com\/fr\/wp-json\/wp\/v2\/users\/2"}],"replies":[{"embeddable":true,"href":"https:\/\/www.europesays.com\/fr\/wp-json\/wp\/v2\/comments?post=303149"}],"version-history":[{"count":0,"href":"https:\/\/www.europesays.com\/fr\/wp-json\/wp\/v2\/posts\/303149\/revisions"}],"wp:featuredmedia":[{"embeddable":true,"href":"https:\/\/www.europesays.com\/fr\/wp-json\/wp\/v2\/media\/303150"}],"wp:attachment":[{"href":"https:\/\/www.europesays.com\/fr\/wp-json\/wp\/v2\/media?parent=303149"}],"wp:term":[{"taxonomy":"category","embeddable":true,"href":"https:\/\/www.europesays.com\/fr\/wp-json\/wp\/v2\/categories?post=303149"},{"taxonomy":"post_tag","embeddable":true,"href":"https:\/\/www.europesays.com\/fr\/wp-json\/wp\/v2\/tags?post=303149"}],"curies":[{"name":"wp","href":"https:\/\/api.w.org\/{rel}","templated":true}]}}