{"id":303158,"date":"2025-08-07T16:34:10","date_gmt":"2025-08-07T16:34:10","guid":{"rendered":"https:\/\/www.europesays.com\/fr\/303158\/"},"modified":"2025-08-07T16:34:10","modified_gmt":"2025-08-07T16:34:10","slug":"bon-plan-le-camescope-dji-pocket-2-4-etoiles-a-29500-e-20","status":"publish","type":"post","link":"https:\/\/www.europesays.com\/fr\/303158\/","title":{"rendered":"Bon plan \u2013 Le cam\u00e9scope DJI Pocket 2 \u00ab\u00a04 \u00e9toiles\u00a0\u00bb \u00e0 295,00\u00a0\u20ac (-20%)"},"content":{"rendered":"<p class=\"ed__a-p ed__bdy__l\">Apr\u00e8s une premi\u00e8re Pocket convaincante, DJI revient avec une nouvelle version de sa cam\u00e9ra int\u00e9gr\u00e9e dans une petite nacelle, cette fois dot\u00e9e d&rsquo;un plus grand capteur (64 m\u00e9gapixels).<\/p>\n<p>Points forts<\/p>\n<ul class=\"is--plus\">\n<li>Gabarit r\u00e9duit.<br \/>&#13;<\/li>\n<li>Ergonomie r\u00e9ussie. <br \/>&#13;<\/li>\n<li>Application compl\u00e8te.<br \/>&#13;<\/li>\n<li>Bonnes finitions.<br \/>&#13;<\/li>\n<li>\u00c9cosyst\u00e8me d&rsquo;accessoires complet.<br \/>&#13;<\/li>\n<li>Fonctions de suivi et de stabilisation efficaces.<\/li>\n<\/ul>\n<p>\nPoints faibles<\/p>\n<ul class=\"is--minus\">\n<li>Lissage marqu\u00e9 en Jpeg.<br \/>&#13;<\/li>\n<li>Qualit\u00e9 moindre en 4K UHD 60 i\/s.<br \/>&#13;<\/li>\n<li>Mode de suivi indisponible dans la qualit\u00e9 la plus \u00e9lev\u00e9e.<br \/>&#13;<\/li>\n<li>Batterie inamovible.<br \/>&#13;<\/li>\n<li>Pas \u00e9tanche.<\/li>\n<\/ul>\n<p>            Publicit\u00e9, votre contenu continue ci-dessous<\/p>\n<p>        Publicit\u00e9<\/p>\n<p class=\"ed__a-p ed__bdy__l\">\u00c9volution bien pens\u00e9e, la DJI Pocket 2 est un outil aussi polyvalent qu&rsquo;attrayant. Si nous \u00e9mettons quelques r\u00e9serves sur le traitement des fichiers Jpeg, nous sommes globalement tr\u00e8s satisfaits de cette mini nacelle. Son syst\u00e8me de stabilisation et son suivi autofocus fonctionnent admirablement bien et ils offrent une exp\u00e9rience agr\u00e9able. Sa compacit\u00e9 et sa bonne ergonomie en font un partenaire id\u00e9al pour ceux qui trouvaient que leurs s\u00e9quences r\u00e9alis\u00e9es au smartphone \u00e9taient m\u00e9diocres. La Pocket 2 pourra ainsi se glisser facilement dans bien des poches et sera capable de rendre de bons services au plus cr\u00e9atifs d&rsquo;entre nous.<\/p>\n<p class=\"ed__a-p ed__bdy__l\">NB : La baisse de prix rapport\u00e9e est calcul\u00e9e en comparant le prix le plus bas du jour avec la moyenne des prix les plus bas pratiqu\u00e9s par tous les marchands pour le produit le mois dernier, avec des r\u00e8gles de s\u00e9curit\u00e9 pour \u00e9carter les prix des boutiques dont la politique en mati\u00e8re de TVA n\u2019est pas claire (dites boutiques \u201cgrises\u201d, typiquement en cas d\u2019import de Chine).<\/p>\n<p>            Publicit\u00e9, votre contenu continue ci-dessous<\/p>\n<p>        Publicit\u00e9<\/p>\n","protected":false},"excerpt":{"rendered":"Apr\u00e8s une premi\u00e8re Pocket convaincante, DJI revient avec une nouvelle version de sa cam\u00e9ra int\u00e9gr\u00e9e dans une petite&hellip;\n","protected":false},"author":2,"featured_media":303159,"comment_status":"","ping_status":"","sticky":false,"template":"","format":"standard","meta":{"footnotes":""},"categories":[7],"tags":[1011,27,43,40,41,39,42,44],"class_list":{"0":"post-303158","1":"post","2":"type-post","3":"status-publish","4":"format-standard","5":"has-post-thumbnail","7":"category-sciences-et-technologies","8":"tag-fr","9":"tag-france","10":"tag-science","11":"tag-science-and-technology","12":"tag-sciences","13":"tag-sciences-et-technologies","14":"tag-technologies","15":"tag-technology"},"share_on_mastodon":{"url":"https:\/\/pubeurope.com\/@fr\/114988454051452121","error":""},"_links":{"self":[{"href":"https:\/\/www.europesays.com\/fr\/wp-json\/wp\/v2\/posts\/303158","targetHints":{"allow":["GET"]}}],"collection":[{"href":"https:\/\/www.europesays.com\/fr\/wp-json\/wp\/v2\/posts"}],"about":[{"href":"https:\/\/www.europesays.com\/fr\/wp-json\/wp\/v2\/types\/post"}],"author":[{"embeddable":true,"href":"https:\/\/www.europesays.com\/fr\/wp-json\/wp\/v2\/users\/2"}],"replies":[{"embeddable":true,"href":"https:\/\/www.europesays.com\/fr\/wp-json\/wp\/v2\/comments?post=303158"}],"version-history":[{"count":0,"href":"https:\/\/www.europesays.com\/fr\/wp-json\/wp\/v2\/posts\/303158\/revisions"}],"wp:featuredmedia":[{"embeddable":true,"href":"https:\/\/www.europesays.com\/fr\/wp-json\/wp\/v2\/media\/303159"}],"wp:attachment":[{"href":"https:\/\/www.europesays.com\/fr\/wp-json\/wp\/v2\/media?parent=303158"}],"wp:term":[{"taxonomy":"category","embeddable":true,"href":"https:\/\/www.europesays.com\/fr\/wp-json\/wp\/v2\/categories?post=303158"},{"taxonomy":"post_tag","embeddable":true,"href":"https:\/\/www.europesays.com\/fr\/wp-json\/wp\/v2\/tags?post=303158"}],"curies":[{"name":"wp","href":"https:\/\/api.w.org\/{rel}","templated":true}]}}