{"id":303160,"date":"2025-08-07T16:35:16","date_gmt":"2025-08-07T16:35:16","guid":{"rendered":"https:\/\/www.europesays.com\/fr\/303160\/"},"modified":"2025-08-07T16:35:16","modified_gmt":"2025-08-07T16:35:16","slug":"cadeau-en-or-24-carats-et-composants-diphone-made-in-kentucky-tim-cook-et-apple-font-la-cour-a-trump-a-la-maison-blanche-07-08-2025-a-1401","status":"publish","type":"post","link":"https:\/\/www.europesays.com\/fr\/303160\/","title":{"rendered":"Cadeau en or \u00ab\u00a024 carats\u00a0\u00bb et composants d&rsquo;iPhone Made In Kentucky : Tim Cook et Apple font la cour \u00e0 Trump \u00e0 la Maison Blanche &#8211; 07\/08\/2025 \u00e0 14:01"},"content":{"rendered":"<p> Le patron de la marque \u00e0 la pomme a annonc\u00e9 des investissements massifs aux Etats-Unis, \u00e0 la satisfaction du locataire de la Maison Blanche.<\/p>\n<p>        <img fetchpriority=\"high\" decoding=\"async\" src=\"https:\/\/www.europesays.com\/fr\/wp-content\/uploads\/2025\/08\/dbb5bcfcbad626d63ad85834c95bfa1e-760x507.jpg\" alt=\"Sous les yeux de Donald Trump, Tim Cook a assembl\u00e9 dans le Bureau ovale un cadeau fait d'un disque en verre tremp\u00e9 orn\u00e9 du logo d'Apple, pos\u00e9 sur un support en or 24 carats ( GETTY IMAGES NORTH AMERICA \/ WIN MCNAMEE )\" loading=\"eager\" width=\"760\" height=\"507\" style=\"max-width: 100%!important; height: auto;\"\/><\/p>\n<p class=\"c-image-news__legend\">Sous les yeux de Donald Trump, Tim Cook a assembl\u00e9 dans le Bureau ovale un cadeau fait d&rsquo;un disque en verre tremp\u00e9 orn\u00e9 du logo d&rsquo;Apple, pos\u00e9 sur un support en or 24 carats ( GETTY IMAGES NORTH AMERICA \/ WIN MCNAMEE )<\/p>\n<p>\n Le g\u00e9ant de la tech<br \/>\n <a href=\"https:\/\/www.boursorama.com\/cours\/AAPL\/\" rel=\"nofollow noopener\" target=\"_blank\"><br \/>\n  Apple<br \/>\n <\/a><br \/>\n a promis mercredi 100 milliards de dollars d&rsquo;investissements suppl\u00e9mentaires aux Etats-Unis lors d&rsquo;un \u00e9v\u00e9nement \u00e0 la Maison Blanche aux c\u00f4t\u00e9s du pr\u00e9sident am\u00e9ricain qui esp\u00e8re que des iPhone finiront par \u00eatre fabriqu\u00e9s dans le pays.\n<\/p>\n<p>\n \u00ab\u00a0Nous nous engageons \u00e0 100 milliards d&rsquo;investissements suppl\u00e9mentaires aux Etats-Unis, portant le total de nos investissements dans le pays \u00e0 600 milliards sur quatre ans\u00a0\u00bb, a d\u00e9clar\u00e9 le patron du groupe californien, Tim Cook, dans le  Bureau ovale.\n<\/p>\n<p>\n Il a aussi annonc\u00e9 le lancement d&rsquo;un programme visant \u00e0 fabriquer, aux Etats-Unis, des \u00ab\u00a0composants strat\u00e9giques pr\u00e9sents dans les produits Apple partout dans le monde\u00a0\u00bb.\n<\/p>\n<p>\n \u00ab\u00a0D\u00e9j\u00e0 cette ann\u00e9e, les industriels am\u00e9ricains sont en passe de fabriquer 19 milliards de puces pour Apple dans 24 usines r\u00e9parties dans douze Etats\u00a0\u00bb, a poursuivi Tim Cook, ajoutant que les investissements dans l&rsquo;intelligence artificielle (IA) seraient aussi accrus.<br \/>\n <strong><br \/>\n  \u00ab\u00a0Nous allons continuer \u00e0 investir ici en Am\u00e9rique. Nous allons continuer \u00e0 embaucher en Am\u00e9rique\u00a0\u00bb, a-t-il lanc\u00e9 devant Donald Trump.<br \/>\n <\/strong>\n<\/p>\n<p>\n Depuis son retour au pouvoir, le pr\u00e9sident am\u00e9ricain rel\u00e8ve significativement les droits de douane sur les produits entrant aux Etats-Unis, notamment pour pousser les industriels \u00e0 rester ou revenir aux Etats-Unis.\n<\/p>\n<p>\n Il a d&rsquo;ailleurs annonc\u00e9 lors du m\u00eame \u00e9v\u00e9nement qu&rsquo;il souhaitait mettre en place une surtaxe de 100% sur les puces et les semiconducteurs import\u00e9s, sans donner de date.\n<\/p>\n<p>\n \u00ab\u00a0Mais la bonne nouvelle pour des entreprises comme Apple, c&rsquo;est que si vous construisez (des usines) aux Etats-Unis ou vous \u00eates engag\u00e9s \u00e0 le faire, vous ne devrez pas payer\u00a0\u00bb, a-t-il poursuivi.\n<\/p>\n<p> \u00ab\u00a0Rameau d&rsquo;olivier\u00a0\u00bb<\/p>\n<p>\n Le chef de l&rsquo;Etat, confront\u00e9 \u00e0 un scepticisme croissant des Am\u00e9ricains sur l&rsquo;\u00e9conomie, a salu\u00e9 \u00ab\u00a0le plus grand investissement d&rsquo;Apple en Am\u00e9rique et dans le monde\u00a0\u00bb.\n<\/p>\n<p>\n \u00ab\u00a0C&rsquo;est une \u00e9tape importante vers l&rsquo;objectif ultime qui est de voir les iPhone vendus aux \u00c9tats-Unis d&rsquo;Am\u00e9rique, fabriqu\u00e9s en Am\u00e9rique\u00a0\u00bb, a estim\u00e9 Donald Trump.\n<\/p>\n<p>\n L&rsquo;annonce des investissements de la marque \u00e0 la pomme avait fuit\u00e9 \u00e0 l&rsquo;avance dans des m\u00e9dias, et \u00e9t\u00e9 confirm\u00e9e \u00e0 l&rsquo;AFP plus t\u00f4t dans la journ\u00e9e par un haut responsable de la Maison Blanche.\n<\/p>\n<p>\n Pour Nancy Tengler, directrice de la soci\u00e9t\u00e9 d&rsquo;investissements Laffer Tengler, l&rsquo;annonce s&rsquo;apparente \u00e0 un \u00ab\u00a0rameau d&rsquo;olivier\u00a0\u00bb tendu par le patron d&rsquo;Apple, apr\u00e8s que Donald Trump a abondamment critiqu\u00e9 sa production d&rsquo;iPhone hors des Etats-Unis.\n<\/p>\n<p>\n Comme un symbole, Tim Cook a offert \u00e0 Donald Trump, dans le Bureau ovale, une sculpture compos\u00e9e d&rsquo;un disque de verre \u00ab\u00a0du Kentucky\u00a0\u00bb et d&rsquo;un socle en or \u00ab\u00a024 carats\u00a0\u00bb fabriqu\u00e9 \u00ab\u00a0dans l&rsquo;Utah\u00a0\u00bb, a soulign\u00e9 le patron d&rsquo;Apple, assemblant le tout, mains tremblantes, sous le sourire triomphant du pr\u00e9sident.\n<\/p>\n<p>\n Apple a longtemps assembl\u00e9 l&rsquo;essentiel de ses iPhone chez des sous-traitants en Chine. Depuis 2018, face \u00e0 la mont\u00e9e des tensions commerciales entre les deux pays, la firme a progressivement d\u00e9plac\u00e9 une partie de sa production en Inde.\n<\/p>\n<p>\n D\u00e9but mai, Tim Cook avait dit s&rsquo;attendre \u00e0 ce que \u00ab\u00a0la majorit\u00e9 des iPhone vendus aux Etats-Unis\u00a0\u00bb pendant le trimestre en cours proviennent d&rsquo;Inde.\n<\/p>\n<p>\n Donald Trump avait alors menac\u00e9 d&rsquo;imposer \u00ab\u00a0au moins 25%\u00a0\u00bb de droits de douane \u00e0 Apple, si l&rsquo;entreprise ne rapatriait pas ses usines. \u00ab\u00a0Cook a r\u00e9ussi \u00e0 naviguer dans ces eaux troubles in\u00e9dites, prouvant qu&rsquo;il est 10% homme politique et 90% PDG\u00a0\u00bb, a comment\u00e9 mercredi Dan Ives, analyste chez Wedbush.\n<\/p>\n<p> Co\u00fbt de la vie<\/p>\n<p>\n \u00ab\u00a0Il va mettre \u00e0 profit ses solides relations internationales pour assurer des temps plus paisibles \u00e0 Cupertino, malgr\u00e9 les inqui\u00e9tudes sur la croissance d&rsquo;Apple alors que Trump s&rsquo;engage \u00e0 nouveau sur la voie de +l&rsquo;Am\u00e9rique d&rsquo;abord+ et des hausses de droits de douane\u00a0\u00bb, a-t-il ajout\u00e9.\n<\/p>\n<p>\n Le pr\u00e9sident am\u00e9ricain mise sur le protectionnisme pour r\u00e9industrialiser les Etats-Unis.  Mais les chiffres pharaoniques d&rsquo;investissement qu&rsquo;il met en avant &#8211; il a par exemple \u00e9voqu\u00e9 un montant total de 10.000 milliards de dollars &#8211; sont selon les experts difficilement v\u00e9rifiables, car ils m\u00ealent des projets d&rsquo;investissements concrets, des annonces datant d&rsquo;avant son retour au pouvoir, et des promesses \u00e0 long terme plus ou moins vagues.\n<\/p>\n<p>\n Un sondage Morning Consult\/The Century Foundation publi\u00e9 le 31 juillet montre que 83% des Am\u00e9ricains sont pr\u00e9occup\u00e9s par le prix de l&rsquo;alimentation, et que 48% d&rsquo;entre eux peineraient \u00e0 faire face \u00e0 une d\u00e9pense impr\u00e9vue de 500 dollars. Dans la m\u00eame enqu\u00eate d&rsquo;opinion, 61% des personnes interrog\u00e9es jugent que les d\u00e9cisions de Donald Trump ont eu un impact n\u00e9gatif sur le co\u00fbt de la vie, et 76% s&rsquo;inqui\u00e8tent d&rsquo;une possible r\u00e9cession.<\/p>\n","protected":false},"excerpt":{"rendered":"Le patron de la marque \u00e0 la pomme a annonc\u00e9 des investissements massifs aux Etats-Unis, \u00e0 la satisfaction&hellip;\n","protected":false},"author":2,"featured_media":303161,"comment_status":"","ping_status":"","sticky":false,"template":"","format":"standard","meta":{"footnotes":""},"categories":[6],"tags":[400,398,408,35,405,33,34,1011,27,403,402,399,404,401,406,407],"class_list":{"0":"post-303160","1":"post","2":"type-post","3":"status-publish","4":"format-standard","5":"has-post-thumbnail","7":"category-economie","8":"tag-action-cac-40","9":"tag-bourse-de-paris","10":"tag-boursorama","11":"tag-business","12":"tag-cotations","13":"tag-economie","14":"tag-economy","15":"tag-fr","16":"tag-france","17":"tag-indices-devises","18":"tag-investir","19":"tag-investissement","20":"tag-marche-boursier","21":"tag-sicav","22":"tag-trackers","23":"tag-warrants"},"share_on_mastodon":{"url":"https:\/\/pubeurope.com\/@fr\/114988458055474402","error":""},"_links":{"self":[{"href":"https:\/\/www.europesays.com\/fr\/wp-json\/wp\/v2\/posts\/303160","targetHints":{"allow":["GET"]}}],"collection":[{"href":"https:\/\/www.europesays.com\/fr\/wp-json\/wp\/v2\/posts"}],"about":[{"href":"https:\/\/www.europesays.com\/fr\/wp-json\/wp\/v2\/types\/post"}],"author":[{"embeddable":true,"href":"https:\/\/www.europesays.com\/fr\/wp-json\/wp\/v2\/users\/2"}],"replies":[{"embeddable":true,"href":"https:\/\/www.europesays.com\/fr\/wp-json\/wp\/v2\/comments?post=303160"}],"version-history":[{"count":0,"href":"https:\/\/www.europesays.com\/fr\/wp-json\/wp\/v2\/posts\/303160\/revisions"}],"wp:featuredmedia":[{"embeddable":true,"href":"https:\/\/www.europesays.com\/fr\/wp-json\/wp\/v2\/media\/303161"}],"wp:attachment":[{"href":"https:\/\/www.europesays.com\/fr\/wp-json\/wp\/v2\/media?parent=303160"}],"wp:term":[{"taxonomy":"category","embeddable":true,"href":"https:\/\/www.europesays.com\/fr\/wp-json\/wp\/v2\/categories?post=303160"},{"taxonomy":"post_tag","embeddable":true,"href":"https:\/\/www.europesays.com\/fr\/wp-json\/wp\/v2\/tags?post=303160"}],"curies":[{"name":"wp","href":"https:\/\/api.w.org\/{rel}","templated":true}]}}