{"id":303162,"date":"2025-08-07T16:36:12","date_gmt":"2025-08-07T16:36:12","guid":{"rendered":"https:\/\/www.europesays.com\/fr\/303162\/"},"modified":"2025-08-07T16:36:12","modified_gmt":"2025-08-07T16:36:12","slug":"benyamin-netanyahou-annonce-vouloir-prendre-le-controle-de-toute-lenclave","status":"publish","type":"post","link":"https:\/\/www.europesays.com\/fr\/303162\/","title":{"rendered":"Benyamin Netanyahou annonce vouloir prendre le contr\u00f4le de toute l\u2019enclave"},"content":{"rendered":"<p>Le premier ministre isra\u00e9lien a toutefois assur\u00e9 jeudi sur Fox News que l\u2019\u00c9tat h\u00e9breu ne souhaitait pas \u00abgouverner\u00bb la bande de Gaza.<\/p>\n<p class=\"fig-paragraph\">Le premier ministre isra\u00e9lien\u00a0<a href=\"https:\/\/www.lefigaro.fr\/tag\/benyamin-netanyahou\" target=\"_blank\" rel=\"sponsored noopener\" data-gtm-custom-categorie=\"navigation\" data-gtm-custom-action=\"crossclick\" data-gtm-custom-label=\"Contextuel\" data-gtm-event=\"customEventSPE\">Benyamin Netanyahou<\/a>\u00a0a d\u00e9clar\u00e9 jeudi 7 ao\u00fbt qu\u2019Isra\u00ebl avait l\u2019intention de prendre le contr\u00f4le militaire de toute la bande de Gaza. \u00abNous avons l\u2019intention de le faire\u00bb, a d\u00e9clar\u00e9 Benyamin Netanyahou dans une interview accord\u00e9e \u00e0 Fox News, lorsqu\u2019on lui a demand\u00e9 si\u00a0<a href=\"https:\/\/www.lefigaro.fr\/tag\/israel\" target=\"_blank\" rel=\"sponsored noopener\" data-gtm-custom-categorie=\"navigation\" data-gtm-custom-action=\"crossclick\" data-gtm-custom-label=\"Contextuel\" data-gtm-event=\"customEventSPE\">Isra\u00ebl\u00a0<\/a>allait prendre le contr\u00f4le de toute la bande. \u00abNous ne voulons pas la garder (&#8230;) Nous ne voulons pas la gouverner\u00bb, a-t-il pr\u00e9cis\u00e9.<\/p>\n<p class=\"fig-paragraph\">\u00abNous ne voulons pas garder (Gaza). Nous voulons mettre en place un p\u00e9rim\u00e8tre de s\u00e9curit\u00e9, mais ne voulons pas la gouverner\u00bb, a toutefois ajout\u00e9 Benyamin Netanyahou. \u00abNous voulons passer le relais \u00e0 des forces arabes qui gouverneront correctement sans nous menacer et en offrant une vie agr\u00e9able aux habitants de Gaza. Cela n\u2019est pas possible avec le Hamas\u00bb, a-t-il continu\u00e9.<\/p>\n<p>                                    <a class=\"fig-a11y-skip a11y-hidden\" href=\"#fig-a11y-skip-main-inarticle\"><br \/>\n        Passer la publicit\u00e9<br \/>\n    <\/a><\/p>\n<p><strong>75 % de la bande de Gaza d\u00e9j\u00e0 occup\u00e9e par Isra\u00ebl\u00a0<\/strong><\/p>\n<p class=\"fig-paragraph\">Cette interview a \u00e9t\u00e9 diffus\u00e9e sur Fox News avant que le premier ministre isra\u00e9lien ne r\u00e9unisse jeudi son cabinet de s\u00e9curit\u00e9 pour d\u00e9cider des suites de la guerre dans le territoire palestinien, o\u00f9 l\u2019extension attendue des op\u00e9rations militaires suscite les cris d\u2019alarme des familles d\u2019otages et les r\u00e9serves du chef d\u2019\u00e9tat-major de l\u2019arm\u00e9e.<\/p>\n<p class=\"fig-paragraph\">L\u2019arm\u00e9e isra\u00e9lienne occupe ou op\u00e8re actuellement au sol dans pr\u00e8s de 75% de la bande de Gaza, principalement depuis ses positions permanentes dans le territoire le long de la fronti\u00e8re. Elle bombarde partout o\u00f9 elle le juge n\u00e9cessaire.<\/p>\n<p class=\"fig-paragraph\">Pour sa part, la D\u00e9fense civile de Gaza a fait \u00e9tat jeudi de la mort de 35 personnes tu\u00e9es par des frappes ou des tirs isra\u00e9liens.<\/p>\n","protected":false},"excerpt":{"rendered":"Le premier ministre isra\u00e9lien a toutefois assur\u00e9 jeudi sur Fox News que l\u2019\u00c9tat h\u00e9breu ne souhaitait pas \u00abgouverner\u00bb&hellip;\n","protected":false},"author":2,"featured_media":303163,"comment_status":"","ping_status":"","sticky":false,"template":"","format":"standard","meta":{"footnotes":""},"categories":[5],"tags":[11,952,1011,27,14,664,12,3518,28],"class_list":{"0":"post-303162","1":"post","2":"type-post","3":"status-publish","4":"format-standard","5":"has-post-thumbnail","7":"category-international","8":"tag-actualites","9":"tag-benyamin-netanyahou","10":"tag-fr","11":"tag-france","12":"tag-international","13":"tag-israel","14":"tag-news","15":"tag-palestine","16":"tag-world"},"share_on_mastodon":{"url":"https:\/\/pubeurope.com\/@fr\/114988461928402962","error":""},"_links":{"self":[{"href":"https:\/\/www.europesays.com\/fr\/wp-json\/wp\/v2\/posts\/303162","targetHints":{"allow":["GET"]}}],"collection":[{"href":"https:\/\/www.europesays.com\/fr\/wp-json\/wp\/v2\/posts"}],"about":[{"href":"https:\/\/www.europesays.com\/fr\/wp-json\/wp\/v2\/types\/post"}],"author":[{"embeddable":true,"href":"https:\/\/www.europesays.com\/fr\/wp-json\/wp\/v2\/users\/2"}],"replies":[{"embeddable":true,"href":"https:\/\/www.europesays.com\/fr\/wp-json\/wp\/v2\/comments?post=303162"}],"version-history":[{"count":0,"href":"https:\/\/www.europesays.com\/fr\/wp-json\/wp\/v2\/posts\/303162\/revisions"}],"wp:featuredmedia":[{"embeddable":true,"href":"https:\/\/www.europesays.com\/fr\/wp-json\/wp\/v2\/media\/303163"}],"wp:attachment":[{"href":"https:\/\/www.europesays.com\/fr\/wp-json\/wp\/v2\/media?parent=303162"}],"wp:term":[{"taxonomy":"category","embeddable":true,"href":"https:\/\/www.europesays.com\/fr\/wp-json\/wp\/v2\/categories?post=303162"},{"taxonomy":"post_tag","embeddable":true,"href":"https:\/\/www.europesays.com\/fr\/wp-json\/wp\/v2\/tags?post=303162"}],"curies":[{"name":"wp","href":"https:\/\/api.w.org\/{rel}","templated":true}]}}