{"id":303164,"date":"2025-08-07T16:37:12","date_gmt":"2025-08-07T16:37:12","guid":{"rendered":"https:\/\/www.europesays.com\/fr\/303164\/"},"modified":"2025-08-07T16:37:12","modified_gmt":"2025-08-07T16:37:12","slug":"on-connait-les-motivations-du-suspect","status":"publish","type":"post","link":"https:\/\/www.europesays.com\/fr\/303164\/","title":{"rendered":"on conna\u00eet les motivations du suspect"},"content":{"rendered":"<p>            Par<br \/>\n        <strong><br \/>\n            <a href=\"https:\/\/actu.fr\/auteur\/nicolas-zaugra\" title=\"Consulter tous les articles de Nicolas Zaugra\" target=\"_blank\" rel=\"noopener\">Nicolas Zaugra<\/a><br \/>\n        <\/strong><\/p>\n<p>        Publi\u00e9 le<\/p>\n<p>            7 ao\u00fbt 2025 \u00e0 15h43        <\/p>\n<p>L\u2019<a href=\"https:\/\/actu.fr\/auvergne-rhone-alpes\/villeneuve-de-marc_38555\/pres-de-lyon-un-maire-d-une-commune-de-l-isere-en-urgence-absolue-apres-une-violente-agression_63007485.html\" target=\"_blank\" rel=\"noopener\">agression du maire de Villeneuve-de-Marc<\/a> en <a href=\"https:\/\/actu.fr\/auvergne-rhone-alpes\/isere_38\" target=\"_blank\" rel=\"noopener\">Is\u00e8re<\/a> a provoqu\u00e9 une onde de choc bien au-del\u00e0 du d\u00e9partement. Le sexag\u00e9naire \u00e0 la t\u00eate de cette commune de moins de 1 200 habitants a \u00e9t\u00e9 poignard\u00e9 \u00e0 plusieurs reprises \u00e0 l\u2019arme blanche en pleine rue par un habitant du village, mercredi 6 ao\u00fbt vers 17h.\u00a0<\/p>\n<p class=\" wall-content\">Gilles Dussault, 63 ans, a \u00e9t\u00e9 agress\u00e9 devant son domicile avec son fils de 28 ans \u00e9galement pr\u00e9sent sur les lieux. Il \u00ab\u00a0pr\u00e9sente trois plaies dont deux au thorax et une plaie d\u00e9fensive\u00a0\u00bb caus\u00e9es par une arme blanche.<\/p>\n<p>Le maire bient\u00f4t entendu par les enqu\u00eateurs<\/p>\n<p class=\" wall-content\">Son pronostic vital n\u2019est plus engag\u00e9 ce jeudi. Le maire se porte mieux, en \u00e9tant hospitalis\u00e9 \u00e0 l\u2019h\u00f4pital \u00c9douard-Herriot de <a href=\"https:\/\/actu.fr\/auvergne-rhone-alpes\/lyon_69123\" target=\"_blank\" rel=\"noopener\">Lyon<\/a>, et \u00ab\u00a0pourra \u00eatre entendu rapidement par les enqu\u00eateurs\u00a0\u00bb selon le parquet de Vienne.<\/p>\n<p class=\" wall-content\">L\u2019enqu\u00eate ouverte pour \u00ab\u00a0<strong>tentative de meurtre<\/strong> sur personne d\u00e9positaire de l\u2019autorit\u00e9 publique\u00a0\u00bb avance et le parquet a donn\u00e9 de nouveaux \u00e9l\u00e9ments pour expliquer les motivations de l\u2019agresseur.<\/p>\n<p>Un conflit d\u2019urbanisme \u00e0 l\u2019origine de l\u2019agression<\/p>\n<p class=\" wall-content\">Selon les premiers \u00e9l\u00e9ments de l\u2019enqu\u00eate, \u00ab\u00a0un litige opposait depuis plusieurs mois l\u2019agresseur \u00e0 la municipalit\u00e9 pour <strong>des questions d\u2019urbanisme et de travaux<\/strong> r\u00e9alis\u00e9s par celui-ci sans autorisation\u00a0\u00bb, indique le parquet.<\/p>\n<p class=\" wall-content\">\u00ab\u00a0Mon ami Gilles Dussault a \u00e9t\u00e9 agress\u00e9 alors qu\u2019il souhaitait voir son agresseur, qui avait contrevenu en b\u00e2tissant un mur non autoris\u00e9\u00a0\u00bb, a aussi indiqu\u00e9 le ministre de la Sant\u00e9 et de l\u2019acc\u00e8s aux soins et anciennement d\u00e9put\u00e9 de la 7e circonscription de l\u2019Is\u00e8re, Yannick Neuder, sur <a href=\"https:\/\/www.tf1.fr\/tf1\/bonjour-la-matinale-tf1\/videos\/en-toute-franchise-yannick-neuder-82716496.html\" target=\"_blank\" rel=\"noopener\">TF1<\/a>.<\/p>\n<p>Un mandat de recherche lanc\u00e9<\/p>\n<p class=\" wall-content\">L\u2019auteur pr\u00e9sum\u00e9 de l\u2019agression est <strong>toujours en fuite<\/strong> ce jeudi. \u00ab\u00a0Le parquet de Vienne a lanc\u00e9 un mandat de recherche\u00a0\u00bb et \u00ab\u00a0tous les moyens d\u2019investigations sont mis en \u0153uvre\u00a0\u00bb pour l\u2019interpeller, pr\u00e9cise dans un communiqu\u00e9 la vice procureure de la R\u00e9publique, V\u00e9ronique Stasio.<\/p>\n<p class=\" wall-content\">Une enqu\u00eate pour \u00ab\u00a0violences aggrav\u00e9es\u00a0\u00bb \u00e0 l\u2019encontre du fils du maire, hospitalis\u00e9 \u00e0 Vienne, a \u00e9galement \u00e9t\u00e9 ouverte.<\/p>\n<p class=\" wall-content\"><strong>Avec AFP<\/strong><\/p>\n<p class=\" wall-content\">Suivez toute l\u2019actualit\u00e9 de vos villes et m\u00e9dias favoris en vous inscrivant \u00e0 <a href=\"https:\/\/moncompte.actu.fr\" title=\"D\u00e9couvez Mon Actu\" rel=\"nofollow noopener\" data-trk=\"{&quot;cta&quot;:{&quot;action&quot;:&quot;https:\\\/\\\/moncompte.actu.fr&quot;,&quot;category&quot;:&quot;mon compte&quot;,&quot;from&quot;:&quot;article footer&quot;,&quot;name&quot;:&quot;Mon actu&quot;,&quot;type&quot;:&quot;cta&quot;}}\" target=\"_blank\">Mon Actu<\/a>.<\/p>\n<ul class=\"ac-article-tag wall-content\">\n<li><a href=\"https:\/\/actu.fr\/tag\/police\" data-trk=\"{&quot;cta&quot;:{&quot;action&quot;:&quot;Police&quot;,&quot;category&quot;:&quot;tag&quot;,&quot;from&quot;:&quot;article footer&quot;,&quot;name&quot;:&quot;Police&quot;,&quot;type&quot;:&quot;cta&quot;}}\" target=\"_blank\" rel=\"noopener\">#Police<\/a><\/li>\n<li><a href=\"https:\/\/actu.fr\/tag\/violences-contre-les-elus\" data-trk=\"{&quot;cta&quot;:{&quot;action&quot;:&quot;Violences contre les \\u00e9lus&quot;,&quot;category&quot;:&quot;tag&quot;,&quot;from&quot;:&quot;article footer&quot;,&quot;name&quot;:&quot;Violences contre les \\u00e9lus&quot;,&quot;type&quot;:&quot;cta&quot;}}\" target=\"_blank\" rel=\"noopener\">#Violences contre les \u00e9lus<\/a><\/li>\n<\/ul>\n","protected":false},"excerpt":{"rendered":"Par Nicolas Zaugra Publi\u00e9 le 7 ao\u00fbt 2025 \u00e0 15h43 L\u2019agression du maire de Villeneuve-de-Marc en Is\u00e8re a&hellip;\n","protected":false},"author":2,"featured_media":303165,"comment_status":"","ping_status":"","sticky":false,"template":"","format":"standard","meta":{"footnotes":""},"categories":[4],"tags":[11,118,1011,27,12,1072,25,9547],"class_list":{"0":"post-303164","1":"post","2":"type-post","3":"status-publish","4":"format-standard","5":"has-post-thumbnail","7":"category-france","8":"tag-actualites","9":"tag-faits-divers","10":"tag-fr","11":"tag-france","12":"tag-news","13":"tag-police","14":"tag-republique-francaise","15":"tag-violences-contre-les-elus"},"share_on_mastodon":{"url":"https:\/\/pubeurope.com\/@fr\/114988465850275108","error":""},"_links":{"self":[{"href":"https:\/\/www.europesays.com\/fr\/wp-json\/wp\/v2\/posts\/303164","targetHints":{"allow":["GET"]}}],"collection":[{"href":"https:\/\/www.europesays.com\/fr\/wp-json\/wp\/v2\/posts"}],"about":[{"href":"https:\/\/www.europesays.com\/fr\/wp-json\/wp\/v2\/types\/post"}],"author":[{"embeddable":true,"href":"https:\/\/www.europesays.com\/fr\/wp-json\/wp\/v2\/users\/2"}],"replies":[{"embeddable":true,"href":"https:\/\/www.europesays.com\/fr\/wp-json\/wp\/v2\/comments?post=303164"}],"version-history":[{"count":0,"href":"https:\/\/www.europesays.com\/fr\/wp-json\/wp\/v2\/posts\/303164\/revisions"}],"wp:featuredmedia":[{"embeddable":true,"href":"https:\/\/www.europesays.com\/fr\/wp-json\/wp\/v2\/media\/303165"}],"wp:attachment":[{"href":"https:\/\/www.europesays.com\/fr\/wp-json\/wp\/v2\/media?parent=303164"}],"wp:term":[{"taxonomy":"category","embeddable":true,"href":"https:\/\/www.europesays.com\/fr\/wp-json\/wp\/v2\/categories?post=303164"},{"taxonomy":"post_tag","embeddable":true,"href":"https:\/\/www.europesays.com\/fr\/wp-json\/wp\/v2\/tags?post=303164"}],"curies":[{"name":"wp","href":"https:\/\/api.w.org\/{rel}","templated":true}]}}