{"id":303172,"date":"2025-08-07T16:42:13","date_gmt":"2025-08-07T16:42:13","guid":{"rendered":"https:\/\/www.europesays.com\/fr\/303172\/"},"modified":"2025-08-07T16:42:13","modified_gmt":"2025-08-07T16:42:13","slug":"quentin-thomas-nancy-et-louis-merdens-toul-emmagasinent-de-lexperience","status":"publish","type":"post","link":"https:\/\/www.europesays.com\/fr\/303172\/","title":{"rendered":"Quentin Thomas (Nancy) et Louis Merdens (Toul) emmagasinent de l\u2019exp\u00e9rience"},"content":{"rendered":"<p>Les Mondiaux U19 ont lieu en ce moment en Lituanie, \u00e0 Trakai. Quentin Thomas, pensionnaire de Nancy, a ouvert le bal en deux de couple associ\u00e9 \u00e0 Maxence Imard (S\u00e9vrier ASLA). Arriv\u00e9s troisi\u00e8mes de leur s\u00e9rie ce mercredi en 6\u201953\u2019\u201902, les deux Fran\u00e7ais n\u2019ont pu pr\u00e9tendre \u00e0 une demi-finale et participeront \u00e0 la finale C, ce vendredi (9h54 heure fran\u00e7aise).<\/p>\n<p>Ce contenu est bloqu\u00e9 car vous n&rsquo;avez pas accept\u00e9 les cookies et autres traceurs.<\/p>\n<p>En cliquant sur \u00ab J\u2019accepte \u00bb, les cookies et autres traceurs seront d\u00e9pos\u00e9s et vous pourrez visualiser les contenus  (<a href=\"\" class=\"consentModule_policy\" target=\"_blank\" title=\"Consulter la politique de protection des donn\u00e9es du fournisseur\">plus d&rsquo;informations<\/a>).<\/p>\n<p>En cliquant sur \u00ab J\u2019accepte tous les cookies \u00bb, vous autorisez des d\u00e9p\u00f4ts de cookies et autres traceurs pour le stockage de vos donn\u00e9es sur nos sites et applications \u00e0 des fins de personnalisation et de ciblage publicitaire.<\/p>\n<p class=\"consentModule_secondaryText\">Vous gardez la possibilit\u00e9 de retirer votre consentement \u00e0 tout moment en consultant notre <a href=\"https:\/\/www.estrepublicain.fr\/protection-des-donnees\" target=\"_blank\" title=\"Consulter notre politique de protection des donn\u00e9es\" rel=\"noopener\">politique de protection des donn\u00e9es<\/a>. <br \/>&#13;<br \/>\n            <a href=\"https:\/\/www.estrepublicain.fr\/sport\/2025\/08\/07\/javascript:Didomi.notice.show()\" class=\"consentModule_cmp\" target=\"_blank\" rel=\"noopener\">G\u00e9rer mes choix<\/a>&#13;\n        <\/p>\n<p>&#13;<br \/>\n                        J&rsquo;accepte&#13;<br \/>\n            J&rsquo;accepte tous les cookies&#13;\n        <\/p>\n<p>De son c\u00f4t\u00e9, Louis Merdens, de Toul US, \u00e9tait en quatre de couple ce jeudi aux c\u00f4t\u00e9s notamment de Jordan Godde (Cannes-Mandelieu RC), Jules Beziat (Soustons AC) et Mael Khaloua (Joinville AMJ). Les Tricolores ont d\u00e9croch\u00e9 une quatri\u00e8me place en 6\u201913\u2019\u201962 et participeront \u00e0 la demi-finale 2, ce samedi, \u00e0 14h04 avec la Pologne, l\u2019Italie, la Slov\u00e9nie, la Belgique et l\u2019Australie. De quoi emmagasiner encore un peu d\u2019exp\u00e9rience durant ces Mondiaux.<\/p>\n","protected":false},"excerpt":{"rendered":"Les Mondiaux U19 ont lieu en ce moment en Lituanie, \u00e0 Trakai. Quentin Thomas, pensionnaire de Nancy, a&hellip;\n","protected":false},"author":2,"featured_media":303173,"comment_status":"","ping_status":"","sticky":false,"template":"","format":"standard","meta":{"footnotes":""},"categories":[9635],"tags":[1111,11,3810,1704,1777,674,1011,27,775,1702,1703,12,25,517,1700,15103],"class_list":{"0":"post-303172","1":"post","2":"type-post","3":"status-publish","4":"format-standard","5":"has-post-thumbnail","7":"category-nancy","8":"tag-actu","9":"tag-actualites","10":"tag-aviron","11":"tag-edition-nancy-et-agglomeration","12":"tag-eu","13":"tag-europe","14":"tag-fr","15":"tag-france","16":"tag-grand-est","17":"tag-nancy","18":"tag-nancy-ville-54b","19":"tag-news","20":"tag-republique-francaise","21":"tag-sport","22":"tag-sport-lorrain","23":"tag-sports-nautiques"},"share_on_mastodon":{"url":"https:\/\/pubeurope.com\/@fr\/114988485553841260","error":""},"_links":{"self":[{"href":"https:\/\/www.europesays.com\/fr\/wp-json\/wp\/v2\/posts\/303172","targetHints":{"allow":["GET"]}}],"collection":[{"href":"https:\/\/www.europesays.com\/fr\/wp-json\/wp\/v2\/posts"}],"about":[{"href":"https:\/\/www.europesays.com\/fr\/wp-json\/wp\/v2\/types\/post"}],"author":[{"embeddable":true,"href":"https:\/\/www.europesays.com\/fr\/wp-json\/wp\/v2\/users\/2"}],"replies":[{"embeddable":true,"href":"https:\/\/www.europesays.com\/fr\/wp-json\/wp\/v2\/comments?post=303172"}],"version-history":[{"count":0,"href":"https:\/\/www.europesays.com\/fr\/wp-json\/wp\/v2\/posts\/303172\/revisions"}],"wp:featuredmedia":[{"embeddable":true,"href":"https:\/\/www.europesays.com\/fr\/wp-json\/wp\/v2\/media\/303173"}],"wp:attachment":[{"href":"https:\/\/www.europesays.com\/fr\/wp-json\/wp\/v2\/media?parent=303172"}],"wp:term":[{"taxonomy":"category","embeddable":true,"href":"https:\/\/www.europesays.com\/fr\/wp-json\/wp\/v2\/categories?post=303172"},{"taxonomy":"post_tag","embeddable":true,"href":"https:\/\/www.europesays.com\/fr\/wp-json\/wp\/v2\/tags?post=303172"}],"curies":[{"name":"wp","href":"https:\/\/api.w.org\/{rel}","templated":true}]}}