{"id":303174,"date":"2025-08-07T16:43:15","date_gmt":"2025-08-07T16:43:15","guid":{"rendered":"https:\/\/www.europesays.com\/fr\/303174\/"},"modified":"2025-08-07T16:43:15","modified_gmt":"2025-08-07T16:43:15","slug":"un-sentier-mythique-rouvre-sur-la-cote-dazur","status":"publish","type":"post","link":"https:\/\/www.europesays.com\/fr\/303174\/","title":{"rendered":"un sentier mythique rouvre sur la C\u00f4te d\u2019Azur !"},"content":{"rendered":"<p><strong>\u00c0 Toulon, le sentier entre les plages du Mourillon et l\u2019anse Magaud \u00e9tait ferm\u00e9 depuis 2008. Le 21 juillet dernier, sa r\u00e9ouverture fut c\u00e9l\u00e9br\u00e9e en grande pompe. Il faut dire que cette balade bucolique en bord de mer a quelque chose d\u2019unique.<\/strong><\/p>\n<p>Un \u00e9boulement aux lourdes cons\u00e9quences pour les Toulonnais et les vacanciers. <\/p>\n<p>En 2008, un glissement de terrain de la r\u00e9sidence du Cap Brun, au-dessus du sentier des douaniers, entre les plages du Mourillon et l\u2019anse Magaud, provoque l\u2019effondrement d\u2019un pan du mur en pierre. Il est alors d\u00e9cid\u00e9 de fermer le chemin, jusqu\u2019\u00e0 la r\u00e9alisation de travaux.<\/p>\n<p>Mais toute cette histoire mettra 17 ans \u00e0 se r\u00e9gler, compliqu\u00e9e par l\u2019obligation de convenir \u00e0 un partenariat public-priv\u00e9 afin d\u2019effectuer les r\u00e9parations n\u00e9cessaires. Des \u00e9tudes sont r\u00e9alis\u00e9es d\u00e8s 2009, le chantier ne commence qu\u2019en 2023.<\/p>\n<p>1,5 million d\u2019euros de travaux<\/p>\n<p>C\u2019est d\u2019abord la famille Rod\u00e9, propri\u00e9taire d\u2019une prestigieuse b\u00e2tisse, qui a lanc\u00e9 la r\u00e9novation (pour un million d\u2019euros), puis, la M\u00e9tropole Toulon Provence M\u00e9diterran\u00e9e lui a embo\u00eet\u00e9 le pas en 2024, \u00e0 hauteur de\u00a0502.000 euros. On y installe des doubles gardes-corps, on y ajoute trois passerelles, et voil\u00e0 cette partie de la route, longue de 200 m\u00e8tres, de nouveau accessible.<\/p>\n<p>Inaugur\u00e9 le 21 juillet dernier, le tron\u00e7on laisse de nouveau le loisir aux promeneurs d\u2019apercevoir <a href=\"https:\/\/nicepresse.com\/provence-alpes-cote-dazur-immense-phare-sentiers-proteges-plein-zoom-sur-ces-trois-caps-du-var-des-joyaux-naturels-classes\/\" rel=\"nofollow noopener\" target=\"_blank\">les superbes paysages<\/a> de la rade le long du trajet, soit sur pr\u00e8s de neuf kilom\u00e8tres. On peut d\u00e9sormais relier la zone de Mourillon \u00e0 l\u2019anse Magaud en longeant la M\u00e9diterran\u00e9e. Ce qui n\u2019\u00e9tait plus possible tant que le secteur du Cap Brun n\u2019\u00e9tait pas restaur\u00e9. <\/p>\n<p>De quoi ravir les passants, qui profitent des panoramas resplendissants, dans l\u2019enfilade de petites criques. N\u00e9anmoins, il faudra se montrer un peu patient avant de retrouver l\u2019enti\u00e8ret\u00e9 du parcours. La Tour Royale et la plage de la Mitre sont encore coup\u00e9es du reste, bien qu\u2019un itin\u00e9raire de contournement par la corniche de Gaulle existe.<\/p>\n<p>De Gaulle y a \u00e9crit ses m\u00e9moires<\/p>\n<p>Si cette r\u00e9ouverture \u00e9tait si importante, c\u2019est qu\u2019au-del\u00e0 des d\u00e9cors qu\u2019offre le site, il touche directement au patrimoine de la ville. <\/p>\n<p><a href=\"https:\/\/anneedelamer.nice.fr\/\" rel=\"nofollow noopener\" target=\"_blank\"><img loading=\"lazy\" decoding=\"async\" width=\"300\" height=\"300\" src=\"data:image\/svg+xml,%3Csvg%20xmlns=\" http:=\"\" alt=\"\" class=\"wp-image-235449\" data-lazy-src=\"https:\/\/www.europesays.com\/fr\/wp-content\/uploads\/2025\/04\/IMG_1416-2.png\"\/><\/a><\/p>\n<p>La villa du Cap Brun peut se targuer d\u2019avoir derri\u00e8re elle plus de 80 ans d\u2019histoire. Ancien h\u00f4tel, elle a par exemple vu s\u00e9journer Charles de Gaulle \u2013 qui y a r\u00e9dig\u00e9 ses m\u00e9moires \u2013 Nina Simone et Sacha Guitry.<\/p>\n<p>Lieu ravissant, la demeure reste ferm\u00e9e au public, appartenant aux Rod\u00e9 depuis trois g\u00e9n\u00e9rations. Mais ses ext\u00e9rieurs et leurs incomparables points de vue sont mobilis\u00e9s pour quelques \u00e9v\u00e9nements.<\/p>\n","protected":false},"excerpt":{"rendered":"\u00c0 Toulon, le sentier entre les plages du Mourillon et l\u2019anse Magaud \u00e9tait ferm\u00e9 depuis 2008. Le 21&hellip;\n","protected":false},"author":2,"featured_media":303175,"comment_status":"","ping_status":"","sticky":false,"template":"","format":"standard","meta":{"footnotes":""},"categories":[9619],"tags":[1111,11,1777,674,1011,27,12,882,25,2310],"class_list":{"0":"post-303174","1":"post","2":"type-post","3":"status-publish","4":"format-standard","5":"has-post-thumbnail","7":"category-toulon","8":"tag-actu","9":"tag-actualites","10":"tag-eu","11":"tag-europe","12":"tag-fr","13":"tag-france","14":"tag-news","15":"tag-provence-alpes-cote-dazur","16":"tag-republique-francaise","17":"tag-toulon"},"share_on_mastodon":{"url":"https:\/\/pubeurope.com\/@fr\/114988489990808795","error":""},"_links":{"self":[{"href":"https:\/\/www.europesays.com\/fr\/wp-json\/wp\/v2\/posts\/303174","targetHints":{"allow":["GET"]}}],"collection":[{"href":"https:\/\/www.europesays.com\/fr\/wp-json\/wp\/v2\/posts"}],"about":[{"href":"https:\/\/www.europesays.com\/fr\/wp-json\/wp\/v2\/types\/post"}],"author":[{"embeddable":true,"href":"https:\/\/www.europesays.com\/fr\/wp-json\/wp\/v2\/users\/2"}],"replies":[{"embeddable":true,"href":"https:\/\/www.europesays.com\/fr\/wp-json\/wp\/v2\/comments?post=303174"}],"version-history":[{"count":0,"href":"https:\/\/www.europesays.com\/fr\/wp-json\/wp\/v2\/posts\/303174\/revisions"}],"wp:featuredmedia":[{"embeddable":true,"href":"https:\/\/www.europesays.com\/fr\/wp-json\/wp\/v2\/media\/303175"}],"wp:attachment":[{"href":"https:\/\/www.europesays.com\/fr\/wp-json\/wp\/v2\/media?parent=303174"}],"wp:term":[{"taxonomy":"category","embeddable":true,"href":"https:\/\/www.europesays.com\/fr\/wp-json\/wp\/v2\/categories?post=303174"},{"taxonomy":"post_tag","embeddable":true,"href":"https:\/\/www.europesays.com\/fr\/wp-json\/wp\/v2\/tags?post=303174"}],"curies":[{"name":"wp","href":"https:\/\/api.w.org\/{rel}","templated":true}]}}