{"id":303176,"date":"2025-08-07T16:44:18","date_gmt":"2025-08-07T16:44:18","guid":{"rendered":"https:\/\/www.europesays.com\/fr\/303176\/"},"modified":"2025-08-07T16:44:18","modified_gmt":"2025-08-07T16:44:18","slug":"tuifua-a-hate-de-decouvrir-le-top-14","status":"publish","type":"post","link":"https:\/\/www.europesays.com\/fr\/303176\/","title":{"rendered":"Tuifua a h\u00e2te de d\u00e9couvrir le Top 14"},"content":{"rendered":"<p class=\"date\">\n                                                            Guillaume Marion, Media365 : publi\u00e9 le jeudi 07 ao\u00fbt 2025 \u00e0 10h10\n                                                    <\/p>\n<p>Arriv\u00e9 cet \u00e9t\u00e9 \u00e0 Toulon, le prometteur 3e ligne fran\u00e7ais Patrick Tuifua a visiblement h\u00e2te de voir sa carri\u00e8re enfin d\u00e9coller en Top 14, lui qui ne cache pas penser aussi au XV de France.<\/p>\n<p>Objet de nombreuses convoitises par le pass\u00e9 entre les F\u00e9d\u00e9rations fran\u00e7aise et n\u00e9o-z\u00e9landaise, Patrick Tuifua semble d\u00e9sormais plus pr\u00eat de jouer pour le XV de France que pour les All Blacks. En effet, pass\u00e9 par les Hurricanes la saison derni\u00e8re, <a href=\"https:\/\/sports.orange.fr\/rugby\/top-14\/toulon\/article\/toulon-la-pepite-tuifua-a-signe-trois-ans-CNT000002ic78s.html\" rel=\"nofollow noopener\" target=\"_blank\">le jeune 3e ligne (20 ans) a depuis rejoint Toulon<\/a> qui n&rsquo;a pas h\u00e9sit\u00e9 \u00e0 saisir l&rsquo;occasion d&rsquo;enr\u00f4ler un des grands espoirs du rugby. Reste que le N\u00e9o-Cal\u00e9donien va d\u00e9sormais devoir confirmer son immense potentiel aper\u00e7u avec l&rsquo;\u00e9quipe de France U20 lors du Tournoi des 6 Nations U20, <a href=\"https:\/\/sports.orange.fr\/rugby\/xv-de-france\/article\/u20-pas-de-mondial-avec-les-bleuets-pour-tuifua-blesse-exclu-CNT000002ecGAN.html\" rel=\"nofollow noopener\" target=\"_blank\">lui qui avait ensuite rat\u00e9 la Coupe du monde dans cette cat\u00e9gorie \u00e0 cause d&rsquo;une blessure<\/a>. Au RCT, Tuifua va donc tenter d&rsquo;enfin lancer sa carri\u00e8re au plus haut niveau.\u00a0\u00ab Dans le Pacifique, on est plus branch\u00e9 Super Rugby, mais le Top 14, c&rsquo;est pareil, c&rsquo;est un r\u00eave quand on commence \u00e0 jouer au rugby, j&rsquo;ai h\u00e2te d&rsquo;\u00eatre \u00e0 mon premier match \u00bb, a-t-il notamment reconnu.<\/p>\n<p><strong>Tuifua ne dirait pas non au XV de France<\/strong><\/p>\n<p>\u00ab On le suivait d\u00e9j\u00e0 avant qu&rsquo;il apparaisse avec les moins de 20 ans. On voulait absolument qu&rsquo;il vienne, \u00e7a n&rsquo;a pas \u00e9t\u00e9 simple&#8230; C&rsquo;est un joueur qui est capable de casser les d\u00e9fenses, qui est \u00e0 l&rsquo;aise ballon en mains, avec un gros potentiel pour son \u00e2ge. Je pense que le Championnat fran\u00e7ais est fait pour lui. (&#8230;) On conna\u00eet son potentiel, mais il a besoin de retrouver du rythme. Je sens en tout cas qu&rsquo;il a une grosse envie de r\u00e9ussir \u00bb, a pour sa part d\u00e9clar\u00e9 Pierre Mignoni au sujet de sa nouvelle recrue, dans des propos recueillis par L&rsquo;Equipe. Alors que Fabien Galthi\u00e9 aurait bien aim\u00e9 l&#8217;emmener lors de la Tourn\u00e9e d&rsquo;\u00e9t\u00e9 en Argentine l&rsquo;an dernier, Tuifua semble d\u00e9sormais pr\u00eat \u00e0 dire \u00ab\u00a0oui\u00a0\u00bb au XV de France \u00e0 l&rsquo;avenir.\u00a0\u00ab S&rsquo;il m&rsquo;appelle aujourd&rsquo;hui, j&rsquo;y vais sans h\u00e9siter, a expliqu\u00e9 le principal int\u00e9ress\u00e9. Je suis un vrai Fran\u00e7ais maintenant (rires) ! Mais c&rsquo;est trop t\u00f4t pour en parler, je viens d&rsquo;arriver \u00e0 Toulon, je vais d\u00e9j\u00e0 essayer de jouer en Top 14, gagner des matchs et on verra bien&#8230; \u00bb<\/p>\n","protected":false},"excerpt":{"rendered":"Guillaume Marion, Media365 : publi\u00e9 le jeudi 07 ao\u00fbt 2025 \u00e0 10h10 Arriv\u00e9 cet \u00e9t\u00e9 \u00e0 Toulon, le&hellip;\n","protected":false},"author":2,"featured_media":303177,"comment_status":"","ping_status":"","sticky":false,"template":"","format":"standard","meta":{"footnotes":""},"categories":[9619],"tags":[1111,11,1777,674,1011,27,12,882,25,2310],"class_list":{"0":"post-303176","1":"post","2":"type-post","3":"status-publish","4":"format-standard","5":"has-post-thumbnail","7":"category-toulon","8":"tag-actu","9":"tag-actualites","10":"tag-eu","11":"tag-europe","12":"tag-fr","13":"tag-france","14":"tag-news","15":"tag-provence-alpes-cote-dazur","16":"tag-republique-francaise","17":"tag-toulon"},"share_on_mastodon":{"url":"https:\/\/pubeurope.com\/@fr\/114988493418012081","error":""},"_links":{"self":[{"href":"https:\/\/www.europesays.com\/fr\/wp-json\/wp\/v2\/posts\/303176","targetHints":{"allow":["GET"]}}],"collection":[{"href":"https:\/\/www.europesays.com\/fr\/wp-json\/wp\/v2\/posts"}],"about":[{"href":"https:\/\/www.europesays.com\/fr\/wp-json\/wp\/v2\/types\/post"}],"author":[{"embeddable":true,"href":"https:\/\/www.europesays.com\/fr\/wp-json\/wp\/v2\/users\/2"}],"replies":[{"embeddable":true,"href":"https:\/\/www.europesays.com\/fr\/wp-json\/wp\/v2\/comments?post=303176"}],"version-history":[{"count":0,"href":"https:\/\/www.europesays.com\/fr\/wp-json\/wp\/v2\/posts\/303176\/revisions"}],"wp:featuredmedia":[{"embeddable":true,"href":"https:\/\/www.europesays.com\/fr\/wp-json\/wp\/v2\/media\/303177"}],"wp:attachment":[{"href":"https:\/\/www.europesays.com\/fr\/wp-json\/wp\/v2\/media?parent=303176"}],"wp:term":[{"taxonomy":"category","embeddable":true,"href":"https:\/\/www.europesays.com\/fr\/wp-json\/wp\/v2\/categories?post=303176"},{"taxonomy":"post_tag","embeddable":true,"href":"https:\/\/www.europesays.com\/fr\/wp-json\/wp\/v2\/tags?post=303176"}],"curies":[{"name":"wp","href":"https:\/\/api.w.org\/{rel}","templated":true}]}}