{"id":303178,"date":"2025-08-07T16:45:14","date_gmt":"2025-08-07T16:45:14","guid":{"rendered":"https:\/\/www.europesays.com\/fr\/303178\/"},"modified":"2025-08-07T16:45:14","modified_gmt":"2025-08-07T16:45:14","slug":"que-faisait-cette-voiture-volee-surveillee-pendant-des-heures-a-lattes","status":"publish","type":"post","link":"https:\/\/www.europesays.com\/fr\/303178\/","title":{"rendered":"que faisait cette voiture vol\u00e9e surveill\u00e9e pendant des heures \u00e0 Lattes\u00a0?"},"content":{"rendered":"<p>            Par<br \/>\n        <strong><br \/>\n            <a href=\"https:\/\/actu.fr\/auteur\/lea-pippinato\" title=\"Consulter tous les articles de L\u00e9a Pippinato\" rel=\"nofollow noopener\" target=\"_blank\">L\u00e9a Pippinato<\/a><br \/>\n        <\/strong><\/p>\n<p>        Publi\u00e9 le<\/p>\n<p>            7 ao\u00fbt 2025 \u00e0 18h36        <\/p>\n<p>Tout est parti d\u2019un simple signalement \u00e0 la police nationale : une voiture vol\u00e9e circule \u00e0 Lattes, au sud de Montpellier. Imm\u00e9diatement, la Bac (brigade anti-criminalit\u00e9) se saisit de l\u2019affaire. Une surveillance discr\u00e8te est mise en place autour du v\u00e9hicule rep\u00e9r\u00e9 <strong>le 2 ao\u00fbt dernier<\/strong>.\u00a0<\/p>\n<p>    <a href=\"https:\/\/www.google.com\/maps\/embed?pb=!1m18!1m12!1m3!1d23114.090373704526!2d3.8338559999999995!3d43.6011008!2m3!1f0!2f0!3f0!3m2!1i1024!2i768!4f13.1!3m3!1m2!1s0x12b6b003830534e9%3A0x4078821166ac700!2s34970%20Lattes!5e0!3m2!1sfr!2sfr!4v1754581479438!5m2!1sfr!2sfr\" title=\"Ouvrie le lien\" rel=\"nofollow noopener\" target=\"_blank\">Cliquez ici pour visualiser le contenu<\/a><\/p>\n<p class=\" wall-content\">Ce qui devait \u00eatre une simple v\u00e9rification bascule. La voiture initialement signal\u00e9e n\u2019est que la premi\u00e8re d\u2019une longue s\u00e9rie. En poursuivant leur observation, les policiers d\u00e9couvrent cinq autres v\u00e9hicules d\u00e9rob\u00e9s : quatre voitures suppl\u00e9mentaires et une moto. Tous ces engins sont signal\u00e9s vol\u00e9s. Les v\u00e9hicules sont rep\u00e9r\u00e9s alors qu\u2019ils convergent tous vers un m\u00eame point : un conteneur. \u00c0 l\u2019int\u00e9rieur, les agents d\u00e9couvrent qu\u2019un des v\u00e9hicules vol\u00e9s s\u2019y trouve d\u00e9j\u00e0, pr\u00eat \u00e0 \u00eatre exp\u00e9di\u00e9.<\/p>\n<p>Trois hommes interpell\u00e9s<\/p>\n<p class=\" wall-content\">Alors que les d\u00e9placements s\u2019intensifient autour du conteneur, les policiers d\u00e9cident d\u2019intervenir. Trois hommes entre 31 et 39 ans sont interpell\u00e9s. Les enqu\u00eateurs suspectent qu\u2019ils s\u2019appr\u00eataient \u00e0 finaliser un envoi de la cargaison. Selon les premiers \u00e9l\u00e9ments recueillis, les six v\u00e9hicules \u00e9taient destin\u00e9s \u00e0 \u00eatre exp\u00e9di\u00e9s par bateau vers leur pays d\u2019origine. Les trois suspects ont \u00e9t\u00e9 plac\u00e9s en garde \u00e0 vue, puis d\u00e9f\u00e9r\u00e9s devant le parquet de Montpellier. Le parquet a ordonn\u00e9 l\u2019ouverture d\u2019une information judiciaire.<\/p>\n<p class=\" wall-content\">Suivez toute l\u2019actualit\u00e9 de vos villes et m\u00e9dias favoris en vous inscrivant \u00e0 <a href=\"https:\/\/moncompte.actu.fr\" title=\"D\u00e9couvez Mon Actu\" rel=\"nofollow noopener\" data-trk=\"{&quot;cta&quot;:{&quot;action&quot;:&quot;https:\\\/\\\/moncompte.actu.fr&quot;,&quot;category&quot;:&quot;mon compte&quot;,&quot;from&quot;:&quot;article footer&quot;,&quot;name&quot;:&quot;Mon actu&quot;,&quot;type&quot;:&quot;cta&quot;}}\" target=\"_blank\">Mon Actu<\/a>.<\/p>\n","protected":false},"excerpt":{"rendered":"Par L\u00e9a Pippinato Publi\u00e9 le 7 ao\u00fbt 2025 \u00e0 18h36 Tout est parti d\u2019un simple signalement \u00e0 la&hellip;\n","protected":false},"author":2,"featured_media":297990,"comment_status":"","ping_status":"","sticky":false,"template":"","format":"standard","meta":{"footnotes":""},"categories":[9599],"tags":[1111,11,1777,674,118,1011,27,303,2208,12,2680,1072,25],"class_list":{"0":"post-303178","1":"post","2":"type-post","3":"status-publish","4":"format-standard","5":"has-post-thumbnail","7":"category-montpellier","8":"tag-actu","9":"tag-actualites","10":"tag-eu","11":"tag-europe","12":"tag-faits-divers","13":"tag-fr","14":"tag-france","15":"tag-justice","16":"tag-montpellier","17":"tag-news","18":"tag-occitanie","19":"tag-police","20":"tag-republique-francaise"},"share_on_mastodon":{"url":"https:\/\/pubeurope.com\/@fr\/114988497215394791","error":""},"_links":{"self":[{"href":"https:\/\/www.europesays.com\/fr\/wp-json\/wp\/v2\/posts\/303178","targetHints":{"allow":["GET"]}}],"collection":[{"href":"https:\/\/www.europesays.com\/fr\/wp-json\/wp\/v2\/posts"}],"about":[{"href":"https:\/\/www.europesays.com\/fr\/wp-json\/wp\/v2\/types\/post"}],"author":[{"embeddable":true,"href":"https:\/\/www.europesays.com\/fr\/wp-json\/wp\/v2\/users\/2"}],"replies":[{"embeddable":true,"href":"https:\/\/www.europesays.com\/fr\/wp-json\/wp\/v2\/comments?post=303178"}],"version-history":[{"count":0,"href":"https:\/\/www.europesays.com\/fr\/wp-json\/wp\/v2\/posts\/303178\/revisions"}],"wp:featuredmedia":[{"embeddable":true,"href":"https:\/\/www.europesays.com\/fr\/wp-json\/wp\/v2\/media\/297990"}],"wp:attachment":[{"href":"https:\/\/www.europesays.com\/fr\/wp-json\/wp\/v2\/media?parent=303178"}],"wp:term":[{"taxonomy":"category","embeddable":true,"href":"https:\/\/www.europesays.com\/fr\/wp-json\/wp\/v2\/categories?post=303178"},{"taxonomy":"post_tag","embeddable":true,"href":"https:\/\/www.europesays.com\/fr\/wp-json\/wp\/v2\/tags?post=303178"}],"curies":[{"name":"wp","href":"https:\/\/api.w.org\/{rel}","templated":true}]}}