{"id":303179,"date":"2025-08-07T16:46:14","date_gmt":"2025-08-07T16:46:14","guid":{"rendered":"https:\/\/www.europesays.com\/fr\/303179\/"},"modified":"2025-08-07T16:46:14","modified_gmt":"2025-08-07T16:46:14","slug":"top-14-lenni-nouchi-veut-remettre-montpellier-parmi-les-villes-qui-jouent-les-phases-finales","status":"publish","type":"post","link":"https:\/\/www.europesays.com\/fr\/303179\/","title":{"rendered":"Top 14. Lenni Nouchi veut \u00ab\u00a0remettre Montpellier parmi les villes qui jouent les phases finales\u00a0\u00bb"},"content":{"rendered":"<p>            Par<br \/>\n        <strong><br \/>\n            <a href=\"https:\/\/actu.fr\/auteur\/remy-messegue\" title=\"Consulter tous les articles de R\u00e9my Mess\u00e9gu\u00e9\" target=\"_blank\" rel=\"noopener\">R\u00e9my Mess\u00e9gu\u00e9<\/a><br \/>\n        <\/strong><\/p>\n<p>        Publi\u00e9 le<\/p>\n<p>            7 ao\u00fbt 2025 \u00e0 18h17        <\/p>\n<p>La saison 2024-2025 s\u2019est termin\u00e9e par une d\u00e9ception et la 9e place pour Montpellier, synonyme de non-qualification en phase finale mais aussi en Champions Cup. D\u00e9sormais le club h\u00e9raultais veut regarder devant et vise plus haut comme l\u2019explique en exclusivit\u00e9 pour Actu Rugby, Lenni Nouchi, troisi\u00e8me ligne du MHR. Interview.<\/p>\n<p class=\"ac-article-content__question wall-content\"><strong class=\"color-primary\">Actu : <\/strong>Lenni, on parle d\u2019un nouveau cycle au niveau des joueurs avec de nombreux d\u00e9parts et de nombreuses arriv\u00e9es et en m\u00eame temps, il y a de la stabilit\u00e9 puisque vous n\u2019avez pas chang\u00e9 de staff cette ann\u00e9e&#8230;<\/p>\n<p class=\" wall-content\"><strong class=\"color-primary\">Lenni Nouchi : <\/strong>C\u2019est vrai que cela fait quatre ans que je suis l\u00e0 et c\u2019est la premi\u00e8re ann\u00e9e lors de laquelle on ne change pas de staff en cours de saison. C\u2019est plut\u00f4t positif, on va pouvoir garder les bases qu\u2019on a commenc\u00e9 \u00e0 construire l\u2019ann\u00e9e derni\u00e8re. Il y a eu beaucoup de changements chez les joueurs, avec une quinzaine de d\u00e9parts et plus de dix arriv\u00e9es. Bien s\u00fbr, il faut un peu tout reprendre, le syst\u00e8me de jeu, les lancements, etc, mais on bosse bien. <br \/>Comme vous l\u2019avez dit, on a conserv\u00e9 notre staff, on a pas mal de joueurs qui \u00e9taient pr\u00e9sents l\u2019an pass\u00e9, c\u2019est positif pour construire la saison. <\/p>\n<p class=\"ac-article-content__question wall-content\">C\u2019est vrai qu\u2019il reste une ossature avec des cadres qui sont rest\u00e9s, dont vous faites partie, comment vous sentez le groupe\u00a0? <\/p>\n<p class=\" wall-content\"><strong class=\"color-primary\">L.N. : <\/strong>Pour sentir, le groupe, c\u2019est un peu t\u00f4t. \u00c7a ne fait que quatre semaines qu\u2019on a repris l\u2019entra\u00eenement, on a fait beaucoup de physique. On va pouvoir commencer \u00e0 trouver des automatismes pendant les matchs amicaux. \u00c7a nous permettra de pouvoir aussi comprendre comment certains jouent. C\u2019est vrai qu\u2019aux entra\u00eenements c\u2019est toujours plus facile qu\u2019en situation de match. Le groupe vit bien. Maintenant il vit bien parce qu\u2019il n\u2019y a pas encore de match (rires). C\u2019est toujours pareil, si on commence \u00e0 perdre, le groupe ira moins bien, comme dans toutes les \u00e9quipes. On a envie de faire une saison aboutie.<\/p>\n<blockquote class=\"ac-article-quote wall-content\">\n<p> Il y a deux ans on a fait une saison chaotique, l\u2019an dernier on a fait une saison en dents de scie o\u00f9 on alternait les tr\u00e8s bonnes performances avec des performances pauvres en terme de jeu et d\u2019intensit\u00e9. On a envie de trouver cette constance et de faire une saison aboutie.<\/p>\n<p>    <strong>Lenni Nouchi<\/strong><br \/>\n        Troisi\u00e8me ligne du MHR    <\/p><\/blockquote>\n<p class=\"ac-article-content__question wall-content\">Une saison en dents de scie qui s\u2019est termin\u00e9e plut\u00f4t en bas avec une 9e place qui ne vous a m\u00eame pas permis d\u2019accrocher la Champions Cup, est ce que \u00e7a a \u00e9t\u00e9 dig\u00e9r\u00e9\u00a0? <\/p>\n<p class=\" wall-content\"><strong class=\"color-primary\">L.N. : <\/strong>Oui c\u2019est dig\u00e9r\u00e9. Nous avions un objectif qui \u00e9tait le Top 6 et inconsciemment quand on a su qu\u2019on ne pouvait pas l\u2019atteindre, on a peut-\u00eatre un peu baiss\u00e9 en intensit\u00e9 sur les derniers matchs. Pour un joueur comme moi qui a 21 ans et veut vivre des grands matchs, c\u2019est toujours frustrant de ne pas pouvoir se frotter aux meilleurs. Sans d\u00e9nigrer la Challenge Cup, la Champions Cup c\u2019est encore un niveau au-dessus. Je me r\u00e9p\u00e8te c\u2019est frustrant de ne pas pouvoir la jouer cette ann\u00e9e. Maintenant, on sait qu\u2019on aura d\u2019autres possibilit\u00e9s donc on va se concentrer sur les deux comp\u00e9titions pour faire la meilleure saison possible. <\/p>\n<p class=\"ac-article-content__question wall-content\">Vous avez des objectifs chiffr\u00e9s sur ces deux comp\u00e9titions\u00a0? <\/p>\n<p class=\" wall-content\"><strong class=\"color-primary\">L.N. : <\/strong>Les coachs en ont d\u00e9j\u00e0 parl\u00e9. C\u2019est vrai que la saison derni\u00e8re, les joueurs visaient le Top 6 mais les entra\u00eeneurs nous avaient dit en d\u00e9but de saison de viser le Top 8 pour la Champions Cup. Bon, on finit 9e donc ce n\u2019est pas une saison r\u00e9ussie. Cette ann\u00e9e, les coachs ont \u00e9t\u00e9 clairs, c\u2019est un peu une obligation d\u2019\u00eatre dans le Top 6. Le club de Montpellier a fait plus de dix phases finales en 15 ans si je ne me trompe pas et \u00e7a fait trois ans qu\u2019on n\u2019en fait pas. Je pense qu\u2019il faut remettre Montpellier o\u00f9 il a \u00e9t\u00e9 pendant les dix derni\u00e8res ann\u00e9es c\u2019est \u00e0 dire en haut du classement et parmi les villes qui jouent les phases finales. C\u2019est l\u2019objectif de tout le monde. <\/p>\n<p class=\"ac-article-content__question wall-content\">\u00c0 titre personnel, vous faites partie du groupe des leaders pour atteindre ces objectifs. D\u2019autant plus avec certains d\u00e9parts en 3e ligne&#8230;<\/p>\n<p class=\" wall-content\"><strong class=\"color-primary\">L.N. : <\/strong>\u00c7a fait partie de mon \u00e9volution. J\u2019entame ma cinqui\u00e8me ann\u00e9e ici. J\u2019ai commenc\u00e9 depuis le centre de formation comme le jeune qui arrivait et plus j\u2019ai jou\u00e9, plus je suis mont\u00e9 en grade, si je puis dire. <br \/>Forc\u00e9ment, j\u2019ai des responsabilit\u00e9s, maintenant en tant que joueur, que j\u2019accepte avec grand plaisir. En 3e ligne, il y a le retour de pr\u00eat d\u2019Alexandre Masibaka donc on a un bel effectif pour se partager les matchs et s\u2019am\u00e9liorer ensemble.<\/p>\n<p class=\"ac-article-content__question wall-content\">Se partager les matchs\u00a0? Pourtant quand on est joueur on veut \u00eatre sur le terrain\u2026 <\/p>\n<p class=\" wall-content\"><strong class=\"color-primary\">L.N. : <\/strong>(Rires) Oui, je dis \u00ab\u00a0se partager les matchs\u00a0\u00bb mais j\u2019esp\u00e8re en faire le plus possible. Apr\u00e8s \u00e7a d\u00e9pendra de mon niveau. Bien s\u00fbr qu\u2019en tant que comp\u00e9titeur on a envie de jouer tous les matchs importants et ce sera ma mission personnelle.<\/p>\n<p class=\"ac-article-content__question wall-content\">Vous avez un d\u00e9but de saison avec un calendrier difficile, vous \u00eates-vous fix\u00e9s de rester invaincus \u00e0 domicile\u00a0? <\/p>\n<p class=\" wall-content\"><strong class=\"color-primary\">L.N. : <\/strong>Tous les clubs de Top 14 mettent comme objectif de rester invaincu \u00e0 domicile. Maintenant, reste \u00e0 savoir ce qu\u2019on va mettre en place pour r\u00e9ussir. On sait qu\u2019on commence par la r\u00e9ception de Toulon, on se d\u00e9place \u00e0 Bayonne et on re\u00e7oit Toulouse. Trois demi-finalistes pour d\u00e9marrer, donc on va pouvoir se jauger face aux plus gros et il faudra r\u00e9pondre pr\u00e9sent d\u00e8s le d\u00e9but du championnat. <\/p>\n<p class=\"ac-article-content__question wall-content\">Mais est-ce que ce n\u2019est pas finalement le bon moment pour affronter ces \u00e9quipes-l\u00e0\u00a0? <\/p>\n<p class=\" wall-content\"><strong class=\"color-primary\">L.N. : <\/strong>Je ne sais pas s\u2019il y a un bon moment, on en reparlera apr\u00e8s les trois premiers matchs si vous voulez (rires). Nous avons repris il y a un mois quand eux ont repris plus tard. Ce sont des effectifs qui ne bougent pas beaucoup apr\u00e8s une saison aboutie. Leurs automatismes vont revenir peut-\u00eatre plus rapidement que nous qui devons repartir de z\u00e9ro. Je ne sais pas vraiment s\u2019il y a de bons ou mauvais moments pour les jouer, on verra apr\u00e8s les trois premiers matchs. <\/p>\n<p class=\"ac-article-content__question wall-content\">Pour revenir \u00e0 la Challenge Cup, c\u2019est un objectif \u00e0 part enti\u00e8re\u00a0?<\/p>\n<p class=\" wall-content\"><strong class=\"color-primary\">L.N. : <\/strong>L\u2019objectif c\u2019est de la gagner\u00a0! Si on entre sur le terrain pour jouer \u00e0 la baballe, on joue mal d\u00e9j\u00e0 et on est nul. On joue chaque match pour le gagner et la Challenge Cup fait enti\u00e8rement partie du projet. On a envie de gagner des titres, que ce soit le Top 14 ou la Challenge Cup, on va tout jouer \u00e0 fond, il n\u2019y a pas de question \u00e0 se poser. <\/p>\n<p class=\"ac-article-content__question wall-content\">Pour terminer cette interview, qu\u2019est-ce qu\u2019on peut vous souhaiter personnellement pour cette saison\u00a0? <\/p>\n<p class=\" wall-content\"><strong class=\"color-primary\">L.N. : <\/strong>(Il r\u00e9fl\u00e9chit) Continuer d\u2019\u00e9voluer en tant que joueur et en tant qu\u2019homme. Toujours progresser au niveau du jeu. C\u2019est assez bateau, mais \u00e7a fera l\u2019affaire (rires). Au niveau du collectif, continuer \u00e0 m\u2019\u00e9panouir dans le jeu que j\u2019essaie de proposer, dans ce qu\u2019on me demande de faire, continuer \u00e0 prendre du plaisir et me r\u00e9galer quand je rentre sur le terrain.<\/p>\n<p class=\" wall-content\">Suivez toute l\u2019actualit\u00e9 de vos villes et m\u00e9dias favoris en vous inscrivant \u00e0 <a href=\"https:\/\/moncompte.actu.fr\" title=\"D\u00e9couvez Mon Actu\" rel=\"nofollow noopener\" data-trk=\"{&quot;cta&quot;:{&quot;action&quot;:&quot;https:\\\/\\\/moncompte.actu.fr&quot;,&quot;category&quot;:&quot;mon compte&quot;,&quot;from&quot;:&quot;article footer&quot;,&quot;name&quot;:&quot;Mon actu&quot;,&quot;type&quot;:&quot;cta&quot;}}\" target=\"_blank\">Mon Actu<\/a>.<\/p>\n<ul class=\"ac-article-tag wall-content\">\n<li><a href=\"https:\/\/actu.fr\/tag\/montpellier-herault-rugby\" data-trk=\"{&quot;cta&quot;:{&quot;action&quot;:&quot;Montpellier H\\u00e9rault Rugby (MHR)&quot;,&quot;category&quot;:&quot;tag&quot;,&quot;from&quot;:&quot;article footer&quot;,&quot;name&quot;:&quot;Montpellier H\\u00e9rault Rugby (MHR)&quot;,&quot;type&quot;:&quot;cta&quot;}}\" target=\"_blank\" rel=\"noopener\">#Montpellier H\u00e9rault Rugby (MHR)<\/a><\/li>\n<\/ul>\n","protected":false},"excerpt":{"rendered":"Par R\u00e9my Mess\u00e9gu\u00e9 Publi\u00e9 le 7 ao\u00fbt 2025 \u00e0 18h17 La saison 2024-2025 s\u2019est termin\u00e9e par une d\u00e9ception&hellip;\n","protected":false},"author":2,"featured_media":303180,"comment_status":"","ping_status":"","sticky":false,"template":"","format":"standard","meta":{"footnotes":""},"categories":[9599],"tags":[1111,11,1777,674,1011,27,2208,20544,12,2680,3788,25,479,60,478],"class_list":{"0":"post-303179","1":"post","2":"type-post","3":"status-publish","4":"format-standard","5":"has-post-thumbnail","7":"category-montpellier","8":"tag-actu","9":"tag-actualites","10":"tag-eu","11":"tag-europe","12":"tag-fr","13":"tag-france","14":"tag-montpellier","15":"tag-montpellier-herault-rugby-mhr","16":"tag-news","17":"tag-occitanie","18":"tag-pro","19":"tag-republique-francaise","20":"tag-rugby","21":"tag-sports","22":"tag-top-14"},"share_on_mastodon":{"url":"https:\/\/pubeurope.com\/@fr\/114988501237229838","error":""},"_links":{"self":[{"href":"https:\/\/www.europesays.com\/fr\/wp-json\/wp\/v2\/posts\/303179","targetHints":{"allow":["GET"]}}],"collection":[{"href":"https:\/\/www.europesays.com\/fr\/wp-json\/wp\/v2\/posts"}],"about":[{"href":"https:\/\/www.europesays.com\/fr\/wp-json\/wp\/v2\/types\/post"}],"author":[{"embeddable":true,"href":"https:\/\/www.europesays.com\/fr\/wp-json\/wp\/v2\/users\/2"}],"replies":[{"embeddable":true,"href":"https:\/\/www.europesays.com\/fr\/wp-json\/wp\/v2\/comments?post=303179"}],"version-history":[{"count":0,"href":"https:\/\/www.europesays.com\/fr\/wp-json\/wp\/v2\/posts\/303179\/revisions"}],"wp:featuredmedia":[{"embeddable":true,"href":"https:\/\/www.europesays.com\/fr\/wp-json\/wp\/v2\/media\/303180"}],"wp:attachment":[{"href":"https:\/\/www.europesays.com\/fr\/wp-json\/wp\/v2\/media?parent=303179"}],"wp:term":[{"taxonomy":"category","embeddable":true,"href":"https:\/\/www.europesays.com\/fr\/wp-json\/wp\/v2\/categories?post=303179"},{"taxonomy":"post_tag","embeddable":true,"href":"https:\/\/www.europesays.com\/fr\/wp-json\/wp\/v2\/tags?post=303179"}],"curies":[{"name":"wp","href":"https:\/\/api.w.org\/{rel}","templated":true}]}}