{"id":303183,"date":"2025-08-07T16:50:24","date_gmt":"2025-08-07T16:50:24","guid":{"rendered":"https:\/\/www.europesays.com\/fr\/303183\/"},"modified":"2025-08-07T16:50:24","modified_gmt":"2025-08-07T16:50:24","slug":"grenoble-atelier-cadavre-exquis-a-lete-oh-parcs","status":"publish","type":"post","link":"https:\/\/www.europesays.com\/fr\/303183\/","title":{"rendered":"Grenoble. Atelier cadavre exquis \u00e0 \u201cl\u2019Et\u00e9 Oh\u00a0! Parcs\u201d"},"content":{"rendered":"<p>Ce mercredi 6\u00a0ao\u00fbt, les enfants, petits ou grands, ont pu participer \u00e0 un atelier \u201ccadavre exquis\u201d, \u00e0 l\u2019espace loisirs du parc Paul-Mistral. Invent\u00e9 par les surr\u00e9alistes, en particulier, Jacques Pr\u00e9vert et Yves Tanguy, vers 1925, le cadavre exquis est un jeu collectif qui consiste \u00e0 faire composer un dessin, par plusieurs personnes sans qu\u2019aucune d\u2019elles ne puisse tenir compte de la collaboration ou des collaborations pr\u00e9c\u00e9dentes. Les participants ont pu repartir avec des dessins pour le moins originaux. <\/p>\n<p class=\"note\">Programme complet de \u201cl\u2019\u00c9t\u00e9 Oh\u00a0! Parcs\u201d sur www.grenoble.fr<\/p>\n","protected":false},"excerpt":{"rendered":"Ce mercredi 6\u00a0ao\u00fbt, les enfants, petits ou grands, ont pu participer \u00e0 un atelier \u201ccadavre exquis\u201d, \u00e0 l\u2019espace&hellip;\n","protected":false},"author":2,"featured_media":303184,"comment_status":"","ping_status":"","sticky":false,"template":"","format":"standard","meta":{"footnotes":""},"categories":[9566],"tags":[1111,11,2430,1687,112,1777,674,1011,27,2731,2732,12,25],"class_list":{"0":"post-303183","1":"post","2":"type-post","3":"status-publish","4":"format-standard","5":"has-post-thumbnail","7":"category-grenoble","8":"tag-actu","9":"tag-actualites","10":"tag-auvergne-rhone-alpes","11":"tag-culture-loisirs","12":"tag-edition-grenoble-agglomeration","13":"tag-eu","14":"tag-europe","15":"tag-fr","16":"tag-france","17":"tag-grenoble","18":"tag-grenoble-bassin","19":"tag-news","20":"tag-republique-francaise"},"share_on_mastodon":{"url":"https:\/\/pubeurope.com\/@fr\/114988516923533032","error":""},"_links":{"self":[{"href":"https:\/\/www.europesays.com\/fr\/wp-json\/wp\/v2\/posts\/303183","targetHints":{"allow":["GET"]}}],"collection":[{"href":"https:\/\/www.europesays.com\/fr\/wp-json\/wp\/v2\/posts"}],"about":[{"href":"https:\/\/www.europesays.com\/fr\/wp-json\/wp\/v2\/types\/post"}],"author":[{"embeddable":true,"href":"https:\/\/www.europesays.com\/fr\/wp-json\/wp\/v2\/users\/2"}],"replies":[{"embeddable":true,"href":"https:\/\/www.europesays.com\/fr\/wp-json\/wp\/v2\/comments?post=303183"}],"version-history":[{"count":0,"href":"https:\/\/www.europesays.com\/fr\/wp-json\/wp\/v2\/posts\/303183\/revisions"}],"wp:featuredmedia":[{"embeddable":true,"href":"https:\/\/www.europesays.com\/fr\/wp-json\/wp\/v2\/media\/303184"}],"wp:attachment":[{"href":"https:\/\/www.europesays.com\/fr\/wp-json\/wp\/v2\/media?parent=303183"}],"wp:term":[{"taxonomy":"category","embeddable":true,"href":"https:\/\/www.europesays.com\/fr\/wp-json\/wp\/v2\/categories?post=303183"},{"taxonomy":"post_tag","embeddable":true,"href":"https:\/\/www.europesays.com\/fr\/wp-json\/wp\/v2\/tags?post=303183"}],"curies":[{"name":"wp","href":"https:\/\/api.w.org\/{rel}","templated":true}]}}