{"id":303185,"date":"2025-08-07T16:51:34","date_gmt":"2025-08-07T16:51:34","guid":{"rendered":"https:\/\/www.europesays.com\/fr\/303185\/"},"modified":"2025-08-07T16:51:34","modified_gmt":"2025-08-07T16:51:34","slug":"football-le-gf38-a-laise-dentree-a-linverse-de-lasse-les-stats-a-retenir-avant-la-premiere-journee-de-ligue-2","status":"publish","type":"post","link":"https:\/\/www.europesays.com\/fr\/303185\/","title":{"rendered":"Football. Le GF38 \u00e0 l&rsquo;aise d&rsquo;entr\u00e9e, \u00e0 l&rsquo;inverse de l&rsquo;ASSE&#8230; Les stats \u00e0 retenir avant la premi\u00e8re journ\u00e9e de Ligue 2"},"content":{"rendered":"<p>  Laval &#8211; Saint-Etienne<\/p>\n<p class=\"chiffre\">2<\/p>\n<p>Laval n\u2019a perdu que deux de ses 20 r\u00e9ceptions de Saint Etienne toutes comp\u00e9titions confondues (9V 9N) mais l\u2019un de ces revers est intervenu lors de la plus r\u00e9cente : 0-1 en octobre 2023 en Ligue 2.<\/p>\n<p class=\"chiffre\">2<\/p>\n<p>Laval a remport\u00e9 deux de ses trois derni\u00e8res rencontres inaugurant une saison de Ligue 2 (1D), apr\u00e8s n\u2019avoir gagn\u00e9 aucune des neuf pr\u00e9c\u00e9dentes (5N 4D).<\/p>\n<p class=\"chiffre\">0<\/p>\n<p>Saint Etienne n\u2019a remport\u00e9 aucun de ses sept derniers matches d\u2019entr\u00e9e en lice d\u2019une saison de Ligue 2 (2N 5D), s\u2019inclinant m\u00eame lors des cinq plus r\u00e9cents. Les Verts n&rsquo;ont plus remport\u00e9 leur premier match dans l&rsquo;antichambre depuis 1996\/97 (2-0 \u00e0 Troyes).<\/p>\n<p class=\"chiffre\">19<\/p>\n<p>Laval n\u2019est qu\u2019\u00e0 un but des 1500 r\u00e9alisations en Ligue 2, devenant la 19e \u00e9quipe \u00e0 atteindre ce total. Depuis la premi\u00e8re saison des Tango dans la division en 1970\/71, seuls Ch\u00e2teauroux (1636) et Gueugnon (1544) ont plus marqu\u00e9 en L2.<\/p>\n<p class=\"chiffre\">3<\/p>\n<p>Recrue de Saint Etienne, Mahmoud Jaber pourrait devenir le troisi\u00e8me Isra\u00e9lien \u00e0 \u00e9voluer en Ligue 2 au 21e si\u00e8cle apr\u00e8s Jonathan Assous (49 matches avec Nancy, Angers, Cr\u00e9teil et Reims) et Feras Magharbeh (1 avec Lens). En 2024\/25, il \u00e9tait le milieu affichant le plus de duels disput\u00e9s (15.1), de tacles tent\u00e9s (3.6) et de fautes obtenues (3.2) par 90 minutes parmi ceux en ayant disput\u00e9 au moins 2000 en Ligat ha\u2019Al.<\/p>\n<p><strong><a href=\"https:\/\/www.ledauphine.com\/sport\/calendrier-resultats\/football\/national-ligue-2\" target=\"_blank\" rel=\"noopener\">&gt;&gt; Retrouvez le calendrier, le classement et les r\u00e9sultats de la Ligue 2<\/a><\/strong><\/p>\n<p>  Pau &#8211; Annecy<\/p>\n<p class=\"chiffre\">7<\/p>\n<p>Pau et Annecy vont s\u2019affronter pour la septi\u00e8me fois en Ligue 2 et affichent pour le moment un bilan \u00e9quilibr\u00e9 (2V pour Pau, 2N, 2V pour Annecy).<\/p>\n<p class=\"chiffre\">2<\/p>\n<p>Pau (5, avant le d\u00e9but de cette saison) et Annecy (8) sont les deux \u00e9quipes actuellement pr\u00e9sentes en Ligue 2 ayant disput\u00e9s le moins de saisons dans la division.<\/p>\n<p class=\"chiffre\">3<\/p>\n<p>Annecy n\u2019a gagn\u00e9 que trois de ses huit matches inaugurant une saison de Ligue 2 (2N 3D), dont le dernier en date en 2024 (2-0 \u00e0 Dunkerque).<\/p>\n<p class=\"chiffre\">2.4<\/p>\n<p>Annecy a progress\u00e9 de 2.4 m\u00e8tres par seconde lors de ses s\u00e9quences dans le jeu en Ligue 2 2024\/25, plus haute moyenne, tout en \u00e9tant l\u2019une des deux \u00e9quipes d\u00e9marrant ses actions le plus haut sur le terrain (43.9m de son but, comme Lorient) et celle effectuant le moins de passes par s\u00e9quence (2.4).<\/p>\n<p class=\"chiffre\">13<\/p>\n<p>La recrue de Pau Giovani Versini a \u00e9t\u00e9 impliqu\u00e9 dans 13 buts en National la saison pass\u00e9e (5 buts et 8 assists avec Ch\u00e2teauroux), plus haut total pour un joueur de 21 ans ou moins.<\/p>\n<p><strong><a href=\"https:\/\/www.ledauphine.com\/sport\/2025\/08\/05\/le-roi-des-arrets-au-gf38-un-expert-de-la-recuperation-au-fc-annecy-10-stats-a-retenir-de-la-saison-2024-2025\" target=\"_blank\" rel=\"noopener\">&gt;&gt;\u00a0Le roi des arr\u00eats au GF38, un expert de la r\u00e9cup\u00e9ration au FC Annecy : 10 stats \u00e0 retenir de la saison 2024-2025<\/a><\/strong><\/p>\n<p>  Troyes &#8211; Grenoble\u00a0<\/p>\n<p class=\"chiffre\">45<\/p>\n<p>Grenoble va disputer sa 45e saison de Ligue 2, revenant \u00e0 une longueur du record d\u00e9tenu par Le Havre (46). Le GF38 participera d\u2019ailleurs \u00e0 sa huiti\u00e8me campagne de suite dans la division, plus longue long\u00e9vit\u00e9 en cours parmi les \u00e9quipes pr\u00e9sentes en 2025\/26.<\/p>\n<p class=\"chiffre\">3<\/p>\n<p>Troyes a perdu trois de ses quatre derniers matches de championnat d\u00e9butant une saison en championnat (1N \u2013 5 buts marqu\u00e9s pour 11 encaiss\u00e9s), apr\u00e8s s\u2019\u00eatre impos\u00e9 lors des trois pr\u00e9c\u00e9dents.<\/p>\n<p class=\"chiffre\">8<\/p>\n<p>Aucune \u00e9quipe n\u2019a remport\u00e9 plus de rencontres inaugurant une campagne de Ligue 2 que Grenoble au 21e si\u00e8cle (8), le GF38 affichant \u00e9galement le deuxi\u00e8me meilleur pourcentage de succ\u00e8s sur la p\u00e9riode dans ces matches parmi les clubs ayant disput\u00e9 au moins 10 saisons en deuxi\u00e8me division (53% \u2013 8\/15) derri\u00e8re Metz (55%).<\/p>\n<p class=\"chiffre\">3<\/p>\n<p>Troyes est l\u2019une des deux \u00e9quipes ayant perdu tous ses matches dans lesquels il a conc\u00e9d\u00e9 le premier but en Ligue 2 2024\/25 (14\/14) avec Annecy (9\/9). De son c\u00f4t\u00e9, Grenoble n\u2019a pris que trois points dans de telles situations \u00e0 l\u2019ext\u00e9rieur (1V 9D).<\/p>\n<p class=\"chiffre\">10<\/p>\n<p>La recrue de Grenoble Baptiste Mouazan a inscrit 10 buts en National 2024\/25 avec Concarneau, plus que tout autre milieu.<\/p>\n<p><strong>&gt;&gt;\u00a0<a href=\"https:\/\/www.ledauphine.com\/sport\/2025\/08\/06\/mouazan-j-ai-la-culture-de-la-gagne?preview=true\" target=\"_blank\" rel=\"noopener\">\u00a0GF38 : \u00ab\u00a0J\u2019ai la culture de la gagne\u00a0\u00bb, gros plan sur la recrue Baptiste Mouazan<\/a><\/strong><\/p>\n","protected":false},"excerpt":{"rendered":"Laval &#8211; Saint-Etienne 2 Laval n\u2019a perdu que deux de ses 20 r\u00e9ceptions de Saint Etienne toutes comp\u00e9titions&hellip;\n","protected":false},"author":2,"featured_media":303186,"comment_status":"","ping_status":"","sticky":false,"template":"","format":"standard","meta":{"footnotes":""},"categories":[9566],"tags":[1111,11,3853,9443,2430,3856,112,1777,674,20116,1701,63,1011,27,12637,2731,4638,108,12636,3367,12,25,517,1947],"class_list":{"0":"post-303185","1":"post","2":"type-post","3":"status-publish","4":"format-standard","5":"has-post-thumbnail","7":"category-grenoble","8":"tag-actu","9":"tag-actualites","10":"tag-annecy","11":"tag-asse-as-saint-etienne","12":"tag-auvergne-rhone-alpes","13":"tag-edition-annecy-rumilly-les-aravis","14":"tag-edition-grenoble-agglomeration","15":"tag-eu","16":"tag-europe","17":"tag-fc-annecy","18":"tag-fil-info-sport","19":"tag-football","20":"tag-fr","21":"tag-france","22":"tag-gf38-grenoble-foot-38","23":"tag-grenoble","24":"tag-haute-savoie","25":"tag-isere","26":"tag-ligue-2-football","27":"tag-loire","28":"tag-news","29":"tag-republique-francaise","30":"tag-sport","31":"tag-sport-national"},"share_on_mastodon":{"url":"https:\/\/pubeurope.com\/@fr\/114988520789968638","error":""},"_links":{"self":[{"href":"https:\/\/www.europesays.com\/fr\/wp-json\/wp\/v2\/posts\/303185","targetHints":{"allow":["GET"]}}],"collection":[{"href":"https:\/\/www.europesays.com\/fr\/wp-json\/wp\/v2\/posts"}],"about":[{"href":"https:\/\/www.europesays.com\/fr\/wp-json\/wp\/v2\/types\/post"}],"author":[{"embeddable":true,"href":"https:\/\/www.europesays.com\/fr\/wp-json\/wp\/v2\/users\/2"}],"replies":[{"embeddable":true,"href":"https:\/\/www.europesays.com\/fr\/wp-json\/wp\/v2\/comments?post=303185"}],"version-history":[{"count":0,"href":"https:\/\/www.europesays.com\/fr\/wp-json\/wp\/v2\/posts\/303185\/revisions"}],"wp:featuredmedia":[{"embeddable":true,"href":"https:\/\/www.europesays.com\/fr\/wp-json\/wp\/v2\/media\/303186"}],"wp:attachment":[{"href":"https:\/\/www.europesays.com\/fr\/wp-json\/wp\/v2\/media?parent=303185"}],"wp:term":[{"taxonomy":"category","embeddable":true,"href":"https:\/\/www.europesays.com\/fr\/wp-json\/wp\/v2\/categories?post=303185"},{"taxonomy":"post_tag","embeddable":true,"href":"https:\/\/www.europesays.com\/fr\/wp-json\/wp\/v2\/tags?post=303185"}],"curies":[{"name":"wp","href":"https:\/\/api.w.org\/{rel}","templated":true}]}}