{"id":303187,"date":"2025-08-07T16:52:12","date_gmt":"2025-08-07T16:52:12","guid":{"rendered":"https:\/\/www.europesays.com\/fr\/303187\/"},"modified":"2025-08-07T16:52:12","modified_gmt":"2025-08-07T16:52:12","slug":"apres-lorient-le-spectacle-de-dieudonne-egalement-interdit-a-rennes-par-la-prefecture","status":"publish","type":"post","link":"https:\/\/www.europesays.com\/fr\/303187\/","title":{"rendered":"Apr\u00e8s Lorient, le spectacle de Dieudonn\u00e9 \u00e9galement interdit \u00e0 Rennes par la pr\u00e9fecture"},"content":{"rendered":"<p>La pr\u00e9fecture d\u2019Ille-et-Vilaine vient de trancher\u00a0: par un arr\u00eat\u00e9 paru ce jeudi 7 ao\u00fbt, elle interdit le spectacle intitul\u00e9 \u00ab\u00a0Istanbul\u00a0\u00bb du pol\u00e9miste fran\u00e7ais Dieudonn\u00e9, initialement programm\u00e9 ce vendredi 8 ao\u00fbt 2025, dans la r\u00e9gion rennaise. Une pareille d\u00e9cision avait \u00e9t\u00e9 prise, mercredi, par les pr\u00e9fectures du Morbihan et du Finist\u00e8re pour emp\u00eacher une autre repr\u00e9sentation qui, elle, devait se ternir samedi, \u00e0 Lorient.<\/p>\n<p>\u00ab\u00a0Il existe un risque \u00e9lev\u00e9 que soient, \u00e0 nouveau, tenus [\u2026] des propos constitutifs d\u2019une infraction p\u00e9nale ou de nature \u00e0 porter atteinte \u00e0 la dignit\u00e9 de la personne humaine\u00a0\u00bb, justifie la pr\u00e9fecture dans cet arr\u00eat\u00e9. Son pr\u00e9c\u00e9dent spectacle contenait en effet \u00ab\u00a0de nombreux propos outrageants, haineux, conspirationnistes, homophobes, transphobes et antis\u00e9mites ainsi que des outrages \u00e0 personne d\u00e9positaire de l\u2019autorit\u00e9 (\u2026). \u00bb La pr\u00e9fecture souhaite donc \u00e9viter tout \u00ab\u00a0trouble \u00e0 l\u2019ordre public\u00a0\u00bb.<\/p>\n<p>Un \u00ab\u00a0risque \u00e9lev\u00e9\u00a0\u00bb de \u00ab\u00a0trouble \u00e0 l\u2019ordre public\u00a0\u00bb<\/p>\n<p>Comme \u00e0 son habitude, Dieudonn\u00e9 n\u2019avait pas communiqu\u00e9 le lieu pr\u00e9cis de la repr\u00e9sentation, indiquant seulement qu\u2019elle aurait lieu \u00ab\u00a0dans un rayon de 30 km autour de Rennes\u00a0\u00bb. La pr\u00e9fecture y voit une preuve de \u00ab\u00a0la grande discr\u00e9tion\u00a0\u00bb de Dieudonn\u00e9 et de son \u00e9quipe, d\u00e9sireux, selon elle, \u00ab\u00a0d\u2019\u00e9chapper \u00e0 la surveillance et au contr\u00f4le des autorit\u00e9s de police\u00a0\u00bb.<\/p>\n<p>Condamn\u00e9 \u00e0 plusieurs reprises, ces derni\u00e8res ann\u00e9es, pour des propos antis\u00e9mites, incitant \u00e0 la haine raciale et portant atteinte \u00e0 la dignit\u00e9 de la personne humaine, cet humoriste controvers\u00e9 de 59 ans avait aussi \u00e9t\u00e9 reconnu coupable de <a href=\"https:\/\/www.letelegramme.fr\/ille-et-vilaine\/rennes-35000\/une-enquete-pour-escroquerie-apres-un-spectacle-de-dieudonne-en-ille-et-vilaine-4060601.php\" target=\"_blank\" rel=\"noopener\">\u00ab\u00a0recel d\u2019escroquerie\u00a0\u00bb<\/a> apr\u00e8s avoir lou\u00e9 le ch\u00e2teau de Pir\u00e9-Chanc\u00e9 (35) pour un spectacle, sans s\u2019annoncer, le 25 f\u00e9vrier 2023. Le tribunal correctionnel de Rennes l\u2019avait <a href=\"https:\/\/www.letelegramme.fr\/bretagne\/dieudonne-condamne-a-8-000-eur-damende-apres-son-spectacle-clandestin-pres-de-rennes-6510407.php\" target=\"_blank\" rel=\"noopener\">contraint \u00e0 s\u2019acquitter de 8\u00a0000 \u20ac d\u2019amende<\/a>.<\/p>\n<p>\u00ab\u00a0Amis bretons, j\u2019arrive\u00a0\u00bb<\/p>\n<p>Habitu\u00e9 \u00e0 voir interdites ses repr\u00e9sentations dans toute la France, Dieudonn\u00e9 indique sur son site internet qu\u2019en cas d\u2019interdiction, \u00ab\u00a0un spectacle de substitution intitul\u00e9 \u00ab\u00a0N\u00e8g Doubout\u00a0\u00bb, interpr\u00e9t\u00e9 par l\u2019artiste antillais M. Cheick Siday L\u00f4 (\u2026), sera propos\u00e9 au public\u00a0\u00bb. Une manifestation \u00e9galement interdite par la pr\u00e9fecture d\u2019Ille-et-Vilaine, rappelant que ce dernier a \u00e9t\u00e9 \u00ab\u00a0condamn\u00e9 par la justice fran\u00e7aise pour incitation \u00e0 la haine et qu\u2019il est membre de la branche fran\u00e7aise de l\u2019organisation politico-religieuse \u00ab\u00a0Nation of Islam\u00a0\u00bb, clairement hostile \u00e0 la communaut\u00e9 juive\u00a0\u00bb.<\/p>\n<p>Dieudonn\u00e9 respectera-t-il ces diff\u00e9rentes interdictions des autorit\u00e9s\u00a0? Sur son compte X, il laissait entendre l\u2019inverse, ce jeudi 7 ao\u00fbt, quelques heures avant la publication de l\u2019arr\u00eat\u00e9 de la pr\u00e9fecture d\u2019Ille-et-Vilaine\u00a0: \u00ab\u00a0Amis bretons, j\u2019arrive\u00a0\u00bb, \u00e9crivait-il.<\/p>\n","protected":false},"excerpt":{"rendered":"La pr\u00e9fecture d\u2019Ille-et-Vilaine vient de trancher\u00a0: par un arr\u00eat\u00e9 paru ce jeudi 7 ao\u00fbt, elle interdit le spectacle&hellip;\n","protected":false},"author":2,"featured_media":303188,"comment_status":"","ping_status":"","sticky":false,"template":"","format":"standard","meta":{"footnotes":""},"categories":[2821],"tags":[1111,11,6155,829,765,1777,674,1011,27,848,12,16048,584,25,801],"class_list":{"0":"post-303187","1":"post","2":"type-post","3":"status-publish","4":"format-standard","5":"has-post-thumbnail","7":"category-rennes","8":"tag-actu","9":"tag-actualites","10":"tag-antisemitisme","11":"tag-bretagne","12":"tag-en-continu","13":"tag-eu","14":"tag-europe","15":"tag-fr","16":"tag-france","17":"tag-ille-et-vilaine","18":"tag-news","19":"tag-newsletter-aujourdhui-en-bretagne","20":"tag-rennes","21":"tag-republique-francaise","22":"tag-social"},"share_on_mastodon":{"url":"https:\/\/pubeurope.com\/@fr\/114988524759557915","error":""},"_links":{"self":[{"href":"https:\/\/www.europesays.com\/fr\/wp-json\/wp\/v2\/posts\/303187","targetHints":{"allow":["GET"]}}],"collection":[{"href":"https:\/\/www.europesays.com\/fr\/wp-json\/wp\/v2\/posts"}],"about":[{"href":"https:\/\/www.europesays.com\/fr\/wp-json\/wp\/v2\/types\/post"}],"author":[{"embeddable":true,"href":"https:\/\/www.europesays.com\/fr\/wp-json\/wp\/v2\/users\/2"}],"replies":[{"embeddable":true,"href":"https:\/\/www.europesays.com\/fr\/wp-json\/wp\/v2\/comments?post=303187"}],"version-history":[{"count":0,"href":"https:\/\/www.europesays.com\/fr\/wp-json\/wp\/v2\/posts\/303187\/revisions"}],"wp:featuredmedia":[{"embeddable":true,"href":"https:\/\/www.europesays.com\/fr\/wp-json\/wp\/v2\/media\/303188"}],"wp:attachment":[{"href":"https:\/\/www.europesays.com\/fr\/wp-json\/wp\/v2\/media?parent=303187"}],"wp:term":[{"taxonomy":"category","embeddable":true,"href":"https:\/\/www.europesays.com\/fr\/wp-json\/wp\/v2\/categories?post=303187"},{"taxonomy":"post_tag","embeddable":true,"href":"https:\/\/www.europesays.com\/fr\/wp-json\/wp\/v2\/tags?post=303187"}],"curies":[{"name":"wp","href":"https:\/\/api.w.org\/{rel}","templated":true}]}}