{"id":303189,"date":"2025-08-07T16:53:14","date_gmt":"2025-08-07T16:53:14","guid":{"rendered":"https:\/\/www.europesays.com\/fr\/303189\/"},"modified":"2025-08-07T16:53:14","modified_gmt":"2025-08-07T16:53:14","slug":"omari-senvole-pour-hambourg-olaigbe-a-rejoint-trabzonspor","status":"publish","type":"post","link":"https:\/\/www.europesays.com\/fr\/303189\/","title":{"rendered":"Omari s&rsquo;envole pour Hambourg, Olaigbe a rejoint Trabzonspor"},"content":{"rendered":"<p>            Par<br \/>\n        <strong><br \/>\n            <a href=\"https:\/\/actu.fr\/auteur\/lou-batteux\" title=\"Consulter tous les articles de Lou Batteux\" rel=\"nofollow noopener\" target=\"_blank\">Lou Batteux<\/a><br \/>\n        <\/strong><\/p>\n<p>        Publi\u00e9 le<\/p>\n<p>            7 ao\u00fbt 2025 \u00e0 18h18        <\/p>\n<p>Nouvelles annonces du Stade Rennais ce jeudi 7 ao\u00fbt : deux <strong>d\u00e9parts<\/strong> s\u2019ajoutent \u00e0 la liste des <strong>mouvements estivaux<\/strong>.<\/p>\n<p class=\" wall-content\">Alors qu\u2019il a <a href=\"https:\/\/actu.fr\/bretagne\/rennes_35238\/mercato-d-hiver-au-stade-rennais-deux-nouveaux-joueurs-signent-jusqu-en-2029_62207022.html\" rel=\"nofollow noopener\" target=\"_blank\">rejoint le club breton en f\u00e9vrier 2025,<strong> Kazeem Olaigbe <\/strong><\/a>s\u2019envole pour la <strong>Turquie<\/strong> o\u00f9 il int\u00e9grera le club de <strong>Trabzonspor<\/strong>. Son ancien club lui souhaite alors \u00ab\u00a0bonne chance\u00a0\u00bb.<\/p>\n<p class=\" wall-content\">\n<p class=\" wall-content\">Le jeune ailier n\u2019aura pas honor\u00e9 son contrat au Stade Rennais F.C. alors qu\u2019il s\u2019\u00e9tait engag\u00e9 jusqu\u2019en <strong>2029<\/strong>.<\/p>\n<p>Omari s\u2019envole pour Hambourg SV<\/p>\n<p class=\" wall-content\">Et la liste des d\u00e9parts n\u2019est pas close puisque <strong>Warmed Omari<\/strong> s\u2019envole \u00e9galement pour le <strong>Hambourg SV<\/strong>, sous la forme de pr\u00eat avec option d\u2019achat, pr\u00e9cise le Stade Rennais.<\/p>\n<p class=\" wall-content\">\n<p class=\" wall-content\">En ce qui concerne la saison \u00e0 venir, le club de football rennais jouera <a href=\"https:\/\/actu.fr\/bretagne\/rennes_35238\/stade-rennais-om-c-est-bientot-le-premier-match-de-la-saison-voici-quand-la-billetterie-va-ouvrir_62991569.html\" rel=\"nofollow noopener\" target=\"_blank\">son <strong>premier match officiel vendredi 15 ao\u00fbt<\/strong><\/a>.<\/p>\n<p class=\" wall-content\">Suivez toute l\u2019actualit\u00e9 de vos villes et m\u00e9dias favoris en vous inscrivant \u00e0 <a href=\"https:\/\/moncompte.actu.fr\" title=\"D\u00e9couvez Mon Actu\" rel=\"nofollow noopener\" data-trk=\"{&quot;cta&quot;:{&quot;action&quot;:&quot;https:\\\/\\\/moncompte.actu.fr&quot;,&quot;category&quot;:&quot;mon compte&quot;,&quot;from&quot;:&quot;article footer&quot;,&quot;name&quot;:&quot;Mon actu&quot;,&quot;type&quot;:&quot;cta&quot;}}\" target=\"_blank\">Mon Actu<\/a>.<\/p>\n","protected":false},"excerpt":{"rendered":"Par Lou Batteux Publi\u00e9 le 7 ao\u00fbt 2025 \u00e0 18h18 Nouvelles annonces du Stade Rennais ce jeudi 7&hellip;\n","protected":false},"author":2,"featured_media":303190,"comment_status":"","ping_status":"","sticky":false,"template":"","format":"standard","meta":{"footnotes":""},"categories":[2821],"tags":[1111,11,829,1777,674,63,1011,27,12,584,25,60,3087],"class_list":{"0":"post-303189","1":"post","2":"type-post","3":"status-publish","4":"format-standard","5":"has-post-thumbnail","7":"category-rennes","8":"tag-actu","9":"tag-actualites","10":"tag-bretagne","11":"tag-eu","12":"tag-europe","13":"tag-football","14":"tag-fr","15":"tag-france","16":"tag-news","17":"tag-rennes","18":"tag-republique-francaise","19":"tag-sports","20":"tag-stade-rennais"},"share_on_mastodon":{"url":"https:\/\/pubeurope.com\/@fr\/114988528618328199","error":""},"_links":{"self":[{"href":"https:\/\/www.europesays.com\/fr\/wp-json\/wp\/v2\/posts\/303189","targetHints":{"allow":["GET"]}}],"collection":[{"href":"https:\/\/www.europesays.com\/fr\/wp-json\/wp\/v2\/posts"}],"about":[{"href":"https:\/\/www.europesays.com\/fr\/wp-json\/wp\/v2\/types\/post"}],"author":[{"embeddable":true,"href":"https:\/\/www.europesays.com\/fr\/wp-json\/wp\/v2\/users\/2"}],"replies":[{"embeddable":true,"href":"https:\/\/www.europesays.com\/fr\/wp-json\/wp\/v2\/comments?post=303189"}],"version-history":[{"count":0,"href":"https:\/\/www.europesays.com\/fr\/wp-json\/wp\/v2\/posts\/303189\/revisions"}],"wp:featuredmedia":[{"embeddable":true,"href":"https:\/\/www.europesays.com\/fr\/wp-json\/wp\/v2\/media\/303190"}],"wp:attachment":[{"href":"https:\/\/www.europesays.com\/fr\/wp-json\/wp\/v2\/media?parent=303189"}],"wp:term":[{"taxonomy":"category","embeddable":true,"href":"https:\/\/www.europesays.com\/fr\/wp-json\/wp\/v2\/categories?post=303189"},{"taxonomy":"post_tag","embeddable":true,"href":"https:\/\/www.europesays.com\/fr\/wp-json\/wp\/v2\/tags?post=303189"}],"curies":[{"name":"wp","href":"https:\/\/api.w.org\/{rel}","templated":true}]}}