{"id":303197,"date":"2025-08-07T16:57:14","date_gmt":"2025-08-07T16:57:14","guid":{"rendered":"https:\/\/www.europesays.com\/fr\/303197\/"},"modified":"2025-08-07T16:57:14","modified_gmt":"2025-08-07T16:57:14","slug":"nice-matin-80-ans-on-vous-retrace-la-longue-saga-de-votre-journal","status":"publish","type":"post","link":"https:\/\/www.europesays.com\/fr\/303197\/","title":{"rendered":"Nice-Matin, 80 ans: on vous retrace la longue saga de votre journal"},"content":{"rendered":"<p>Pour Simon Perrot, Directeur G\u00e9n\u00e9ral du groupe Nice-Matin: \u00ab\u00a0Cet anniversaire constitue un moment fort qui nous permet \u00e0 la fois de nous souvenir de notre histoire, de nous arr\u00eater sur le pr\u00e9sent et d\u2019envisager l\u2019avenir. Depuis huit d\u00e9cennies, Nice-Matin fait partie du paysage de la C\u00f4te d\u2019Azur. C\u2019est \u00e0 la fois une marque forte, un rep\u00e8re et un \u00e9l\u00e9ment de notre identit\u00e9 commune. C\u00e9l\u00e9brer les 80 ans de Nice-Matin, c\u2019est en m\u00eame temps reconna\u00eetre son r\u00f4le essentiel dans la diffusion de l\u2019information et mettre l\u2019accent sur son engagement envers le territoire et ses acteurs.\u00a0\u00bb<\/p>\n<p><b>De Combat \u00e0 Nice-Matin: la v\u00e9ritable histoire<\/b><\/p>\n<p>L\u2019aventure commence au printemps 1944. Une poign\u00e9e de r\u00e9sistants, issus du mouvement Combat et du MRPGD (Mouvement de R\u00e9sistance des Prisonniers de Guerre et\u00a0D\u00e9port\u00e9s), lancent un journal clandestin. Les premiers num\u00e9ros de Combat de Nice et du Sud-Est sont diffus\u00e9s sous le manteau.<\/p>\n<p>On trouve, dans l\u2019\u00e9quipe des d\u00e9buts, des personnalit\u00e9s comme Pierre Merli, futur maire d\u2019Antibes ; Jacques Cotta, bient\u00f4t maire de Nice ; Claude Bourdet, Pierre Savigneau, Paul Draghi ainsi que deux hommes de caract\u00e8re : Raymond Comboul, l\u2019un des chefs de la R\u00e9sistance maralpine, et Michel Bavastro, ancien journaliste \u00e0 L\u2019\u00c9claireur de Nice.<\/p>\n<p>Les 7 et 8 septembre 1944, en application du droit d\u2019exception sur la presse, ils obtiennent l\u2019autorisation de faire para\u00eetre leur quotidien. Le pr\u00e9fet leur attribue les locaux, le mobilier et le mat\u00e9riel du Petit Ni\u00e7ois, dont les biens ont \u00e9t\u00e9 plac\u00e9s sous s\u00e9questre. Paul Draghi obtient, simultan\u00e9ment, le feu vert pour publier L\u2019Espoir, imprim\u00e9 sur les m\u00eames rotatives.<\/p>\n<p>Luttes de pouvoir<\/p>\n<p>Dans cette p\u00e9riode troubl\u00e9e, o\u00f9 les journaux se multiplient, Combat se distingue rapidement. Fin 1944, son tirage atteint 70 000 exemplaires, ce qui le place au sommet du podium r\u00e9gional.\u00a0<\/p>\n<p>Mais, d\u00e8s le printemps 1945, des divergences se font jour entre les fondateurs, qui d\u00e9g\u00e9n\u00e8rent en luttes de pouvoir sur fond de rivalit\u00e9s politiques.<\/p>\n<p>En juin, le titre cesse de para\u00eetre.<\/p>\n<p><b>1945: Nice-Matin voit le jour<\/b><\/p>\n<p>              <img ci-src=\"https:\/\/www.nicematin.com\/vie-locale\/1945-63ukNB07.png?vh=b728a2&amp;ci_seal=1812889220\" alt=\"\"\/><\/p>\n<p>Combat est \u00ab\u00a0remplac\u00e9\u00a0\u00bb, le 15 septembre, par Nice-Matin qui se pr\u00e9sente comme \u00ab\u00a0le successeur de Combat et de L\u2019Espoir du Matin.\u00a0\u00bb La r\u00e9alit\u00e9 est plus complexe ; certains administrateurs issus du r\u00e9seau Combat, jug\u00e9s ind\u00e9sirables, ont \u00e9t\u00e9 \u00e9cart\u00e9s sans m\u00e9nagement.<\/p>\n<p>A l\u2019\u00e9poque, une seule feuille, imprim\u00e9e recto-verso , mais bourr\u00e9e d&rsquo;infos&#8230; Le premier num\u00e9ro de Nice-Matin, imprim\u00e9 au c\u0153ur de Nice, rue Pastorelli,\u00a0 affiche sans barguigner les ambitions du nouveau journal.<\/p>\n<p>\u00ab\u00a0Parmi une Presse tout en rumeur des campagnes \u00e9lectorales, une Presse o\u00f9 se rencontrent tant de pr\u00eacheurs, tant de discuteurs qui tra\u00eenent leur sac d&rsquo;arguments comme Petit Jean tra\u00eenait son sac de proc\u00e8s, nous voudrions apporter quelques id\u00e9es saines, franches, essentielles qui fussent comme le pain blanc ou le fruit charnu, sans moisissures, sans ver\u00a0\u00bb, annonce l&rsquo;\u00e9dito.<\/p>\n<p>Et ce texte sign\u00e9 \u00ab\u00a0NM\u00a0\u00bb de pr\u00e9ciser : \u00ab\u00a0Nous voudrions aider l&rsquo;esp\u00e9rance grelottante \u00e0 se r\u00e9veiller, parler un peu de bonheur avec ceux qui ont la mis\u00e8re pour compagne, aider, oui surtout cela, aider l&rsquo;homme \u00e0 retrouver son \u00e2me que les tyrans lui ont vol\u00e9e\u00a0\u00bb.<\/p>\n<p>A quelques cic\u00e9ros de l\u00e0, le monde se met \u00e0 port\u00e9e de lecture. Du g\u00e9n\u00e9ral Eisenhower \u00ab\u00a0en vacances au Cap d&rsquo;Antibes\u00a0\u00bb jusqu&rsquo;\u00e0 l&rsquo;abb\u00e9 Lambert &#8211; \u00ab\u00a0pr\u00eatre, joyeux luron, sourcier et maire, mais aussi propagandiste de Vichy\u00a0\u00bb, les \u00e9v\u00e9nements historiques cotoient le sordide, l&rsquo;insolite tutoie le drame. On parle de tout, des voyages du duc de Windsor jusqu&rsquo;aux vertus suppos\u00e9es de la subtiline pour \u00ab\u00a0vaincre la tuberculose\u00a0\u00bb.<\/p>\n<p>Peu d&rsquo;informations locales. Mais ce n&rsquo;est qu&rsquo;un d\u00e9but. Dans cette p\u00e9riode exaltante encore irrigu\u00e9e par l&rsquo;esprit de la R\u00e9sistance, tout reste \u00e0 cr\u00e9er.<\/p>\n<p>Et c\u2019est en 1949, alors que Nice-Matin rach\u00e8te L\u2019Espoir de sensibilit\u00e9 socialiste, que le premier p.-d.g. Paul Draghi est \u00e9vinc\u00e9 au profit de Michel Bavastro. L\u2019ancien directeur administratif prend les commandes pour les 47 ann\u00e9es \u00e0 venir.<\/p>\n<p><b>1952: 1er d\u00e9m\u00e9nagement<\/b><\/p>\n<p>              <img ci-src=\"https:\/\/www.nicematin.com\/vie-locale\/1952-rQae66Ms.png?vh=e0640d&amp;ci_seal=e36e092eb7\" alt=\"\"\/><\/p>\n<p>Rapidement, les locaux deviennent exigus. Nice-Matin emm\u00e9nage dans le centre-ville de Nice, avenue de la Victoire (rebaptis\u00e9e avenue Jean-M\u00e9decin).<\/p>\n<p><b>1966\u00a0 <\/b><\/p>\n<p>              <img ci-src=\"https:\/\/www.nicematin.com\/vie-locale\/1966-X6yZn43O.png?vh=be56ca&amp;ci_seal=7901acad9a\" alt=\"\"\/><\/p>\n<p>Nice-Matin absorbe L&rsquo;Espoir, puis Le Patriote cesse sa publication quotidienne l&rsquo;ann\u00e9e suivante. Nice-Matin devient ainsi le seul quotidien des Alpes-Maritimes.<\/p>\n<p><b>1979: nouveau si\u00e8ge historique<\/b><\/p>\n<p>              <img ci-src=\"https:\/\/www.nicematin.com\/vie-locale\/1979-GMNpGIPG.png?vh=c01dd0&amp;ci_seal=b83c14de2c\" alt=\"\"\/><\/p>\n<p>Le groupe d\u00e9m\u00e9nage pour s&rsquo;agrandir boulevard du Mercantour. Les journaux sont alors imprim\u00e9s en offset et quadrichromie.\u00a0<\/p>\n<p><b>De 1998 \u00e0 2007: la p\u00e9riode Lagard\u00e8re <\/b><\/p>\n<p>              <img ci-src=\"https:\/\/www.nicematin.com\/vie-locale\/1998-2207-78wlMnhy.png?vh=13054d&amp;ci_seal=83a4eedbe6\" alt=\"\"\/><\/p>\n<p>Nice-Matin est rachet\u00e9 par une des filiales du groupe Lagard\u00e8re. En 1998, Nice-Matin rach\u00e8te le quotidien Var-Matin, qui \u00e9tait alors en concurrence avec les \u00e9ditions varoises de Nice-Matin.<\/p>\n<p><b>2000: une version journal 2.0 <\/b><\/p>\n<p>              <img ci-src=\"https:\/\/www.nicematin.com\/vie-locale\/2000-dDRxifLU.png?vh=96a49d&amp;ci_seal=d66287d953\" alt=\"\"\/><\/p>\n<p>Premi\u00e8re mise en ligne de nicematin.com. En 2005 les premiers articles sont publi\u00e9s en ligne de fa\u00e7on gratuite sur les sites \u00e9diteurs du groupe.\u00a0<\/p>\n<p><b>2006: changement de format<\/b><\/p>\n<p>              <img ci-src=\"https:\/\/www.nicematin.com\/vie-locale\/2006-hFSQu1XN.png?vh=13fe0c&amp;ci_seal=903f2b3770\" alt=\"\"\/><\/p>\n<p>Passage du format broadsheet au format tablo\u00efd le 8 avril 2006.\u00a0<\/p>\n<p><b>2007-2014: la p\u00e9riode Hersant M\u00e9dia\u00a0 <\/b><\/p>\n<p>              <img ci-src=\"https:\/\/www.nicematin.com\/vie-locale\/2007-2014-ViyCXi2o.png?vh=94828e&amp;ci_seal=1af7f1a50f\" alt=\"\"\/><\/p>\n<p>Le 13 ao\u00fbt 2007, Lagard\u00e8re annonce la vente du Groupe Nice-Matin au groupe Hersant M\u00e9dia.<\/p>\n<p><b>2011: le journal tout en couleurs<\/b><\/p>\n<p>              <img ci-src=\"https:\/\/www.nicematin.com\/vie-locale\/2011-47OcuQrA.png?vh=119115&amp;ci_seal=66ca18ac95\" alt=\"\"\/><\/p>\n<p>Remplacement des trois machines Colorman en service depuis 1977 par trois rotatives offset Geoman. Cette modernisation de l&rsquo;outil industriel permet de r\u00e9aliser de la quadrichromie sur toutes les pages du quotidien.<\/p>\n<p><b>2014: la SCIC Nice-Matin<\/b><\/p>\n<p>              <img ci-src=\"https:\/\/www.nicematin.com\/vie-locale\/2014-v4efgprJ.png?vh=ebdf48&amp;ci_seal=1834813d35\" alt=\"\"\/><\/p>\n<p>En proie \u00e0 de grosses difficult\u00e9s financi\u00e8res, le groupe est repris par ses salari\u00e9s sous la forme d&rsquo;une soci\u00e9t\u00e9 coop\u00e9rative d&rsquo;int\u00e9r\u00eat collectif.\u00a0<\/p>\n<p><b>2015: #MonJournal<\/b><\/p>\n<p>              <img ci-src=\"https:\/\/www.nicematin.com\/vie-locale\/2015-KdlSYS1z.png?vh=33125a&amp;ci_seal=f6d8aeb2f6\" alt=\"\"\/><\/p>\n<p>Lancement d&rsquo;une nouvelle offre d&rsquo;abonnement num\u00e9rique pr\u00f4nant le journalisme de solutions. Cette nouvelle mani\u00e8re d\u2019informer, pl\u00e9biscit\u00e9e tr\u00e8s vite par diff\u00e9rents m\u00e9dias, a connu un v\u00e9ritable succ\u00e8s. Le groupe lance alors une campagne de financement participatif.<\/p>\n<p><b>2016 \u00e0 2019 : L\u2019Avenir &#8211; Nethys<\/b><\/p>\n<p>              <img ci-src=\"https:\/\/www.nicematin.com\/vie-locale\/2016-2019-wdUd7IKo.png?vh=ca4fff&amp;ci_seal=0de16efab7\" alt=\"\"\/><\/p>\n<p>Deux ans apr\u00e8s le rachat par ses salari\u00e9s, la SCIC Nice-Matin rencontre alors des difficult\u00e9s financi\u00e8res. En 2016, l\u2019assembl\u00e9e g\u00e9n\u00e9rale des actionnaires du groupe Nice-Matin prononce son accord pour l\u2019entr\u00e9e du groupe belge Nethys au capital de l\u2019entreprise.<\/p>\n<p><b>2020 \u00e0 aujourd\u2019hui: la gouvernance Niel<\/b><\/p>\n<p>              <img ci-src=\"https:\/\/www.nicematin.com\/vie-locale\/2020-tORMgS68.png?vh=de3184&amp;ci_seal=1cfe257a59\" alt=\"\"\/><\/p>\n<p>Depuis f\u00e9vrier 2020, le groupe est sous le contr\u00f4le exclusif de NJJ Holding, soci\u00e9t\u00e9 personnelle de Xavier Niel, \u00e9galement propri\u00e9taire du journal Le Monde. <\/p>\n<p>Xavier Niel est un entrepreneur fran\u00e7ais bien connu, notamment en tant que co-fondateur et principal actionnaire d&rsquo;Iliad, la soci\u00e9t\u00e9 m\u00e8re de Free. Cette acquisition renforce le poids du groupe Nice-Matin dans le paysage m\u00e9diatique fran\u00e7ais.<\/p>\n<p><b>2021: d\u00e9m\u00e9nagement \u00e0 Unity<\/b><\/p>\n<p>La plupart des \u00e9quipes du journal int\u00e8grent en septembre 2021 des locaux flambant neufs, au c\u0153ur du quartier des affaires de l&rsquo;Arenas, \u00e0 Nice, 1er centre d\u2019affaires international des Alpes-Maritimes.<\/p>\n<p><b>2025: 80 ans du journal <\/b><\/p>\n<p>              <img ci-src=\"https:\/\/www.nicematin.com\/vie-locale\/2025-AM8tIHoc.png?vh=7f6916&amp;ci_seal=c8312b8bab\" alt=\"\"\/><\/p>\n<p>28. 000 num\u00e9ros plus tard, le quotidien souffle cette ann\u00e9e sa 80e bougie. Depuis janvier 2025, Nice-Matin marque cet anniversaire \u00e0 travers une s\u00e9rie d\u2019\u00e9v\u00e9nements et de contenus d\u00e9di\u00e9s. Le point d\u2019orgue aura lieu le <b>15 septembre 2025<\/b>, avec une <b>\u00e9dition sp\u00e9ciale anniversaire<\/b>, accompagn\u00e9e d\u2019une r\u00e9\u00e9dition de la UNE du 15 septembre 1945.<\/p>\n<p>Et en clin d\u2019\u0153il au pass\u00e9, les jours pr\u00e9c\u00e9dant la date anniversaire, la \u201cUne\u201d du quotidien arborera chaque jour un <b>logo historique diff\u00e9rent<\/b>, retra\u00e7ant l\u2019\u00e9volution visuelle de Nice-Matin depuis sa cr\u00e9ation.<\/p>\n","protected":false},"excerpt":{"rendered":"Pour Simon Perrot, Directeur G\u00e9n\u00e9ral du groupe Nice-Matin: \u00ab\u00a0Cet anniversaire constitue un moment fort qui nous permet \u00e0&hellip;\n","protected":false},"author":2,"featured_media":303198,"comment_status":"","ping_status":"","sticky":false,"template":"","format":"standard","meta":{"footnotes":""},"categories":[2819],"tags":[1111,11,1777,674,1011,27,12,2401,882,25,3366],"class_list":{"0":"post-303197","1":"post","2":"type-post","3":"status-publish","4":"format-standard","5":"has-post-thumbnail","7":"category-nice","8":"tag-actu","9":"tag-actualites","10":"tag-eu","11":"tag-europe","12":"tag-fr","13":"tag-france","14":"tag-news","15":"tag-nice","16":"tag-provence-alpes-cote-dazur","17":"tag-republique-francaise","18":"tag-vie-locale"},"share_on_mastodon":{"url":"https:\/\/pubeurope.com\/@fr\/114988544498402683","error":""},"_links":{"self":[{"href":"https:\/\/www.europesays.com\/fr\/wp-json\/wp\/v2\/posts\/303197","targetHints":{"allow":["GET"]}}],"collection":[{"href":"https:\/\/www.europesays.com\/fr\/wp-json\/wp\/v2\/posts"}],"about":[{"href":"https:\/\/www.europesays.com\/fr\/wp-json\/wp\/v2\/types\/post"}],"author":[{"embeddable":true,"href":"https:\/\/www.europesays.com\/fr\/wp-json\/wp\/v2\/users\/2"}],"replies":[{"embeddable":true,"href":"https:\/\/www.europesays.com\/fr\/wp-json\/wp\/v2\/comments?post=303197"}],"version-history":[{"count":0,"href":"https:\/\/www.europesays.com\/fr\/wp-json\/wp\/v2\/posts\/303197\/revisions"}],"wp:featuredmedia":[{"embeddable":true,"href":"https:\/\/www.europesays.com\/fr\/wp-json\/wp\/v2\/media\/303198"}],"wp:attachment":[{"href":"https:\/\/www.europesays.com\/fr\/wp-json\/wp\/v2\/media?parent=303197"}],"wp:term":[{"taxonomy":"category","embeddable":true,"href":"https:\/\/www.europesays.com\/fr\/wp-json\/wp\/v2\/categories?post=303197"},{"taxonomy":"post_tag","embeddable":true,"href":"https:\/\/www.europesays.com\/fr\/wp-json\/wp\/v2\/tags?post=303197"}],"curies":[{"name":"wp","href":"https:\/\/api.w.org\/{rel}","templated":true}]}}