{"id":303199,"date":"2025-08-07T16:58:33","date_gmt":"2025-08-07T16:58:33","guid":{"rendered":"https:\/\/www.europesays.com\/fr\/303199\/"},"modified":"2025-08-07T16:58:33","modified_gmt":"2025-08-07T16:58:33","slug":"le-camping-5-etoiles-de-nantes-entre-proximite-et-tranquillite-2","status":"publish","type":"post","link":"https:\/\/www.europesays.com\/fr\/303199\/","title":{"rendered":"Le camping 5\u00a0\u00e9toiles de Nantes\u00a0: entre proximit\u00e9 et tranquillit\u00e9"},"content":{"rendered":"<p>Des ch\u00e8vres, une guinguette anim\u00e9e et un<a href=\"https:\/\/nantes.maville.com\/info\/info-locale\/au-minigolf-du-camping-du-petit-port-4419025?utm_source=troove&amp;utm_medium=site\" target=\"_self\" rel=\"nofollow noopener\"> minigolf<\/a> \u00e0 deux pas du tram. En cet \u00e9t\u00e9 2025, le camping situ\u00e9 boulevard du Petit Port, seul cinq \u00e9toiles de Nantes, affiche presque complet. Avec 96\u00a0% de remplissage pr\u00e9vu en ao\u00fbt, et un meilleur mois de juillet que l\u2019an pass\u00e9, la saison s\u2019annonce excellente, selon son directeur, Luc Bonnaud. \u00a0On a m\u00eame d\u00fb refuser une trentaine de camping-cars certains soirs\u00a0, indique-t-il. Et ce succ\u00e8s s\u2019explique par sa proximit\u00e9 du centre mais aussi par ces nouveaut\u00e9s mises en place.<\/p>\n<p>Du renouveau pour la guinguette<\/p>\n<p>Depuis cette ann\u00e9e, la guinguette du camping, renomm\u00e9e Le Bivouac, a \u00e9t\u00e9 repens\u00e9e pour devenir un v\u00e9ritable snack de camping. \u00a0On a abandonn\u00e9 le format restaurant classique pour retrouver une ambiance plus d\u00e9tendue, plus proche de l\u2019esprit campeur\u00a0, pr\u00e9cise le directeur. Les burgers et pizzas sont toujours l\u00e0, accompagn\u00e9s de desserts faits maison tel que l\u2019incontournable g\u00e2teau nantais. Ouverte de 8\u00a0h \u00e0 22\u00a0h\u00a030 en haute saison, elle est accessible aussi bien aux campeurs qu\u2019aux Nantais.<\/p>\n<p>\u00c0 quelques m\u00e8tres de l\u00e0, l\u2019aire de jeux a \u00e9t\u00e9 d\u00e9plac\u00e9e pour s\u2019installer au pied de cette guinguette, \u00a0un emplacement parfait pour que les parents puissent surveiller leurs enfants tout en mangeant\u00a0, note Luc Bonnaud. L\u2019ancienne aire a laiss\u00e9 place \u00e0 une mini-ferme, qui accueille quelques ch\u00e8vres jusqu\u2019\u00e0 fin septembre, pour le plus grand plaisir des familles.<\/p>\n<p>Moins de Fran\u00e7ais et plus d\u2019\u00e9trangers au Nantes Camping<\/p>\n<p>C\u00f4t\u00e9 h\u00e9bergements, le camping propose une offre vari\u00e9e, avec quatre gammes (Confort, Privil\u00e8ge, Premium, Insolite), allant de 60 \u00e0 250\u00a0\u20ac la nuit. Si le locatif attire encore une majorit\u00e9 de Fran\u00e7ais, la part d\u2019\u00e9trangers progresse fortement. \u00a0Cette ann\u00e9e, on atteint 45\u00a0% d\u2019\u00e9trangers en locatif, un record\u00a0, souligne le directeur, qui observe une baisse de la client\u00e8le fran\u00e7aise cet \u00e9t\u00e9.<\/p>\n<p>Au total, le camping propose 145\u00a0emplacements, comprenant 99\u00a0locations cottages, chalets et cabane et 46\u00a0emplacements grands confort caravane\u00a0; auxquels s\u2019ajoutent 15\u00a0places de stationnement Camping-car Park.<\/p>\n<p>Le site mise aussi sur l\u2019animation pour s\u00e9duire. Chaque soir, une activit\u00e9 est organis\u00e9e, et tous les mardis, un <a href=\"https:\/\/actu.fr\/pays-de-la-loire\/nantes_44109\/nantes-le-camping-du-petit-port-organise-un-marche-nocturne_59964946.html?utm_source=troove&amp;utm_medium=site\" target=\"_self\" rel=\"nofollow noopener\">march\u00e9 de l\u2019\u00e9t\u00e9<\/a> r\u00e9unit une trentaine d\u2019exposants, principalement artisans et cr\u00e9ateurs locaux. Mardi dernier, l\u2019\u00e9v\u00e9nement a attir\u00e9 pr\u00e8s de 300\u00a0personnes. Soir\u00e9e loto et\u00a0soir\u00e9e moule sont aussi des \u00e9v\u00e8nements phare pour les campeurs.<\/p>\n<p>Situ\u00e9 sur sept hectares bois\u00e9s, \u00e0 seulement quelques minutes du centre-ville, le camping est aussi fier de ses engagements \u00e9cologiques. Labellis\u00e9 Clef Verte, il multiplie les <a href=\"https:\/\/labaule.maville.com\/actu\/actudet_-la-region-veut-proteger-l-eau-des-surfaces-cotieres-_8-6889190_actu.Htm?utm_source=troove&amp;utm_medium=site\" target=\"_self\" rel=\"nofollow noopener\">initiatives durables<\/a>\u00a0: compteurs individuels dans chaque locatif pour un suivi pr\u00e9cis des consommations d\u2019eau et d\u2019\u00e9lectricit\u00e9, enti\u00e8rement \u00e9quip\u00e9s d\u2019ampoules basse consommation, et r\u00e9flexions sur l\u2019accueil de cyclotouristes de la Loire \u00e0 v\u00e9lo \u00e0 la place de certains emplacements de camping-cars. \u00a0Ce camping est le poumon vert de Nantes\u00a0 d\u00e9finit Luc Bonnaud.<\/p>\n<p>Ouvert toute l\u2019ann\u00e9e, avec 47\u00a0employ\u00e9s en haute saison, Nantes Camping s\u2019impose comme un acteur fort du tourisme nantais. Un lieu o\u00f9, comme le r\u00e9sume son directeur, \u00a0on ne se croit pas \u00e0 Nantes\u00a0: on est dans les bois, c\u2019est calme, et c\u2019est \u00e7a qui pla\u00eet.\u00a0<\/p>\n<p>\t<img decoding=\"async\" src=\"https:\/\/www.europesays.com\/fr\/wp-content\/uploads\/2025\/08\/P35394572D6927502G_px_640_.jpg\" alt=\"photo en 2025, la part d\u2019\u00e9trangers avoisine les 45\u00a0%.  \u00a9  photo presse oc\u00e9an-nathalie bourreau\" width=\"640\" title=\" En 2025, la part d\u2019\u00e9trangers avoisine les 45\u00a0%.   Photo Presse Oc\u00e9an-Nathalie Bourreau \"\/><\/p>\n<p class=\"elmt-legende\"> En 2025, la part d\u2019\u00e9trangers avoisine les 45\u00a0%.   Photo Presse Oc\u00e9an-Nathalie Bourreau <\/p>\n<p>\t<img decoding=\"async\" src=\"https:\/\/www.europesays.com\/fr\/wp-content\/uploads\/2025\/08\/P35394573D6927502G_px_640_.jpg\" alt=\"photo quelques ch\u00e8vres sont \u00e9galement pr\u00e9sentes jusqu\u2019en septembre.  \u00a9  photo presse oc\u00e9an-nathalie bourreau\" width=\"640\" title=\" Quelques ch\u00e8vres sont \u00e9galement pr\u00e9sentes jusqu\u2019en septembre.   Photo Presse Oc\u00e9an-Nathalie Bourreau \"\/><\/p>\n<p class=\"elmt-legende\"> Quelques ch\u00e8vres sont \u00e9galement pr\u00e9sentes jusqu\u2019en septembre.   Photo Presse Oc\u00e9an-Nathalie Bourreau <\/p>\n<p>\t<img decoding=\"async\" src=\"https:\/\/www.europesays.com\/fr\/wp-content\/uploads\/2025\/08\/P35394574D6927502G_px_640_.jpg\" alt=\"photo la guinguette du camping a \u00e9t\u00e9 repens\u00e9e pour devenir un v\u00e9ritable snack.  \u00a9  photo presse oc\u00e9an-nathalie bourreau\" width=\"640\" title=\" La guinguette du camping a \u00e9t\u00e9 repens\u00e9e pour devenir un v\u00e9ritable snack.   Photo Presse Oc\u00e9an-Nathalie Bourreau \"\/><\/p>\n<p class=\"elmt-legende\"> La guinguette du camping a \u00e9t\u00e9 repens\u00e9e pour devenir un v\u00e9ritable snack.   Photo Presse Oc\u00e9an-Nathalie Bourreau <\/p>\n<p>\u00a0<\/p>\n","protected":false},"excerpt":{"rendered":"Des ch\u00e8vres, une guinguette anim\u00e9e et un minigolf \u00e0 deux pas du tram. En cet \u00e9t\u00e9 2025, le&hellip;\n","protected":false},"author":2,"featured_media":302729,"comment_status":"","ping_status":"","sticky":false,"template":"","format":"standard","meta":{"footnotes":""},"categories":[2818],"tags":[9638,1111,11,24692,6458,1777,674,1011,27,766,12,2636,8889,25,19764],"class_list":{"0":"post-303199","1":"post","2":"type-post","3":"status-publish","4":"format-standard","5":"has-post-thumbnail","7":"category-nantes","8":"tag-9638","9":"tag-actu","10":"tag-actualites","11":"tag-camping","12":"tag-etoiles","13":"tag-eu","14":"tag-europe","15":"tag-fr","16":"tag-france","17":"tag-nantes","18":"tag-news","19":"tag-pays-de-la-loire","20":"tag-proximite","21":"tag-republique-francaise","22":"tag-tranquillite"},"share_on_mastodon":{"url":"https:\/\/pubeurope.com\/@fr\/114988548432882384","error":""},"_links":{"self":[{"href":"https:\/\/www.europesays.com\/fr\/wp-json\/wp\/v2\/posts\/303199","targetHints":{"allow":["GET"]}}],"collection":[{"href":"https:\/\/www.europesays.com\/fr\/wp-json\/wp\/v2\/posts"}],"about":[{"href":"https:\/\/www.europesays.com\/fr\/wp-json\/wp\/v2\/types\/post"}],"author":[{"embeddable":true,"href":"https:\/\/www.europesays.com\/fr\/wp-json\/wp\/v2\/users\/2"}],"replies":[{"embeddable":true,"href":"https:\/\/www.europesays.com\/fr\/wp-json\/wp\/v2\/comments?post=303199"}],"version-history":[{"count":0,"href":"https:\/\/www.europesays.com\/fr\/wp-json\/wp\/v2\/posts\/303199\/revisions"}],"wp:featuredmedia":[{"embeddable":true,"href":"https:\/\/www.europesays.com\/fr\/wp-json\/wp\/v2\/media\/302729"}],"wp:attachment":[{"href":"https:\/\/www.europesays.com\/fr\/wp-json\/wp\/v2\/media?parent=303199"}],"wp:term":[{"taxonomy":"category","embeddable":true,"href":"https:\/\/www.europesays.com\/fr\/wp-json\/wp\/v2\/categories?post=303199"},{"taxonomy":"post_tag","embeddable":true,"href":"https:\/\/www.europesays.com\/fr\/wp-json\/wp\/v2\/tags?post=303199"}],"curies":[{"name":"wp","href":"https:\/\/api.w.org\/{rel}","templated":true}]}}