{"id":303202,"date":"2025-08-07T17:00:12","date_gmt":"2025-08-07T17:00:12","guid":{"rendered":"https:\/\/www.europesays.com\/fr\/303202\/"},"modified":"2025-08-07T17:00:12","modified_gmt":"2025-08-07T17:00:12","slug":"points-deau-espaces-fraicheur-la-ville-de-bordeaux-sorganise-pour-faire-face-a-la-canicule","status":"publish","type":"post","link":"https:\/\/www.europesays.com\/fr\/303202\/","title":{"rendered":"Points d&rsquo;eau, espaces fra\u00eecheur\u2026 La ville de Bordeaux s&rsquo;organise pour faire face \u00e0 la canicule"},"content":{"rendered":"<p>            Par<br \/>\n        <strong><br \/>\n            <a href=\"https:\/\/actu.fr\/auteur\/juliette-cardinale\" title=\"Consulter tous les articles de Juliette Cardinale\" rel=\"nofollow noopener\" target=\"_blank\">Juliette Cardinale<\/a><br \/>\n        <\/strong><\/p>\n<p>        Publi\u00e9 le<\/p>\n<p>            7 ao\u00fbt 2025 \u00e0 18h39        <\/p>\n<p>Ce jeudi 7\u00a0ao\u00fbt 2025, il fait d\u00e9j\u00e0 bien chaud dans les rues <a href=\"https:\/\/actu.fr\/bordeaux\/\" rel=\"nofollow noopener\" target=\"_blank\">de Bordeaux.<\/a> \u00c0 l\u2019ombre des parasols de la r\u00e9sidence autonomie senior Buchou, <strong>l\u2019air est pesant<\/strong> en milieu de journ\u00e9e. D\u2019ailleurs, aucun r\u00e9sident ne s\u2019y attarde\u2009: ils sont tous install\u00e9s au frais, dans le r\u00e9fectoire. En plus d\u2019accueillir la soixantaine de r\u00e9sidents pour d\u00e9jeuner, la salle sert \u00ab\u2009d\u2019espace rafra\u00eechi\u2009\u00bb\u2009: ils peuvent s\u2019y d\u00e9tendre au frais dans la journ\u00e9e \u2013 tout comme les seniors du quartier.<\/p>\n<p class=\" wall-content\">\u00ab\u2009Dans chaque r\u00e9sidence et Ehpad municipaux, il y a <strong>ces lieux climatis\u00e9s et rafra\u00eechis<\/strong> qui servent de lieux refuges \u00e0 la chaleur\u2009\u00bb, explique Sylvie Schmitt, adjointe au maire charg\u00e9e de l\u2019\u00e9ducation, de l\u2019enfance et de la jeunesse. Une information rappel\u00e9e par la mairie \u00e0 la veille d\u2019une nouvelle\u00a0<a href=\"https:\/\/actu.fr\/nouvelle-aquitaine\/bordeaux_33063\/un-episode-caniculaire-dans-le-sud-ouest-meteo-france-place-la-gironde-en-vigilance-jaune_63007221.html\" rel=\"nofollow noopener\" target=\"_blank\">vigilance jaune canicule\u2009:<\/a> elle d\u00e9marre ce vendredi midi.<\/p>\n<p>La pr\u00e9vention renforc\u00e9e<\/p>\n<p class=\" wall-content\">Pour ce niveau, c\u2019est surtout \u00ab\u2009de la pr\u00e9vention\u2009\u00bb qu\u2019op\u00e8re la directrice de la r\u00e9sidence autonomie Buchou \u2013 comme la mairie de Bordeaux.\u00a0Les missions de lutte <strong>contre l\u2019isolement,<\/strong> de pr\u00e9vention et de veille, valables toute l\u2019ann\u00e9e, se renforcent dans ces p\u00e9riodes caniculaires.<\/p>\n<p class=\" wall-content\">Les occupants de la r\u00e9sidence Buchou, de leur c\u00f4t\u00e9, sont invit\u00e9s \u00e0 descendre dans l\u2019une des deux salles climatis\u00e9es, la salle de repas ou celle d\u2019animations. \u00ab\u2009On rep\u00e8re les personnes \u00e0 risque, on renforce le lien entre les familles et le personnel soignant. On propose des activit\u00e9s calmes, au frais, l\u2019apr\u00e8s-midi. <strong>On commence \u00e0 conna\u00eetre les canicules,<\/strong> on est pr\u00eats\u2009\u00bb, affirme la responsable de l\u2019\u00e9tablissement o\u00f9 des personnes \u00e2g\u00e9es de plus de 60\u00a0ans vivent dans des appartements en autonomie.<\/p>\n<p>Les seniors particuli\u00e8rement fragiles<\/p>\n<p class=\" wall-content\">\u00ab\u2009On <strong>renforce la pr\u00e9vention<\/strong> aupr\u00e8s du public et du personnel professionnel, notamment dans les cr\u00e8ches, \u00e9coles ou centres de loisirs, espaces seniors et dans la rue\u2009\u00bb, liste Sylvie Schmitt.<\/p>\n<blockquote class=\"ac-article-quote wall-content\">\n<p>En cas de fortes chaleurs, il faut bien s&rsquo;hydrater, bien manger et rester le plus possible dans les lieux rafra\u00eechis.<\/p>\n<p>    <strong>Sylvie Schmitt <\/strong><br \/>\n        Adjointe \u00e0 la mairie de Bordeaux    <\/p><\/blockquote>\n<p class=\" wall-content\">En p\u00e9riode de vigilance jaune, <strong>3\u2009600 seniors sont pr\u00e9venus par sms ou messages vocaux,<\/strong> et rappel\u00e9s s\u2019ils ne r\u00e9pondent pas au bout du deuxi\u00e8me. Parmi eux, 900\u00a0personnes particuli\u00e8rement \u00e0 risque ou isol\u00e9es sont appel\u00e9es plusieurs fois par semaine.<\/p>\n<p class=\" wall-content\">Mais les seniors ne sont pas les seuls \u00e0 b\u00e9n\u00e9ficier de l\u2019action de mairie. Quatorze sites \u00e9quip\u00e9s de <strong>brumisateurs et<\/strong> de <a href=\"https:\/\/data.opendatasoft.com\/explore\/embed\/dataset\/bor_fontaines_eau_potable@scnbdx\/map\/?flg=fr-fr&amp;disjunctive.etat&amp;disjunctive.modele_fontaine&amp;location=12,44.85611,-0.53301&amp;basemap=jawg.streets\" rel=\"nofollow noopener\" target=\"_blank\">nombreux points d\u2019eau potable<\/a> sont en acc\u00e8s libre \u00e0 travers Bordeaux. Des lieux municipaux comme les mus\u00e9es et les biblioth\u00e8ques, ouverts le week-end, permettent aussi de se rafra\u00eechir. Des distributions de bouteilles d\u2019eau, des acc\u00e8s aux lieux d\u2019accueil et \u00e0 des douches* sont renforc\u00e9s pour les personnes sans-abri.<\/p>\n<p>Une action plus p\u00e9renne<\/p>\n<p class=\" wall-content\">D\u2019apr\u00e8s les pr\u00e9visions de M\u00e9t\u00e9o France, les p\u00e9riodes de canicule vont \u00eatre de plus en plus longues, plus intenses et plus pr\u00e9coces. \u00ab\u2009En plantant des arbres, en d\u00e9simperm\u00e9abilisant des places et en v\u00e9g\u00e9talisant les cours d\u2019\u00e9cole, la mairie agit pour <strong>limiter la chaleur en ville\u2009\u00bb,<\/strong> souligne Sylvie Schmitt.<\/p>\n<p class=\" wall-content\">Un large <strong>diagnostic de la consommation \u00e9nerg\u00e9tique<\/strong> et du confort d\u2019\u00e9t\u00e9 des b\u00e2timents municipaux a notamment \u00e9t\u00e9 lanc\u00e9, r\u00e9sultant sur un plan de r\u00e9novations \u00e0 long terme.<\/p>\n<p class=\" wall-content\">En attendant, une salle par \u00e9tablissement scolaire est \u00e9quip\u00e9e de climatiseurs. Des dispositifs ont \u00e9t\u00e9 install\u00e9s sur les b\u00e2timents municipaux, comme des <strong>stores bannes<\/strong> sur la fa\u00e7ade expos\u00e9e plein ouest de la r\u00e9sidence Buchou.<\/p>\n<p>*Un acc\u00e8s aux douches est propos\u00e9 place de La R\u00e9publique, lundi 11\u00a0ao\u00fbt de 18 \u00e0 21\u00a0heures, en partenariat avec l\u2019association Un Espoir Solidaire et Bubble Box<\/p>\n<p class=\" wall-content\">Suivez toute l\u2019actualit\u00e9 de vos villes et m\u00e9dias favoris en vous inscrivant \u00e0 <a href=\"https:\/\/moncompte.actu.fr\" title=\"D\u00e9couvez Mon Actu\" rel=\"nofollow noopener\" data-trk=\"{&quot;cta&quot;:{&quot;action&quot;:&quot;https:\\\/\\\/moncompte.actu.fr&quot;,&quot;category&quot;:&quot;mon compte&quot;,&quot;from&quot;:&quot;article footer&quot;,&quot;name&quot;:&quot;Mon actu&quot;,&quot;type&quot;:&quot;cta&quot;}}\" target=\"_blank\">Mon Actu<\/a>.<\/p>\n","protected":false},"excerpt":{"rendered":"Par Juliette Cardinale Publi\u00e9 le 7 ao\u00fbt 2025 \u00e0 18h39 Ce jeudi 7\u00a0ao\u00fbt 2025, il fait d\u00e9j\u00e0 bien&hellip;\n","protected":false},"author":2,"featured_media":288979,"comment_status":"","ping_status":"","sticky":false,"template":"","format":"standard","meta":{"footnotes":""},"categories":[2817],"tags":[1111,11,1997,6698,1777,674,1011,27,12,2219,25,3552,104],"class_list":{"0":"post-303202","1":"post","2":"type-post","3":"status-publish","4":"format-standard","5":"has-post-thumbnail","7":"category-bordeaux","8":"tag-actu","9":"tag-actualites","10":"tag-bordeaux","11":"tag-canicule","12":"tag-eu","13":"tag-europe","14":"tag-fr","15":"tag-france","16":"tag-news","17":"tag-nouvelle-aquitaine","18":"tag-republique-francaise","19":"tag-seniors","20":"tag-societe"},"share_on_mastodon":{"url":"https:\/\/pubeurope.com\/@fr\/114988556192499394","error":""},"_links":{"self":[{"href":"https:\/\/www.europesays.com\/fr\/wp-json\/wp\/v2\/posts\/303202","targetHints":{"allow":["GET"]}}],"collection":[{"href":"https:\/\/www.europesays.com\/fr\/wp-json\/wp\/v2\/posts"}],"about":[{"href":"https:\/\/www.europesays.com\/fr\/wp-json\/wp\/v2\/types\/post"}],"author":[{"embeddable":true,"href":"https:\/\/www.europesays.com\/fr\/wp-json\/wp\/v2\/users\/2"}],"replies":[{"embeddable":true,"href":"https:\/\/www.europesays.com\/fr\/wp-json\/wp\/v2\/comments?post=303202"}],"version-history":[{"count":0,"href":"https:\/\/www.europesays.com\/fr\/wp-json\/wp\/v2\/posts\/303202\/revisions"}],"wp:featuredmedia":[{"embeddable":true,"href":"https:\/\/www.europesays.com\/fr\/wp-json\/wp\/v2\/media\/288979"}],"wp:attachment":[{"href":"https:\/\/www.europesays.com\/fr\/wp-json\/wp\/v2\/media?parent=303202"}],"wp:term":[{"taxonomy":"category","embeddable":true,"href":"https:\/\/www.europesays.com\/fr\/wp-json\/wp\/v2\/categories?post=303202"},{"taxonomy":"post_tag","embeddable":true,"href":"https:\/\/www.europesays.com\/fr\/wp-json\/wp\/v2\/tags?post=303202"}],"curies":[{"name":"wp","href":"https:\/\/api.w.org\/{rel}","templated":true}]}}