{"id":303203,"date":"2025-08-07T17:01:11","date_gmt":"2025-08-07T17:01:11","guid":{"rendered":"https:\/\/www.europesays.com\/fr\/303203\/"},"modified":"2025-08-07T17:01:11","modified_gmt":"2025-08-07T17:01:11","slug":"la-sncf-supprime-des-trains-sur-les-lignes-bordeaux-marseille-et-paris-limoges-toulousea-cause-des-fortes-chaleurs-attendues","status":"publish","type":"post","link":"https:\/\/www.europesays.com\/fr\/303203\/","title":{"rendered":"La SNCF supprime des trains sur les lignes Bordeaux-Marseille et Paris-Limoges-Toulouse\u00e0 cause des fortes chaleurs attendues,"},"content":{"rendered":"<p>Se rendre \u00e0 Bordeaux depuis Marseille risque d&rsquo;\u00eatre difficile ces prochains jours. \u00c0 compter de ce jeudi 7 ao\u00fbt et jusqu&rsquo;au lundi 11, plusieurs trains seront annul\u00e9s, ont fait savoir la SNCF, une information r\u00e9v\u00e9l\u00e9e par <a href=\"https:\/\/www.bfmtv.com\/economie\/entreprises\/transports\/prevenir-les-pannes-a-cause-des-fortes-chaleurs-attendues-la-sncf-annule-des-trains-sur-les-lignes-bordeaux-marseille-et-paris-limoges-toulouse_AN-202508070228.html\" target=\"_blank\" rel=\"noopener\">BFMTV<\/a>. La ligne Paris-Limoges-Toulouse est \u00e9galement concern\u00e9e.\u00a0Trois allers-retours entre Bordeaux et Marseille sont supprim\u00e9s sur la p\u00e9riode.\u00a0<\/p>\n<p>\u00ab\u00a0Les tr\u00e8s fortes chaleurs pr\u00e9vues dans les jours \u00e0 venir sur le centre et le sud du pays nous conduisent \u00e0 devoir all\u00e9ger temporairement notre offre de transport\u00a0\u00bb, se justifie la SNCF aupr\u00e8s de BFM Business.\u00a0Alors que les trains Corail utilis\u00e9s sont parfois \u00e2g\u00e9s de pr\u00e8s de 50 ans, \u00ab\u00a0cette mesure vise \u00e0 pr\u00e9venir les pannes potentielles de climatisation li\u00e9es aux tr\u00e8s hautes temp\u00e9ratures\u00a0\u00bb, poursuit la compagnie.<\/p>\n<p>Des trains anciens<\/p>\n<p>\u00ab\u00a0Le fonctionnement des climatisations des voitures Corail a bien s\u00fbr \u00e9t\u00e9 v\u00e9rifi\u00e9 sur 100% des trains de la p\u00e9riode estivale et elles font l&rsquo;objet d&rsquo;un entretien r\u00e9gulier\u00a0\u00bb, assure-t-elle.\u00a0\u00ab\u00a0Cependant, leur conception ancienne ne leur assure pas la m\u00eame robustesse que celle des trains plus r\u00e9cents dans certaines conditions m\u00e9t\u00e9orologiques comme celles rencontr\u00e9es \u00e0 partir d&rsquo;aujourd&rsquo;hui\u00a0\u00bb, explique-t-elle.<\/p>\n<p>La SNCF a contact\u00e9 les clients concern\u00e9s par ces annulations pour leur permettre de r\u00e9organiser leur voyage. La capacit\u00e9 des trains \u00ab\u00a0sera renforc\u00e9e pour faciliter le report de clients dont les trains seraient supprim\u00e9s\u00a0\u00bb, affirme-t-elle, indiquant qu&rsquo;ils b\u00e9n\u00e9ficient de l&rsquo;\u00e9change ou du remboursement de leurs billets sans frais.<\/p>\n<p>En juin dernier, la SNCF avait d\u00e9j\u00e0 annul\u00e9 des trains pr\u00e9ventivement pour les m\u00eames raisons sur la ligne Bordeaux-Marseille, \u00e0 cause de ces conditions qui peuvent en entra\u00eener des pannes ou des ralentissements.<\/p>\n","protected":false},"excerpt":{"rendered":"Se rendre \u00e0 Bordeaux depuis Marseille risque d&rsquo;\u00eatre difficile ces prochains jours. \u00c0 compter de ce jeudi 7&hellip;\n","protected":false},"author":2,"featured_media":303204,"comment_status":"","ping_status":"","sticky":false,"template":"","format":"standard","meta":{"footnotes":""},"categories":[2817],"tags":[17,1111,11,1997,44326,1102,154,1777,674,1011,27,3052,12,2219,16,25,2215,44325,3356,5811],"class_list":{"0":"post-303203","1":"post","2":"type-post","3":"status-publish","4":"format-standard","5":"has-post-thumbnail","7":"category-bordeaux","8":"tag-17","9":"tag-actu","10":"tag-actualites","11":"tag-bordeaux","12":"tag-bordeaux-marseille","13":"tag-breakingnews","14":"tag-des","15":"tag-eu","16":"tag-europe","17":"tag-fr","18":"tag-france","19":"tag-ligne","20":"tag-news","21":"tag-nouvelle-aquitaine","22":"tag-region","23":"tag-republique-francaise","24":"tag-sncf","25":"tag-supprime","26":"tag-sur","27":"tag-trains"},"share_on_mastodon":{"url":"https:\/\/pubeurope.com\/@fr\/114988560098265276","error":""},"_links":{"self":[{"href":"https:\/\/www.europesays.com\/fr\/wp-json\/wp\/v2\/posts\/303203","targetHints":{"allow":["GET"]}}],"collection":[{"href":"https:\/\/www.europesays.com\/fr\/wp-json\/wp\/v2\/posts"}],"about":[{"href":"https:\/\/www.europesays.com\/fr\/wp-json\/wp\/v2\/types\/post"}],"author":[{"embeddable":true,"href":"https:\/\/www.europesays.com\/fr\/wp-json\/wp\/v2\/users\/2"}],"replies":[{"embeddable":true,"href":"https:\/\/www.europesays.com\/fr\/wp-json\/wp\/v2\/comments?post=303203"}],"version-history":[{"count":0,"href":"https:\/\/www.europesays.com\/fr\/wp-json\/wp\/v2\/posts\/303203\/revisions"}],"wp:featuredmedia":[{"embeddable":true,"href":"https:\/\/www.europesays.com\/fr\/wp-json\/wp\/v2\/media\/303204"}],"wp:attachment":[{"href":"https:\/\/www.europesays.com\/fr\/wp-json\/wp\/v2\/media?parent=303203"}],"wp:term":[{"taxonomy":"category","embeddable":true,"href":"https:\/\/www.europesays.com\/fr\/wp-json\/wp\/v2\/categories?post=303203"},{"taxonomy":"post_tag","embeddable":true,"href":"https:\/\/www.europesays.com\/fr\/wp-json\/wp\/v2\/tags?post=303203"}],"curies":[{"name":"wp","href":"https:\/\/api.w.org\/{rel}","templated":true}]}}