{"id":30321,"date":"2025-04-17T00:15:08","date_gmt":"2025-04-17T00:15:08","guid":{"rendered":"https:\/\/www.europesays.com\/fr\/30321\/"},"modified":"2025-04-17T00:15:08","modified_gmt":"2025-04-17T00:15:08","slug":"motogp-remarquable-annonce-pour-quarataro-yamaha-teste-enfin-le-v4","status":"publish","type":"post","link":"https:\/\/www.europesays.com\/fr\/30321\/","title":{"rendered":"MotoGP Remarquable annonce pour Quarataro, Yamaha teste enfin le V4 !"},"content":{"rendered":"<p>Nous savions qu\u2019il y avait de bonnes chances pour que Yamaha MotoGP teste son nouveau moteur V4 cette ann\u00e9e, puisque les int\u00e9ress\u00e9s avaient d\u00e9j\u00e0 \u00e9voque cette possibilit\u00e9. Mais de l\u00e0 \u00e0 ce que cela se produise aussi t\u00f4t dans la saison\u2026Et c\u2019est le constructeur Japonais qui vient, lui-m\u00eame, de confirmer l\u2019information, via le site officiel de la cat\u00e9gorie reine.<\/p>\n<p>MotoGP : 1er test d\u2019une longue s\u00e9rie pour le V4 de Yamaha<\/p>\n<p>Actuellement \u00e0 Valencia avec ses pilotes d\u2019essais \u00e0 savoir, Augusto Fernandez mais aussi, le revenant Cal Crutchlow, Yamaha a donc confirm\u00e9 que le nouveau moteur V4 passait un premier test, sur piste, aujourd\u2019hui m\u00eame. \u00ab Nous avons commenc\u00e9 \u00e0 tester le moteur V4 \u00bb, a d\u00e9clar\u00e9 Max Bartolini, directeur technique de Yamaha Team MotoGP, voil\u00e0 quelques heures.<\/p>\n<blockquote class=\"twitter-tweet\">\n<p dir=\"ltr\" lang=\"en\">Hear what Yamaha Technical Director Max Bartolini has to say about the V4 engine \ud83d\udc40<a href=\"https:\/\/twitter.com\/hashtag\/MotoGP?src=hash&amp;ref_src=twsrc%5Etfw\" target=\"_blank\" rel=\"noopener nofollow\">#MotoGP<\/a> <a href=\"https:\/\/t.co\/mhIiG4JYh9\" target=\"_blank\" rel=\"nofollow\">https:\/\/t.co\/mhIiG4JYh9<\/a><\/p>\n<p>\u2014 MotoGP\u2122\ud83c\udfc1 (@MotoGP) <a href=\"https:\/\/twitter.com\/MotoGP\/status\/1912438202209611884?ref_src=twsrc%5Etfw\" target=\"_blank\" rel=\"noopener nofollow\">April 16, 2025<\/a><\/p>\n<\/blockquote>\n<p>L\u2019int\u00e9ress\u00e9 \u00e9voque aussi la perspective de faire tester le bloc en question par les pilotes titulaires en MotoGP et notamment donc, \u00e0 Fabio Quartararo. \u201cLe fait de le faire tester par les pilotes officiels va d\u00e9pendre de la mani\u00e8re dont se passe le d\u00e9veloppement. Si la moto est pr\u00eate, ce sera fait d\u00e8s que possible. Cela demande du temps de d\u00e9velopper un moteur et une moto mais nous sommes encore au tout, tout d\u00e9but du d\u00e9veloppement. Pour le moment, nous n\u2019avons pas encore eu la possibilit\u00e9 de bien comparer la performance mais nous ferons une comparaison d\u00e8s que possible et nous poursuivrons avec la plus rapide des deux motos. La moto de l\u2019ann\u00e9e prochaine disposera du V4 si\u00a0le moteur V4 sur la moto V4 est plus rapide que la moto actuelle.\u201d, conclut l\u2019int\u00e9ress\u00e9.<\/p>\n<p>En clair, nous sommes encore bien loin de voir le moteur en question en piste, sur des Grand-Prix. Mais il s\u2019agit d\u2019une premi\u00e8re \u00e9tape, encourageante, montrant \u00e0 quel point l\u2019\u00e9quipe ne m\u00e9nage pas ses efforts. Ce en changeant m\u00eame sa propre philosophie, pour revenir sur le devant de la sc\u00e8ne. Un signal fort, auquel le pilote tricolore sera tr\u00e8s certainement sensible.\u00a0Reste maintenant \u00e0 patienter, afin de conna\u00eetre le premier verdict des pilotes d\u2019essais, \u00e0 l\u2019issue de cette journ\u00e9e test en Espagne.<\/p>\n<p>Article publi\u00e9 le 16\/04\/2025 \u00e0 16h30<\/p>\n<p>                                                            <script async src=\"https:\/\/platform.twitter.com\/widgets.js\" charset=\"utf-8\"><\/script><\/p>\n","protected":false},"excerpt":{"rendered":"Nous savions qu\u2019il y avait de bonnes chances pour que Yamaha MotoGP teste son nouveau moteur V4 cette&hellip;\n","protected":false},"author":2,"featured_media":30322,"comment_status":"","ping_status":"","sticky":false,"template":"","format":"standard","meta":{"footnotes":""},"categories":[1413],"tags":[1680,1011,27,1457,1456,1458,60,4921],"class_list":{"0":"post-30321","1":"post","2":"type-post","3":"status-publish","4":"format-standard","5":"has-post-thumbnail","7":"category-moto","8":"tag-fabio-quartararo","9":"tag-fr","10":"tag-france","11":"tag-moto","12":"tag-motocycle","13":"tag-motogp","14":"tag-sports","15":"tag-yamaha"},"share_on_mastodon":{"url":"https:\/\/pubeurope.com\/@fr\/114350425658489147","error":""},"_links":{"self":[{"href":"https:\/\/www.europesays.com\/fr\/wp-json\/wp\/v2\/posts\/30321","targetHints":{"allow":["GET"]}}],"collection":[{"href":"https:\/\/www.europesays.com\/fr\/wp-json\/wp\/v2\/posts"}],"about":[{"href":"https:\/\/www.europesays.com\/fr\/wp-json\/wp\/v2\/types\/post"}],"author":[{"embeddable":true,"href":"https:\/\/www.europesays.com\/fr\/wp-json\/wp\/v2\/users\/2"}],"replies":[{"embeddable":true,"href":"https:\/\/www.europesays.com\/fr\/wp-json\/wp\/v2\/comments?post=30321"}],"version-history":[{"count":0,"href":"https:\/\/www.europesays.com\/fr\/wp-json\/wp\/v2\/posts\/30321\/revisions"}],"wp:featuredmedia":[{"embeddable":true,"href":"https:\/\/www.europesays.com\/fr\/wp-json\/wp\/v2\/media\/30322"}],"wp:attachment":[{"href":"https:\/\/www.europesays.com\/fr\/wp-json\/wp\/v2\/media?parent=30321"}],"wp:term":[{"taxonomy":"category","embeddable":true,"href":"https:\/\/www.europesays.com\/fr\/wp-json\/wp\/v2\/categories?post=30321"},{"taxonomy":"post_tag","embeddable":true,"href":"https:\/\/www.europesays.com\/fr\/wp-json\/wp\/v2\/tags?post=30321"}],"curies":[{"name":"wp","href":"https:\/\/api.w.org\/{rel}","templated":true}]}}