{"id":303210,"date":"2025-08-07T17:06:10","date_gmt":"2025-08-07T17:06:10","guid":{"rendered":"https:\/\/www.europesays.com\/fr\/303210\/"},"modified":"2025-08-07T17:06:10","modified_gmt":"2025-08-07T17:06:10","slug":"une-association-sort-les-griffes-contre-cet-evenement","status":"publish","type":"post","link":"https:\/\/www.europesays.com\/fr\/303210\/","title":{"rendered":"une association sort les griffes contre cet \u00e9v\u00e8nement"},"content":{"rendered":"<p>            Par<br \/>\n        <strong><br \/>\n            <a href=\"https:\/\/actu.fr\/auteur\/thomas-blanc\" title=\"Consulter tous les articles de Thomas Blanc\" rel=\"nofollow noopener\" target=\"_blank\">Thomas Blanc<\/a><br \/>\n        <\/strong><\/p>\n<p>        Publi\u00e9 le<\/p>\n<p>            7 ao\u00fbt 2025 \u00e0 18h57        <\/p>\n<p>L\u2019adoption d\u2019un <a href=\"https:\/\/actu.fr\/tag\/animaux\" rel=\"nofollow noopener\" target=\"_blank\">animal de compagnie<\/a> est tr\u00e8s encadr\u00e9e en France, que ce soit en refuge ou bien dans un \u00e9levage\u2009: un d\u00e9lai de sept jours est notamment impos\u00e9. Une loi qui serait largement contourn\u00e9e par certains salons, accuse l\u2019association Paz. \u00ab\u2009\u00c0 l\u2019approche des \u00e9lections municipales\u2009\u00bb, elle r\u00e9clame d\u2019ailleurs du maire de Marseille Beno\u00eet Payan (DVG) \u00ab\u2009un geste fort\u2009\u00bb\u2009: l\u2019annulation d\u2019un \u00e9v\u00e9nement programm\u00e9 les 10 et 11\u00a0janvier 2026 au Parc Chanot, o\u00f9 les visiteurs repartiraient le jour m\u00eame avec leur nouvel ami. Elle demande \u00e9galement que ces rendez-vous \u00ab\u2009o\u00f9 l\u2019on expose les animaux <strong>comme des jouets<\/strong>\u2009\u00bb cessent, purement et simplement. On vous explique.\u00a0<\/p>\n<p>Des salons r\u00e9guliers \u00e0 Marseille<\/p>\n<p class=\" wall-content\">\u00c0 Marseille, on semble aimer les salons exposants des animaux de compagnie. En effet, depuis <strong>plus de deux d\u00e9cennies<\/strong>, le Parc Chanot accueille en janvier un de ces \u00e9v\u00e9nements. Pendant plus de 15\u00a0ans \u00ab\u2009Animal Mania\u2009\u00bb et depuis quelques ann\u00e9es le \u00ab\u2009salon des animaux de compagnie et de leur bien-\u00eatre\u2009\u00bb.<\/p>\n<blockquote class=\"ac-article-quote wall-content\">\n<p>Ces salons sont des galeries commerciales qui invitent au l\u00e8che-vitrine en marchandisant les animaux et en les pr\u00e9sentant comme des objets de collection.<\/p>\n<p>    <strong>Paz <\/strong><br \/>\n        Association de d\u00e9fense des animaux     <\/p><\/blockquote>\n<p class=\" wall-content\">Le salon Animal Mania se targuait dans ses communications de r\u00e9unir plus de 1500 animaux et de r\u00e9aliser <strong>plusieurs centaines de vente<\/strong> \u00e0 chaque \u00e9dition.<\/p>\n<p>Des salons qui p\u00e8sent sur le nombre d\u2019abandons<\/p>\n<p class=\" wall-content\">Amandine Sanvisens, cofondatrice de Paz d\u00e9veloppe aupr\u00e8s d\u2019actu Marseille\u2009: \u00ab\u2009nous menons une campagne nationale pour mettre fin \u00e0 ce genre de salon.\u2009\u00bb Pour cela, l\u2019association \u00ab\u2009\u00e9crit aux maires de chaque ville o\u00f9 [ils] se tiennent dans des lieux qui appartiennent \u00e0 la mairie\u2009\u00bb, ce qui est le cas du parc Chanot. La missive adress\u00e9e \u00e0 l\u2019\u00e9quipe de Beno\u00eet Payan est partie le <strong>22\u00a0juillet 2025<\/strong>. Une <a href=\"https:\/\/www.mesopinions.com\/petition\/animaux\/mairie-marseille-stop-salon-animal-mania\/246047\" rel=\"nofollow noopener\" target=\"_blank\">p\u00e9tition<\/a> totalise par ailleurs plus de 20000 signatures.\u00a0<\/p>\n<p class=\" wall-content\">Ces salons semblent contourner une loi de novembre\u00a02021. Elle stipule que \u00ab\u2009la cession de l\u2019animal ne peut intervenir moins de <strong>sept jours apr\u00e8s la d\u00e9livrance du certificat<\/strong> au cessionnaire\u2009\u00bb qui est donn\u00e9 par l\u2019\u00e9leveur ou l\u2019association \u00e0 la famille qui adopte, souvent lors d\u2019une premi\u00e8re rencontre avec l\u2019animal.<\/p>\n<p class=\" wall-content\">\u00ab\u2009Dans ces salons, ces certificats sont antidat\u00e9s, les gens les t\u00e9l\u00e9chargent en ligne sur le site du salon avant d\u2019y aller et la date indiqu\u00e9e pr\u00e9c\u00e8de d\u2019une semaine la date du salon\u2009\u00bb, regrette Amandine Sanvisens. Elle parle \u00ab\u2009d\u2019<strong>achats impulsifs<\/strong>\u2009\u00bb qui \u00ab\u2009p\u00e8sent ensuite sur le nombre d\u2019abandons.\u2009\u00bb Ils s\u2019\u00e9l\u00e8vent \u00e0 environ <strong>200000 par an<\/strong> en France rien que pour les chats et les chiens, un record en Europe\u2026. 45000 animaux ont \u00e9t\u00e9 par exemple recueillis par la seule SPA en 2024.<\/p>\n<p>Beno\u00eet Payan \u00ab\u2009sensible\u2009\u00bb \u00e0 la cause animale<\/p>\n<p class=\" wall-content\">L\u2019association a bon espoir d\u2019obtenir gain de cause puisque l\u2019actuel maire de Marseille s\u2019est d\u00e9j\u00e0 <strong>rang\u00e9 plusieurs fois du c\u00f4t\u00e9 de la protection des animaux<\/strong>.<\/p>\n<blockquote class=\"ac-article-quote wall-content\">\n<p>Nous savons que le maire est sensible \u00e0 la cause animale car il a d\u00e9j\u00e0 pris position publiquement contre l&rsquo;installation des cirques avec des animaux sauvages.<\/p>\n<p>    <strong>Amandine Sanvisens<\/strong><br \/>\n        Co-fondatrice de Paz    <\/p><\/blockquote>\n<p class=\" wall-content\">En effet, cet \u00e9pisode datant de 2021 avait abouti \u00e0 <strong>l\u2019interdiction par la mairie du cirque Muller<\/strong> de recevoir du public dans la cit\u00e9 phoc\u00e9enne.<\/p>\n<p class=\" wall-content\">Christine Juste, adjointe (EELV) au maire charg\u00e9e entre autres de l\u2019animal dans la ville, confie d\u2019ailleurs \u00e0 actu Marseille que la municipalit\u00e9 a \u00ab\u2009pris des risques du point de vue l\u00e9gal puisque la loi en vigueur \u00e0 ce sujet n\u2019est effective qu\u2019\u00e0 partir de 2028.\u2009\u00bb<\/p>\n<p>L\u2019association obtient gain de cause<\/p>\n<p class=\" wall-content\">Bonne nouvelle pour Paz et les amoureux des animaux, la mairie s\u2019aligne sur la position de l\u2019association. Christine Juste affirme aupr\u00e8s d\u2019actu Marseille qu\u2019\u00ab\u2009il n\u2019y a aucun doute \u00e0 avoir sur le fait que nous sommes tr\u00e8s en col\u00e8re que ce type de salons puisse se tenir \u00e0 Marseille. Nous avons fait la demande \u00e0 GL Events, qui g\u00e8re le parc Chanot, que<strong> l\u2019\u00e9dition 2026 soit la derni\u00e8re\u2009<\/strong>\u00bb.<\/p>\n<p class=\" wall-content\">La Ville insiste \u00e9galement sur le fait que ce salon entre en contradiction avec \u00ab\u2009l\u2019adoption de [sa] <a href=\"https:\/\/www.marseille.fr\/sites\/default\/files\/contenu\/environnement\/PDF\/Animaux\/charte_animaux.pdf\" rel=\"nofollow noopener\" target=\"_blank\">Charte commune du bien-\u00eatre animal<\/a> en 2024\u2009\u00bb et confirme son engagement \u00ab<strong>\u2009contre la maltraitance<\/strong> et pour le bien-\u00eatre animal\u2009\u00bb.<\/p>\n<p class=\" wall-content\">Sollicit\u00e9, GL Events n\u2019a pas \u00e9t\u00e9 en mesure de confirmer que l\u2019\u00e9dition 2026 du \u00ab\u2009salon des animaux de compagnie et de leur bien-\u00eatre\u2009\u00bb sera la derni\u00e8re. Aussi contact\u00e9e, la soci\u00e9t\u00e9 Salons du Sud, qui l\u2019organise, n\u2019avait pas r\u00e9pondu \u00e0 nos demandes de pr\u00e9cisions \u00e0 l\u2019heure de la publication de ces lignes.<\/p>\n<p class=\" wall-content\">Suivez toute l\u2019actualit\u00e9 de vos villes et m\u00e9dias favoris en vous inscrivant \u00e0 <a href=\"https:\/\/moncompte.actu.fr\" title=\"D\u00e9couvez Mon Actu\" rel=\"nofollow noopener\" data-trk=\"{&quot;cta&quot;:{&quot;action&quot;:&quot;https:\\\/\\\/moncompte.actu.fr&quot;,&quot;category&quot;:&quot;mon compte&quot;,&quot;from&quot;:&quot;article footer&quot;,&quot;name&quot;:&quot;Mon actu&quot;,&quot;type&quot;:&quot;cta&quot;}}\" target=\"_blank\">Mon Actu<\/a>.<\/p>\n","protected":false},"excerpt":{"rendered":"Par Thomas Blanc Publi\u00e9 le 7 ao\u00fbt 2025 \u00e0 18h57 L\u2019adoption d\u2019un animal de compagnie est tr\u00e8s encadr\u00e9e&hellip;\n","protected":false},"author":2,"featured_media":303211,"comment_status":"","ping_status":"","sticky":false,"template":"","format":"standard","meta":{"footnotes":""},"categories":[2814],"tags":[1111,11,1867,6469,1777,674,1011,27,6795,884,12,882,25,104],"class_list":{"0":"post-303210","1":"post","2":"type-post","3":"status-publish","4":"format-standard","5":"has-post-thumbnail","7":"category-marseille","8":"tag-actu","9":"tag-actualites","10":"tag-animaux","11":"tag-benoit-payan","12":"tag-eu","13":"tag-europe","14":"tag-fr","15":"tag-france","16":"tag-maltraitance-animale","17":"tag-marseille","18":"tag-news","19":"tag-provence-alpes-cote-dazur","20":"tag-republique-francaise","21":"tag-societe"},"share_on_mastodon":{"url":"https:\/\/pubeurope.com\/@fr\/114988579881686824","error":""},"_links":{"self":[{"href":"https:\/\/www.europesays.com\/fr\/wp-json\/wp\/v2\/posts\/303210","targetHints":{"allow":["GET"]}}],"collection":[{"href":"https:\/\/www.europesays.com\/fr\/wp-json\/wp\/v2\/posts"}],"about":[{"href":"https:\/\/www.europesays.com\/fr\/wp-json\/wp\/v2\/types\/post"}],"author":[{"embeddable":true,"href":"https:\/\/www.europesays.com\/fr\/wp-json\/wp\/v2\/users\/2"}],"replies":[{"embeddable":true,"href":"https:\/\/www.europesays.com\/fr\/wp-json\/wp\/v2\/comments?post=303210"}],"version-history":[{"count":0,"href":"https:\/\/www.europesays.com\/fr\/wp-json\/wp\/v2\/posts\/303210\/revisions"}],"wp:featuredmedia":[{"embeddable":true,"href":"https:\/\/www.europesays.com\/fr\/wp-json\/wp\/v2\/media\/303211"}],"wp:attachment":[{"href":"https:\/\/www.europesays.com\/fr\/wp-json\/wp\/v2\/media?parent=303210"}],"wp:term":[{"taxonomy":"category","embeddable":true,"href":"https:\/\/www.europesays.com\/fr\/wp-json\/wp\/v2\/categories?post=303210"},{"taxonomy":"post_tag","embeddable":true,"href":"https:\/\/www.europesays.com\/fr\/wp-json\/wp\/v2\/tags?post=303210"}],"curies":[{"name":"wp","href":"https:\/\/api.w.org\/{rel}","templated":true}]}}