{"id":303214,"date":"2025-08-07T17:08:09","date_gmt":"2025-08-07T17:08:09","guid":{"rendered":"https:\/\/www.europesays.com\/fr\/303214\/"},"modified":"2025-08-07T17:08:09","modified_gmt":"2025-08-07T17:08:09","slug":"lyon-a-le-meilleur-debit-internet-du-monde-selon-une-etude","status":"publish","type":"post","link":"https:\/\/www.europesays.com\/fr\/303214\/","title":{"rendered":"Lyon a le meilleur d\u00e9bit Internet du monde selon une \u00e9tude"},"content":{"rendered":"<p itemprop=\"description\"><strong>Lyon est la nouvelle capitale du d\u00e9bit Internet fixe.<\/strong><\/p>\n<p>D\u00e9trompez-vous, le meilleur d\u00e9bit Internet du monde ne se trouve ni en Chine, ni aux \u00c9mirats arabes unis, mais bel et bien en France. Et plus particuli\u00e8rement \u00e0 Lyon. La plateforme <a href=\"https:\/\/www.speedtest.net\/global-index\" target=\"_blank\" rel=\"noopener nofollow\">Speedtest<\/a>, qui \u00e9value les meilleures connexions de la plan\u00e8te, a publi\u00e9 son dernier classement mondial.<\/p>\n<p>Avec une moyenne de 347,52 Mb\/s, la capitale des Gaules se retrouve tout en haut du podium, juste devant Abu Dhabi (344,34 Mb\/s) et Valparaiso au Chili (330,57 Mb\/s).<\/p>\n<p>Comment expliquer une telle place ?<\/p>\n<p>La M\u00e9tropole de Lyon s\u2019est engag\u00e9e depuis plusieurs ann\u00e9es dans une politique active et structur\u00e9e pour assurer une couverture \u00e9tendue de la fibre optique Tr\u00e8s Haut D\u00e9bit (THD) sur son territoire. D\u2019abord, elle a sign\u00e9 d\u00e8s 2015 une d\u00e9l\u00e9gation de service public (DSP) en vue de d\u00e9velopper un R\u00e9seau d\u2019Initiative Publique (RIP) couvrant prioritairement les zones d\u2019activit\u00e9, les sites \u00e9conomiques et \u00e9quipements publics de l\u2019agglom\u00e9ration.<\/p>\n<p>Parall\u00e8lement, les op\u00e9rateurs priv\u00e9s ont \u00e9t\u00e9 encourag\u00e9s \u00e0 d\u00e9ployer leurs propres r\u00e9seaux FTTH dans les zones tr\u00e8s denses, conduisant aujourd\u2019hui \u00e0 plus de 96\u202f% des logements lyonnais \u00e9ligibles \u00e0 la fibre, avec certaines offres atteignant des d\u00e9bits allant jusqu\u2019\u00e0 8\u202fGb\/s.<\/p>\n<p>Paris, la capitale, ne se situe qu\u2019\u00e0 la 23e place de ce classement. De quoi donner le sourire aux Rhodaniens qui peuvent commenter sur LyonMag \u00e0 la vitesse de l&rsquo;\u00e9clair.<\/p>\n<p>A noter que du c\u00f4t\u00e9 du classement des pays, la France arrive troisi\u00e8me, derri\u00e8re Singapour et Hong-Kong.<\/p>\n","protected":false},"excerpt":{"rendered":"Lyon est la nouvelle capitale du d\u00e9bit Internet fixe. D\u00e9trompez-vous, le meilleur d\u00e9bit Internet du monde ne se&hellip;\n","protected":false},"author":2,"featured_media":303215,"comment_status":"","ping_status":"","sticky":false,"template":"","format":"standard","meta":{"footnotes":""},"categories":[1889],"tags":[1111,11,2813,2190,2430,1109,251,1112,2811,1777,674,118,1011,27,1922,1110,1114,2428,2810,12,241,316,25,2812,517,800],"class_list":{"0":"post-303214","1":"post","2":"type-post","3":"status-publish","4":"format-standard","5":"has-post-thumbnail","7":"category-lyon","8":"tag-actu","9":"tag-actualites","10":"tag-article","11":"tag-asvel","12":"tag-auvergne-rhone-alpes","13":"tag-breves","14":"tag-culture","15":"tag-depeches","16":"tag-economique","17":"tag-eu","18":"tag-europe","19":"tag-faits-divers","20":"tag-fr","21":"tag-france","22":"tag-info","23":"tag-informations","24":"tag-infos","25":"tag-lyon","26":"tag-lyonmag","27":"tag-news","28":"tag-ol","29":"tag-politique","30":"tag-republique-francaise","31":"tag-sociale","32":"tag-sport","33":"tag-transports"},"share_on_mastodon":{"url":"https:\/\/pubeurope.com\/@fr\/114988587628454971","error":""},"_links":{"self":[{"href":"https:\/\/www.europesays.com\/fr\/wp-json\/wp\/v2\/posts\/303214","targetHints":{"allow":["GET"]}}],"collection":[{"href":"https:\/\/www.europesays.com\/fr\/wp-json\/wp\/v2\/posts"}],"about":[{"href":"https:\/\/www.europesays.com\/fr\/wp-json\/wp\/v2\/types\/post"}],"author":[{"embeddable":true,"href":"https:\/\/www.europesays.com\/fr\/wp-json\/wp\/v2\/users\/2"}],"replies":[{"embeddable":true,"href":"https:\/\/www.europesays.com\/fr\/wp-json\/wp\/v2\/comments?post=303214"}],"version-history":[{"count":0,"href":"https:\/\/www.europesays.com\/fr\/wp-json\/wp\/v2\/posts\/303214\/revisions"}],"wp:featuredmedia":[{"embeddable":true,"href":"https:\/\/www.europesays.com\/fr\/wp-json\/wp\/v2\/media\/303215"}],"wp:attachment":[{"href":"https:\/\/www.europesays.com\/fr\/wp-json\/wp\/v2\/media?parent=303214"}],"wp:term":[{"taxonomy":"category","embeddable":true,"href":"https:\/\/www.europesays.com\/fr\/wp-json\/wp\/v2\/categories?post=303214"},{"taxonomy":"post_tag","embeddable":true,"href":"https:\/\/www.europesays.com\/fr\/wp-json\/wp\/v2\/tags?post=303214"}],"curies":[{"name":"wp","href":"https:\/\/api.w.org\/{rel}","templated":true}]}}