{"id":303216,"date":"2025-08-07T17:09:10","date_gmt":"2025-08-07T17:09:10","guid":{"rendered":"https:\/\/www.europesays.com\/fr\/303216\/"},"modified":"2025-08-07T17:09:10","modified_gmt":"2025-08-07T17:09:10","slug":"le-conseil-constitutionnel-valide-le-nouveau-mode-de-scrutin-a-marseille-paris-et-lyon","status":"publish","type":"post","link":"https:\/\/www.europesays.com\/fr\/303216\/","title":{"rendered":"le Conseil constitutionnel valide le nouveau mode de scrutin \u00e0 Marseille, Paris et Lyon"},"content":{"rendered":"<p>C\u2019est la fin d\u2019un chemin parlementaire mouvement\u00e9. La nouvelle loi PLM visant \u00e0 r\u00e9former le mode d\u2019\u00e9lection des membres des conseils municipaux des trois plus grandes villes, dont Marseille avec Paris et Lyon, a \u00e9t\u00e9 valid\u00e9e par le conseil constitutionnel ce jeudi\u00a07 ao\u00fbt 2025.<\/p>\n<p>Les \u00ab\u00a0Sages\u00a0\u00bb ont relev\u00e9 que pour ces trois communes, les plus peupl\u00e9es de France, le l\u00e9gislateur \u00e9tait fond\u00e9 \u00e0 vouloir \u00ab\u00a0am\u00e9liorer la repr\u00e9sentation des diverses sensibilit\u00e9s politiques au sein (de leurs) assembl\u00e9es d\u00e9lib\u00e9rantes\u00a0\u00bb, \u00ab\u00a0conform\u00e9ment \u00e0 l&rsquo;objectif de valeur constitutionnelle de pluralisme des courants de pens\u00e9es et d&rsquo;opinions\u00a0\u00bb.<\/p>\n<p>D\u00e9pos\u00e9 \u00e0 l\u2019Assembl\u00e9e Nationale le mardi 15\u00a0octobre 2024, le texte avait \u00e9t\u00e9 adopt\u00e9, avant d\u2019\u00eatre rejet\u00e9 par le S\u00e9nat le 9\u00a0avril\u00a02025. La proposition de loi \u00e9tait donc pass\u00e9e en commission mixte paritaire (CMP) devant 7 d\u00e9put\u00e9s et 7 s\u00e9nateurs le 24\u00a0juin\u00a02025. Mais la commission a \u00e9chou\u00e9, faute d\u2019accord entre les parlementaires.<\/p>\n<p>Le premier ministre, Fran\u00e7ois Bayrou, avait alors choisi de donner le dernier mot \u00e0 l\u2019Assembl\u00e9e nationale en s\u00e9ance publique le 7\u00a0juillet\u00a02025. Le S\u00e9nat a de nouveau rejet\u00e9 le texte le 9\u00a0juillet. Mais le lendemain, les d\u00e9put\u00e9s ont adopt\u00e9 d\u00e9finitivement la loi PLM, par 112 voix contre 28, en passant outre l\u2019hostilit\u00e9 du S\u00e9nat.<\/p>\n<p>Que contient la loi PLM\u00a0?<\/p>\n<p>Cette loi PLM met fin au mode de scrutin mis en place en\u00a01983 pour Paris, Lyon et Marseille. Actuellement, les \u00e9lecteurs de ces trois villes votent dans chaque arrondissement ou secteur pour une liste de conseillers, les \u00e9lus du haut de la liste si\u00e9geant au conseil d\u2019arrondissement et au conseil municipal.<\/p>\n<p>Le texte pr\u00e9voit \u00e0 la place d\u2019instaurer deux scrutins, l\u2019un pour \u00e9lire les conseillers d\u2019arrondissement ou de secteur, l\u2019autre pour \u00e9lire ceux du conseil municipal, sur une circonscription unique. Il modifie aussi la prime majoritaire accord\u00e9e \u00e0 la liste arriv\u00e9e en t\u00eate, en la faisant passer de 50 \u00e0 25%, contrairement au droit commun, puisque c\u2019est une prime de 50% qui s\u2019applique dans toutes les communes de France.<\/p>\n","protected":false},"excerpt":{"rendered":"C\u2019est la fin d\u2019un chemin parlementaire mouvement\u00e9. La nouvelle loi PLM visant \u00e0 r\u00e9former le mode d\u2019\u00e9lection des&hellip;\n","protected":false},"author":2,"featured_media":303217,"comment_status":"","ping_status":"","sticky":false,"template":"","format":"standard","meta":{"footnotes":""},"categories":[1889],"tags":[17,1111,11,2430,1102,7516,16740,1777,674,1011,27,2428,985,3554,12,4565,316,25,4189,29402],"class_list":{"0":"post-303216","1":"post","2":"type-post","3":"status-publish","4":"format-standard","5":"has-post-thumbnail","7":"category-lyon","8":"tag-17","9":"tag-actu","10":"tag-actualites","11":"tag-auvergne-rhone-alpes","12":"tag-breakingnews","13":"tag-conseil","14":"tag-constitutionnel","15":"tag-eu","16":"tag-europe","17":"tag-fr","18":"tag-france","19":"tag-lyon","20":"tag-mode","21":"tag-municipales","22":"tag-news","23":"tag-nouveau","24":"tag-politique","25":"tag-republique-francaise","26":"tag-scrutin","27":"tag-valide"},"share_on_mastodon":{"url":"https:\/\/pubeurope.com\/@fr\/114988591524250925","error":""},"_links":{"self":[{"href":"https:\/\/www.europesays.com\/fr\/wp-json\/wp\/v2\/posts\/303216","targetHints":{"allow":["GET"]}}],"collection":[{"href":"https:\/\/www.europesays.com\/fr\/wp-json\/wp\/v2\/posts"}],"about":[{"href":"https:\/\/www.europesays.com\/fr\/wp-json\/wp\/v2\/types\/post"}],"author":[{"embeddable":true,"href":"https:\/\/www.europesays.com\/fr\/wp-json\/wp\/v2\/users\/2"}],"replies":[{"embeddable":true,"href":"https:\/\/www.europesays.com\/fr\/wp-json\/wp\/v2\/comments?post=303216"}],"version-history":[{"count":0,"href":"https:\/\/www.europesays.com\/fr\/wp-json\/wp\/v2\/posts\/303216\/revisions"}],"wp:featuredmedia":[{"embeddable":true,"href":"https:\/\/www.europesays.com\/fr\/wp-json\/wp\/v2\/media\/303217"}],"wp:attachment":[{"href":"https:\/\/www.europesays.com\/fr\/wp-json\/wp\/v2\/media?parent=303216"}],"wp:term":[{"taxonomy":"category","embeddable":true,"href":"https:\/\/www.europesays.com\/fr\/wp-json\/wp\/v2\/categories?post=303216"},{"taxonomy":"post_tag","embeddable":true,"href":"https:\/\/www.europesays.com\/fr\/wp-json\/wp\/v2\/tags?post=303216"}],"curies":[{"name":"wp","href":"https:\/\/api.w.org\/{rel}","templated":true}]}}