{"id":303218,"date":"2025-08-07T17:11:10","date_gmt":"2025-08-07T17:11:10","guid":{"rendered":"https:\/\/www.europesays.com\/fr\/303218\/"},"modified":"2025-08-07T17:11:10","modified_gmt":"2025-08-07T17:11:10","slug":"un-controle-routier-a-sartrouville-permet-de-demanteler-un-trafic-de-stupefiants-en-ile-de-france","status":"publish","type":"post","link":"https:\/\/www.europesays.com\/fr\/303218\/","title":{"rendered":"un contr\u00f4le routier \u00e0 Sartrouville permet de d\u00e9manteler un trafic de stup\u00e9fiants en \u00cele-de-France"},"content":{"rendered":"<p>\t\t\t\t\t Lors de ses auditions, le conducteur, domicili\u00e9 \u00e0 Saint-Gratien (Val d&rsquo;Oise), reconna\u00eet livrer du cannabis depuis le mois de juin dans toute l\u2019\u00cele-de-France pour le compte d\u2019un tiers dont il refuse de r\u00e9v\u00e9ler l\u2019identit\u00e9. Il indique recevoir ses instructions via un contact WhatsApp et r\u00e9cup\u00e9rer la marchandise dans un parking d\u2019Eaubonne, dans le Val-d\u2019Oise. Il refuse toutefois de d\u00e9verrouiller son t\u00e9l\u00e9phone. <\/p>\n<p>Le passager, \u00e9tudiant de 18 ans r\u00e9sidant \u00e0 Argenteuil, dans le Val d&rsquo;Oise \u00e9galement, explique n\u2019avoir accompagn\u00e9 le conducteur qu\u2019\u00e0 deux ou trois reprises et refuse lui aussi de d\u00e9v\u00e9rouiller son t\u00e9l\u00e9phone. Les perquisitions men\u00e9es \u00e0 leurs domiciles respectifs s\u2019av\u00e8rent infructueuses.\n\t\t\t\t <\/p>\n","protected":false},"excerpt":{"rendered":"Lors de ses auditions, le conducteur, domicili\u00e9 \u00e0 Saint-Gratien (Val d&rsquo;Oise), reconna\u00eet livrer du cannabis depuis le mois&hellip;\n","protected":false},"author":2,"featured_media":303219,"comment_status":"","ping_status":"","sticky":false,"template":"","format":"standard","meta":{"footnotes":""},"categories":[1592],"tags":[1111,11,1777,674,1011,27,662,1934,12,5161,626,25,9590,5163],"class_list":{"0":"post-303218","1":"post","2":"type-post","3":"status-publish","4":"format-standard","5":"has-post-thumbnail","7":"category-ile-de-france","8":"tag-actu","9":"tag-actualites","10":"tag-eu","11":"tag-europe","12":"tag-fr","13":"tag-france","14":"tag-ile-de-france","15":"tag-infos-locales","16":"tag-news","17":"tag-normandie","18":"tag-paris","19":"tag-republique-francaise","20":"tag-rouen","21":"tag-seine-maritime"},"share_on_mastodon":{"url":"https:\/\/pubeurope.com\/@fr\/114988599615815918","error":""},"_links":{"self":[{"href":"https:\/\/www.europesays.com\/fr\/wp-json\/wp\/v2\/posts\/303218","targetHints":{"allow":["GET"]}}],"collection":[{"href":"https:\/\/www.europesays.com\/fr\/wp-json\/wp\/v2\/posts"}],"about":[{"href":"https:\/\/www.europesays.com\/fr\/wp-json\/wp\/v2\/types\/post"}],"author":[{"embeddable":true,"href":"https:\/\/www.europesays.com\/fr\/wp-json\/wp\/v2\/users\/2"}],"replies":[{"embeddable":true,"href":"https:\/\/www.europesays.com\/fr\/wp-json\/wp\/v2\/comments?post=303218"}],"version-history":[{"count":0,"href":"https:\/\/www.europesays.com\/fr\/wp-json\/wp\/v2\/posts\/303218\/revisions"}],"wp:featuredmedia":[{"embeddable":true,"href":"https:\/\/www.europesays.com\/fr\/wp-json\/wp\/v2\/media\/303219"}],"wp:attachment":[{"href":"https:\/\/www.europesays.com\/fr\/wp-json\/wp\/v2\/media?parent=303218"}],"wp:term":[{"taxonomy":"category","embeddable":true,"href":"https:\/\/www.europesays.com\/fr\/wp-json\/wp\/v2\/categories?post=303218"},{"taxonomy":"post_tag","embeddable":true,"href":"https:\/\/www.europesays.com\/fr\/wp-json\/wp\/v2\/tags?post=303218"}],"curies":[{"name":"wp","href":"https:\/\/api.w.org\/{rel}","templated":true}]}}