{"id":303220,"date":"2025-08-07T17:12:11","date_gmt":"2025-08-07T17:12:11","guid":{"rendered":"https:\/\/www.europesays.com\/fr\/303220\/"},"modified":"2025-08-07T17:12:11","modified_gmt":"2025-08-07T17:12:11","slug":"la-procession-du-15-aout-de-retour-dans-les-rues-de-la-capitale-voici-le-programme","status":"publish","type":"post","link":"https:\/\/www.europesays.com\/fr\/303220\/","title":{"rendered":"la procession du 15 ao\u00fbt de retour dans les rues de la capitale, voici le programme"},"content":{"rendered":"<p>            Par<br \/>\n        <strong><br \/>\n            <a href=\"https:\/\/actu.fr\/auteur\/redaction-paris\" title=\"Consulter tous les articles de R\u00e9daction Paris\" rel=\"nofollow noopener\" target=\"_blank\">R\u00e9daction Paris<\/a><br \/>\n        <\/strong><\/p>\n<p>        Publi\u00e9 le<\/p>\n<p>            7 ao\u00fbt 2025 \u00e0 18h04        <\/p>\n<p>Six mois <a href=\"https:\/\/actu.fr\/ile-de-france\/paris_75056\/une-nouvelle-maison-c-est-merveilleux-les-catholiques-de-paris-enchantes-a-la-reouverture-de-notre-dame_61973326.html\" rel=\"nofollow noopener\" target=\"_blank\">apr\u00e8s sa r\u00e9ouverture<\/a>, la <a href=\"https:\/\/actu.fr\/tag\/cathedrale-notre-dame-de-paris\" rel=\"nofollow noopener\" target=\"_blank\">cath\u00e9drale de Notre-Dame de Paris<\/a> s\u2019appr\u00eate \u00e0 revivre un \u00e9v\u00e9nement organis\u00e9 depuis le 17e si\u00e8cle\u2009: la <strong>procession des fid\u00e8les<\/strong> pour la f\u00eate de l\u2019Assomption. Elle aura lieu les 14 et 15\u00a0ao\u00fbt 2025 et le programme s\u2019annonce charg\u00e9.<\/p>\n<p>\u00ab\u2009\u00c9lev\u00e9e dans la gloire du ciel\u2009\u00bb<\/p>\n<p class=\" wall-content\">\u00ab\u2009Apr\u00e8s l\u2019incendie de 2019 et la r\u00e9ouverture en 2024, cet \u00e9v\u00e9nement marquera notamment <strong>le retour de la procession des fid\u00e8les<\/strong> dans les rues de Paris le 15\u00a0ao\u00fbt qui rentrera \u00e0 nouveau dans la Cath\u00e9drale\u2009\u00bb, annonce la direction de l\u2019\u00e9difice religieux avant de rappeler le but de ces festivit\u00e9s\u2009: \u00ab\u2009comm\u00e9morer le v\u0153u de Louis XIII, texte l\u00e9gislatif qui consacre la France sous la protection de la Vierge Marie\u2009\u00bb.\u00a0Et le programme s\u2019annonce charg\u00e9.<\/p>\n<p>Jeudi 14\u00a0ao\u00fbt 2025<\/p>\n<p class=\" wall-content\">14h\u2009: visites r\u00e9duites, ouverture de la Cath\u00e9drale pour les c\u00e9l\u00e9brations.<br \/>17h15\u2009: v\u00eapres<br \/>18h\u2009: messe<br \/>19h15\u2009: procession jubilaire dans la Cath\u00e9drale et ostension de la Couronne d\u2019\u00e9pines<br \/>20h15\u2009: proclamation de l\u2019\u00c9vangile et pr\u00e9dication suivies du v\u0153u de Louis XIII<br \/>21h\u2009: complies puis fin et sortie sur le parvis<\/p>\n<p>Vendredi 15\u00a0ao\u00fbt 2025<\/p>\n<p class=\" wall-content\">8h30\u2009: messe<br \/>9h30\u2009: laudes<br \/>10h\u2009: messe<br \/>11h30\u2009: messe<br \/>15h45\u2009: depuis le parvis, b\u00e9n\u00e9diction et d\u00e9part de la procession autour de la Vierge \u00e0 l\u2019Enfant de Charles X*, pr\u00e9sid\u00e9e par Mgr Emmanuel Tois, \u00e9v\u00eaque auxiliaire de Paris<br \/>17h15\u2009: retour de la procession et v\u00eapres solennelles<br \/>18h\u2009: messe pr\u00e9sid\u00e9e par Mgr Emmanuel Tois<\/p>\n<p class=\" wall-content\">Chaque ann\u00e9e, le 15\u00a0ao\u00fbt, l\u2019\u00c9glise catholique comm\u00e9more <strong>l\u2019Assomption de la Vierge Marie<\/strong> qui, pour les fid\u00e8les, \u00ab\u2009a \u00e9t\u00e9 \u00e9lev\u00e9e dans la gloire du ciel au terme de sa vie terrestre.\u2009\u00bb<\/p>\n<p class=\" wall-content\">Suivez toute l\u2019actualit\u00e9 de vos villes et m\u00e9dias favoris en vous inscrivant \u00e0 <a href=\"https:\/\/moncompte.actu.fr\" title=\"D\u00e9couvez Mon Actu\" rel=\"nofollow noopener\" data-trk=\"{&quot;cta&quot;:{&quot;action&quot;:&quot;https:\\\/\\\/moncompte.actu.fr&quot;,&quot;category&quot;:&quot;mon compte&quot;,&quot;from&quot;:&quot;article footer&quot;,&quot;name&quot;:&quot;Mon actu&quot;,&quot;type&quot;:&quot;cta&quot;}}\" target=\"_blank\">Mon Actu<\/a>.<\/p>\n<ul class=\"ac-article-tag wall-content\">\n<li><a href=\"https:\/\/actu.fr\/tag\/cathedrale-notre-dame-de-paris\" data-trk=\"{&quot;cta&quot;:{&quot;action&quot;:&quot;cath\\u00e9drale Notre-Dame de Paris&quot;,&quot;category&quot;:&quot;tag&quot;,&quot;from&quot;:&quot;article footer&quot;,&quot;name&quot;:&quot;cath\\u00e9drale Notre-Dame de Paris&quot;,&quot;type&quot;:&quot;cta&quot;}}\" rel=\"nofollow noopener\" target=\"_blank\">#cath\u00e9drale Notre-Dame de Paris<\/a><\/li>\n<\/ul>\n","protected":false},"excerpt":{"rendered":"Par R\u00e9daction Paris Publi\u00e9 le 7 ao\u00fbt 2025 \u00e0 18h04 Six mois apr\u00e8s sa r\u00e9ouverture, la cath\u00e9drale de&hellip;\n","protected":false},"author":2,"featured_media":303221,"comment_status":"","ping_status":"","sticky":false,"template":"","format":"standard","meta":{"footnotes":""},"categories":[1888],"tags":[1111,1928,11,1927,8777,1777,674,1011,27,12,1926,626,1925,25,104],"class_list":{"0":"post-303220","1":"post","2":"type-post","3":"status-publish","4":"format-standard","5":"has-post-thumbnail","7":"category-paris","8":"tag-actu","9":"tag-actu-paris","10":"tag-actualites","11":"tag-actualites-paris","12":"tag-cathedrale-notre-dame-de-paris","13":"tag-eu","14":"tag-europe","15":"tag-fr","16":"tag-france","17":"tag-news","18":"tag-news-paris","19":"tag-paris","20":"tag-paris-news","21":"tag-republique-francaise","22":"tag-societe"},"share_on_mastodon":{"url":"https:\/\/pubeurope.com\/@fr\/114988603386358834","error":""},"_links":{"self":[{"href":"https:\/\/www.europesays.com\/fr\/wp-json\/wp\/v2\/posts\/303220","targetHints":{"allow":["GET"]}}],"collection":[{"href":"https:\/\/www.europesays.com\/fr\/wp-json\/wp\/v2\/posts"}],"about":[{"href":"https:\/\/www.europesays.com\/fr\/wp-json\/wp\/v2\/types\/post"}],"author":[{"embeddable":true,"href":"https:\/\/www.europesays.com\/fr\/wp-json\/wp\/v2\/users\/2"}],"replies":[{"embeddable":true,"href":"https:\/\/www.europesays.com\/fr\/wp-json\/wp\/v2\/comments?post=303220"}],"version-history":[{"count":0,"href":"https:\/\/www.europesays.com\/fr\/wp-json\/wp\/v2\/posts\/303220\/revisions"}],"wp:featuredmedia":[{"embeddable":true,"href":"https:\/\/www.europesays.com\/fr\/wp-json\/wp\/v2\/media\/303221"}],"wp:attachment":[{"href":"https:\/\/www.europesays.com\/fr\/wp-json\/wp\/v2\/media?parent=303220"}],"wp:term":[{"taxonomy":"category","embeddable":true,"href":"https:\/\/www.europesays.com\/fr\/wp-json\/wp\/v2\/categories?post=303220"},{"taxonomy":"post_tag","embeddable":true,"href":"https:\/\/www.europesays.com\/fr\/wp-json\/wp\/v2\/tags?post=303220"}],"curies":[{"name":"wp","href":"https:\/\/api.w.org\/{rel}","templated":true}]}}