{"id":303222,"date":"2025-08-07T17:13:11","date_gmt":"2025-08-07T17:13:11","guid":{"rendered":"https:\/\/www.europesays.com\/fr\/303222\/"},"modified":"2025-08-07T17:13:11","modified_gmt":"2025-08-07T17:13:11","slug":"paris-franchit-les-7700-pts-soutenu-par-accor-et-teleperformance-07-08-2025-a-1758","status":"publish","type":"post","link":"https:\/\/www.europesays.com\/fr\/303222\/","title":{"rendered":"Paris: franchit les 7700 pts, soutenu par Accor et Teleperformance &#8211; 07\/08\/2025 \u00e0 17:58"},"content":{"rendered":"<p>                                                                (Zonebourse.com) &#8211; La Bourse de Paris conclut la s\u00e9ance sur un gain de 0,97%, \u00e0 7709 points, profitant des performances de Accor (+5,4%), Teleperformance (+3,6%) et Stellantis (+3,4%).<br \/>\n<br \/>De fa\u00e7on assez surprenante, les investisseurs semblent d\u00e9j\u00e0 avoir tourn\u00e9 la page des nouveaux droits de douane US, qui sont officiellement entr\u00e9s en vigueur aujourd&rsquo;hui.<\/p>\n<p>Pas non plus de r\u00e9actions aux menaces de Trump d&rsquo;amplifier les &lsquo;tarifs&rsquo; douaniers du Japon et de l&rsquo;Europe si les investissements promis ne sont pas mis en oeuvre.<br \/>\n<br \/>Les incertitudes subsistent par ailleurs autour des relations USA\/Chine alors que la Maison Blanche a laiss\u00e9 \u00e0 P\u00e9kin jusqu&rsquo;au 12 ao\u00fbt pour parvenir \u00e0 un accord durable avec Washington.\n<\/p>\n<p>Le Nasdaq s&rsquo;arroge d&rsquo;ailleurs 0,6%, tir\u00e9 par les grandes valeurs technologiques comme Apple, Amazon ou Nvidia. Le S&amp;P 500 stagne malgr\u00e9 l&rsquo;annonce de 166 MdsUSD de &lsquo;buyback&rsquo; (rachats de titres) depuis d\u00e9but juillet par les entreprises de l&rsquo;indice, ce qui constitue un record absolu en 4 semaines ; et ce n&rsquo;est pas termin\u00e9.\n<\/p>\n<p>En Europe, l&rsquo;Euro Stoxx 50 grimpe de +1,4%, Londres recule en revanche de -0,6% alors que la Banque d&rsquo;Angleterre a bien r\u00e9duit son taux directeur de 0,25% mais ne donne pas d&rsquo;indication sur ses prochaines d\u00e9cisions de politique mon\u00e9taire pour les mois \u00e0 venir.\n<\/p>\n<p>Les investisseurs ont pu prendre connaissance de plusieurs statistiques US au fil de la s\u00e9ance, \u00e0 l&rsquo;instar des nouvelles inscriptions aux allocations ch\u00f4mage (+7 000, pour atteindre 226 000) ou des stocks des grossistes (+0,1%) en juillet.\n<\/p>\n<p>Concernant l&rsquo;Hexagone, le d\u00e9ficit commercial de la France est rest\u00e9 pratiquement stable \u00e0 7,62 milliards d&rsquo;euros en juin, apr\u00e8s 7,63 milliards le mois pr\u00e9c\u00e9dent, selon les donn\u00e9es corrig\u00e9es de variations saisonni\u00e8res et calendaires (CVS-CJO) de Bercy.<br \/>\n<br \/>D&rsquo;un mois sur l&rsquo;autre, les exportations fran\u00e7aises se sont accrues de 3,4% \u00e0 un peu plus de 50,6 milliards d&rsquo;euros, mais cette progression s&rsquo;est trouv\u00e9e contrebalanc\u00e9e par des importations en hausse de 2,9% \u00e0 moins de 58,3 milliards.\n<\/p>\n<p>Enfin, notons qu&rsquo;outre-Rhin, apr\u00e8s un tassement de 0,1% en mai (chiffre fortement r\u00e9vis\u00e9 d&rsquo;une premi\u00e8re estimation qui \u00e9tait de +1,2%), la production industrielle allemande en volume a recul\u00e9 de 1,9% en juin par rapport au mois pr\u00e9c\u00e9dent, selon Destatis.\n<\/p>\n<p>Sur le compartiment obligataire, le rendement des emprunts d&rsquo;\u00c9tat am\u00e9ricains \u00e0 10 ans reste stable \u00e0 4,228%, tandis que celui du Bund allemand est aussi stable, autour des 2,637% ; l&rsquo;OAT reste fig\u00e9e vers 3,303%.\n<\/p>\n<p>Du c\u00f4t\u00e9 des devises, l&rsquo;euro c\u00e8de 0,2% face au billet vert, \u00e0 1,163 USD.<br \/>\n<br \/>Le baril de Brent se traite autour de 66,7 USD (-0,3%).\n<\/p>\n<p>Dans l&rsquo;actualit\u00e9 des soci\u00e9t\u00e9s tricolores, Bouygues Telecom a annonc\u00e9 avoir \u00e9t\u00e9 victime d&rsquo;une cyberattaque ayant permis l&rsquo;acc\u00e8s non autoris\u00e9 \u00e0 certaines donn\u00e9es personnelles de 6,4 millions de comptes clients.\n<\/p>\n<p>Valneva fait part de la lev\u00e9e de l&rsquo;arr\u00eat temporaire de la FDA am\u00e9ricaine sur l&rsquo;utilisation d&rsquo;Ixchiq, son vaccin contre le CHIKV, chez les personnes \u00e2g\u00e9es de 60 ans et plus, ainsi que de son accord sur une mise \u00e0 jour des caract\u00e9ristiques du produit.\n<\/p>\n<p>Enfin, Getlink, la maison m\u00e8re d&rsquo;Eurotunnel, annonce que LeShuttle a transport\u00e9 267 359 v\u00e9hicules de tourisme au mois de juillet, en hausse de 4% en comparaison annuelle, et LeShuttle Freight, 100 401 camions, en repli de 2% par rapport \u00e0 juillet 2024.<\/p>\n","protected":false},"excerpt":{"rendered":"(Zonebourse.com) &#8211; La Bourse de Paris conclut la s\u00e9ance sur un gain de 0,97%, \u00e0 7709 points, profitant&hellip;\n","protected":false},"author":2,"featured_media":7013,"comment_status":"","ping_status":"","sticky":false,"template":"","format":"standard","meta":{"footnotes":""},"categories":[1888],"tags":[400,1111,1928,11,1927,398,408,405,1777,674,1011,27,403,402,399,404,12,1926,626,1925,25,401,406,407],"class_list":{"0":"post-303222","1":"post","2":"type-post","3":"status-publish","4":"format-standard","5":"has-post-thumbnail","7":"category-paris","8":"tag-action-cac-40","9":"tag-actu","10":"tag-actu-paris","11":"tag-actualites","12":"tag-actualites-paris","13":"tag-bourse-de-paris","14":"tag-boursorama","15":"tag-cotations","16":"tag-eu","17":"tag-europe","18":"tag-fr","19":"tag-france","20":"tag-indices-devises","21":"tag-investir","22":"tag-investissement","23":"tag-marche-boursier","24":"tag-news","25":"tag-news-paris","26":"tag-paris","27":"tag-paris-news","28":"tag-republique-francaise","29":"tag-sicav","30":"tag-trackers","31":"tag-warrants"},"share_on_mastodon":{"url":"https:\/\/pubeurope.com\/@fr\/114988607428560868","error":""},"_links":{"self":[{"href":"https:\/\/www.europesays.com\/fr\/wp-json\/wp\/v2\/posts\/303222","targetHints":{"allow":["GET"]}}],"collection":[{"href":"https:\/\/www.europesays.com\/fr\/wp-json\/wp\/v2\/posts"}],"about":[{"href":"https:\/\/www.europesays.com\/fr\/wp-json\/wp\/v2\/types\/post"}],"author":[{"embeddable":true,"href":"https:\/\/www.europesays.com\/fr\/wp-json\/wp\/v2\/users\/2"}],"replies":[{"embeddable":true,"href":"https:\/\/www.europesays.com\/fr\/wp-json\/wp\/v2\/comments?post=303222"}],"version-history":[{"count":0,"href":"https:\/\/www.europesays.com\/fr\/wp-json\/wp\/v2\/posts\/303222\/revisions"}],"wp:featuredmedia":[{"embeddable":true,"href":"https:\/\/www.europesays.com\/fr\/wp-json\/wp\/v2\/media\/7013"}],"wp:attachment":[{"href":"https:\/\/www.europesays.com\/fr\/wp-json\/wp\/v2\/media?parent=303222"}],"wp:term":[{"taxonomy":"category","embeddable":true,"href":"https:\/\/www.europesays.com\/fr\/wp-json\/wp\/v2\/categories?post=303222"},{"taxonomy":"post_tag","embeddable":true,"href":"https:\/\/www.europesays.com\/fr\/wp-json\/wp\/v2\/tags?post=303222"}],"curies":[{"name":"wp","href":"https:\/\/api.w.org\/{rel}","templated":true}]}}