{"id":303227,"date":"2025-08-07T17:16:16","date_gmt":"2025-08-07T17:16:16","guid":{"rendered":"https:\/\/www.europesays.com\/fr\/303227\/"},"modified":"2025-08-07T17:16:16","modified_gmt":"2025-08-07T17:16:16","slug":"la-diplomatie-donnant-donnant-de-donald-trump-en-ukraine-un-echec-pour-arreter-lagression-russe","status":"publish","type":"post","link":"https:\/\/www.europesays.com\/fr\/303227\/","title":{"rendered":"La diplomatie donnant-donnant de Donald Trump en Ukraine, un \u00e9chec pour arr\u00eater l\u2019agression russe"},"content":{"rendered":"<p>Six mois apr\u00e8s l\u2019intronisation du pr\u00e9sident Donald Trump \u00e0 la Maison-Blanche, son effort d\u2019arr\u00eater la guerre en Ukraine a \u00e9chou\u00e9.<\/p>\n<p>Sa promesse \u00e9lectorale d\u2019y mettre fin <a href=\"https:\/\/www.youtube.com\/watch?v=_fEbGppH86M\" rel=\"nofollow noopener\" target=\"_blank\">\u00ab\u00a0en 24\u00a0heures\u00a0\u00bb<\/a> n\u2019a rien \u00e0 voir avec la r\u00e9alit\u00e9 diplomatique pr\u00e9sente. Un cessez-le-feu entre la Russie et l\u2019Ukraine, une proposition am\u00e9ricaine et ukrainienne, est constamment refus\u00e9 par la Russie.<\/p>\n<p>Quant \u00e0 la <a href=\"https:\/\/www.aljazeera.com\/news\/2025\/2\/15\/zelenskyy-says-ukraine-has-low-chance-of-survival-without-us-backing\" rel=\"nofollow noopener\" target=\"_blank\">\u00ab\u00a0paix durable et juste\u00a0\u00bb<\/a> tant souhait\u00e9e par le pr\u00e9sident Volodymyr Zelensky et ses alli\u00e9s europ\u00e9ens, elle est hors de la port\u00e9e des acteurs impliqu\u00e9s dans ce conflit.<\/p>\n<p>Tandis que les alli\u00e9s europ\u00e9ens de l\u2019Ukraine et le gouvernement canadien m\u00e8nent une politique d\u2019endiguement \u00e0 l\u2019\u00e9gard de la Russie depuis son agression contre l\u2019Ukraine, le 24\u00a0f\u00e9vrier 2022, celle du pr\u00e9sident Trump depuis le d\u00e9but de son mandat <a href=\"https:\/\/www.lemonde.fr\/idees\/article\/2025\/07\/17\/trump-et-l-ukraine-une-inflexion-limitee_6621708_3232.html\" rel=\"nofollow noopener\" target=\"_blank\">politique<\/a> est diam\u00e9tralement oppos\u00e9e. Il tente l\u2019apaisement.<\/p>\n<p>Contre toute base factuelle, le pr\u00e9sident am\u00e9ricain a <a href=\"https:\/\/www.nytimes.com\/2025\/02\/20\/world\/europe\/us-g7-russia-ukraine-war.html\" rel=\"nofollow noopener\" target=\"_blank\">refus\u00e9<\/a> de nommer la Russie comme \u00e9tant l\u2019\u00c9tat agresseur dans la guerre en Ukraine. Il est m\u00eame all\u00e9 jusqu\u2019\u00e0 accuser l\u2019<a href=\"https:\/\/www.theguardian.com\/world\/2025\/feb\/19\/trump-ukraine-war-russia-could-have-made-a-deal\" rel=\"nofollow noopener\" target=\"_blank\">Ukraine<\/a> d\u2019\u00eatre responsable de cette guerre.<\/p>\n<p>            <img decoding=\"async\" alt=\"Deux hommes se tiennent c\u00f4te \u00e0 c\u00f4te\" class=\"lazyload\" src=\"https:\/\/www.europesays.com\/fr\/wp-content\/uploads\/2025\/08\/file-20250805-62-kp75on.jpg\"  \/><\/p>\n<p>              Le pr\u00e9sident am\u00e9ricain Donald Trump accueille le pr\u00e9sident ukrainien Volodymyr Zelensky \u00e0 la Maison-Blanche \u00e0 Washington, vendredi 28\u00a0f\u00e9vrier 2025.<br \/>\n              La Presse associ\u00e9e\/Ben Curtis<\/p>\n<p>Lors d\u2019une r\u00e9union \u00e0 la <a href=\"https:\/\/www.youtube.com\/watch?v=7pxbGjvcdyY&amp;t=2s\" rel=\"nofollow noopener\" target=\"_blank\">Maison Blanche<\/a>, le 28\u00a0f\u00e9vrier dernier, le pr\u00e9sident et son vice-pr\u00e9sident, J.D. Vance, ont <a href=\"https:\/\/abcnews.go.com\/Politics\/photos-trump-vance-tense-blow-zelenskyy-oval-office\/story?id=119299955\" rel=\"nofollow noopener\" target=\"_blank\">humili\u00e9<\/a> Zelensky en le traitant de <a href=\"https:\/\/www.washingtonpost.com\/video\/politics\/watch-trump-vance-and-zelenskys-full-oval-office-argument\/2025\/02\/28\/fd7cc52f-6188-496f-8cd2-f05e82e0c251_video.html\" rel=\"nofollow noopener\" target=\"_blank\">\u00ab\u00a0petit dictateur\u00a0\u00bb<\/a> qui ne poss\u00e8de \u00ab\u00a0aucune carte diplomatique \u00e0 <a href=\"https:\/\/www.theguardian.com\/us-news\/2025\/feb\/28\/trump-zelenskyy-meeting-transcript\" rel=\"nofollow noopener\" target=\"_blank\">jouer<\/a>\u00a0\u00bb, contrairement au pr\u00e9sident russe, Vladimir Poutine. M\u00eame si les relations personnelles entre Trump et <a href=\"https:\/\/www.politico.com\/news\/2025\/04\/14\/trump-ukraine-russia-war-00289352\" rel=\"nofollow noopener\" target=\"_blank\">Zelensky<\/a> se sont am\u00e9lior\u00e9es par la suite, l\u2019attitude de la politique am\u00e9ricaine envers l\u2019Ukraine est rest\u00e9e volatile et mitig\u00e9e.<\/p>\n<p>Professeur titulaire de relations internationales au d\u00e9partement d\u2019histoire de l\u2019Universit\u00e9 Laval, j\u2019ai co-\u00e9crit cet article avec Sophie Marineau, doctorante \u00e0 l\u2019Universit\u00e9 catholique de Louvain en histoire. Depuis 2014, la guerre en Ukraine et la r\u00e9action internationale vis-\u00e0-vis du conflit sont au centre de nos recherches respectives.<\/p>\n<p>Une diplomatie transactionnelle<\/p>\n<p>Depuis le d\u00e9but du nouveau mandat de Trump, l\u2019aide am\u00e9ricaine \u00e0 l\u2019<a href=\"https:\/\/researchbriefings.files.parliament.uk\/documents\/CBP-9477\/CBP-9477.pdf\" rel=\"nofollow noopener\" target=\"_blank\">Ukraine<\/a> s\u2019inscrit donc dans une dynamique r\u00e9solument transactionnelle. Cette <a href=\"https:\/\/www.diplomacy.edu\/topics\/transactional-diplomacy\/\" rel=\"nofollow noopener\" target=\"_blank\">approche<\/a> ne repose plus sur des principes de solidarit\u00e9, de d\u00e9fense des valeurs d\u00e9mocratiques ou de s\u00e9curit\u00e9 collective, mais sur une logique d\u2019<a href=\"https:\/\/www.sciencespo.fr\/ceri\/fr\/content\/le-reve-de-donald-trump\" rel=\"nofollow noopener\" target=\"_blank\">\u00e9change<\/a>, o\u00f9 toute assistance doit g\u00e9n\u00e9rer un retour concret pour les \u00c9tats-Unis.<\/p>\n<p>Loin de la tradition multilat\u00e9rale qui caract\u00e9risait les engagements occidentaux durant les premi\u00e8res ann\u00e9es du conflit russo-ukrainien, cette <a href=\"https:\/\/www.crisisgroup.org\/fr\/global-united-states\/world-stage-trump-cant-always-get-what-he-wants\" rel=\"nofollow noopener\" target=\"_blank\">diplomatie<\/a> est structur\u00e9e autour du concept de deal, dans lequel chaque concession \u2013 qu\u2019elle soit militaire, \u00e9conomique ou politique \u2013 doit \u00eatre <a href=\"https:\/\/www.franceinfo.fr\/monde\/usa\/presidentielle\/donald-trump\/il-y-a-l-idee-que-la-force-doit-l-emporter-sur-le-droit-comment-donald-trump-bouscule-l-ordre-mondial-en-place-depuis-1945_7098012.html\" rel=\"nofollow noopener\" target=\"_blank\">compens\u00e9e<\/a>.<\/p>\n<p>            <img decoding=\"async\" alt=\"Un homme entour\u00e9 de micros\" class=\"lazyload\" src=\"https:\/\/www.europesays.com\/fr\/wp-content\/uploads\/2025\/08\/file-20250805-62-miup08.jpg\"  \/><\/p>\n<p>              Le pr\u00e9sident Donald Trump s\u2019adresse aux journalistes.<br \/>\n              (AP Photo\/Julia Demaree Nikhinson)<\/p>\n<p>Le premier tournant majeur se produit en <a href=\"https:\/\/www.reuters.com\/world\/us-military-aid-pause-is-blow-ukraine-not-fatal-now-2025-03-04\/\" rel=\"nofollow noopener\" target=\"_blank\">mars 2025<\/a> \u2013 \u00e0 la suite de la rencontre Trump \u2013 Zelensky \u2013 lorsque <a href=\"https:\/\/www.theguardian.com\/world\/2025\/mar\/04\/us-military-aid-ukraine-pause-trump-zelenskyy-updates\" rel=\"nofollow noopener\" target=\"_blank\">Washington<\/a> suspend sans avertissement l\u2019aide militaire \u00e0 l\u2019Ukraine. Les \u00c9tats-Unis bloquent des livraisons d\u00e9j\u00e0 en cours, dont des syst\u00e8mes antia\u00e9riens essentiels et des munitions de pr\u00e9cision.<\/p>\n<p>Cette d\u00e9cision, prise de mani\u00e8re unilat\u00e9rale, vise \u00e0 faire <a href=\"https:\/\/www.american.edu\/sis\/news\/20250307-pause-in-aid-introduced-uncertainty-into-ukraines-military-planning.cfm\" rel=\"nofollow noopener\" target=\"_blank\">pression<\/a> sur le gouvernement ukrainien pour l\u2019inciter \u00e0 accepter un <a href=\"https:\/\/www.reuters.com\/world\/europe\/trump-halts-all-us-military-aid-ukraine-white-house-official-says-2025-03-04\/\" rel=\"nofollow noopener\" target=\"_blank\">cessez-le-feu<\/a> temporaire avec la Russie, dans des conditions jug\u00e9es inacceptables par <a href=\"https:\/\/apnews.com\/article\/trump-zelenskyy-russia-ukraine-a15a459c9a3a393d040478ebbe250a9e\" rel=\"nofollow noopener\" target=\"_blank\">Kyiv<\/a>. Ce geste provoque un choc diplomatique en <a href=\"https:\/\/www.gov.uk\/government\/news\/coalition-of-the-willing-joint-uk-france-statement-following-10-april-meeting\" rel=\"nofollow noopener\" target=\"_blank\">Europe<\/a> et soul\u00e8ve de vives inqui\u00e9tudes quant \u00e0 la fiabilit\u00e9 de l\u2019engagement am\u00e9ricain.<\/p>\n<p>Mais au-del\u00e0 du geste lui-m\u00eame, ce que r\u00e9v\u00e8le cette suspension est la vision profond\u00e9ment <a href=\"https:\/\/www.franceinfo.fr\/monde\/usa\/presidentielle\/donald-trump\/il-y-a-l-idee-que-la-force-doit-l-emporter-sur-le-droit-comment-donald-trump-bouscule-l-ordre-mondial-en-place-depuis-1945_7098012.html\" rel=\"nofollow noopener\" target=\"_blank\">transactionnelle<\/a> des relations internationales port\u00e9es par Trump\u00a0: l\u2019aide devient un levier, non un engagement moral ou strat\u00e9gique.<\/p>\n<p>Un acc\u00e8s aux ressources naturelles<\/p>\n<p>Un <a href=\"https:\/\/timesofindia.indiatimes.com\/world\/us\/russia-ukraine-war-trump-pushes-zelenskyy-to-trade-resources-for-us-support\/articleshow\/118534954.cms\" rel=\"nofollow noopener\" target=\"_blank\">exemple<\/a> encore plus explicite de cette logique appara\u00eet quelques semaines plus tard, avec la proposition controvers\u00e9e d\u2019un <a href=\"https:\/\/www.aljazeera.com\/news\/2025\/5\/9\/after-minerals-deal-trump-approves-arms-to-ukraine-plays-down-peace-plan\" rel=\"nofollow noopener\" target=\"_blank\">accord<\/a> sur les ressources naturelles.<\/p>\n<p>    <strong><br \/>\n      Read more:<br \/>\n      <a href=\"https:\/\/theconversation.com\/le-projet-daccord-sur-les-metaux-strategiques-ukraine-etats-unis-repose-t-il-sur-une-meprise-250977\" rel=\"nofollow noopener\" target=\"_blank\">Le projet d&rsquo;accord sur les m\u00e9taux strat\u00e9giques Ukraine-\u00c9tats-Unis repose-t-il sur une m\u00e9prise ?<\/a><br \/>\n    <\/strong><\/p>\n<p>Selon ce projet, l\u2019Ukraine aurait c\u00e9d\u00e9 jusqu\u2019\u00e0 50\u00a0% des revenus issus de l\u2019exploitation de ses minerais strat\u00e9giques \u2013 lithium, titane, terres rares \u2013 \u00e0 un fonds am\u00e9ricain, en \u00e9change de la reprise de l\u2019aide militaire. L\u2019<a href=\"https:\/\/fr.euronews.com\/my-europe\/2025\/05\/01\/kyiv-et-washington-annoncent-la-signature-dun-accord-sur-les-minerais-le-gaz-et-le-petrole\" rel=\"nofollow noopener\" target=\"_blank\">accord<\/a>, sign\u00e9 fin avril 2025, aboutit \u00e0 la cr\u00e9ation d\u2019un fonds d\u2019investissement conjoint entre Kyiv et Washington, destin\u00e9 \u00e0 <a href=\"https:\/\/www.lemonde.fr\/international\/article\/2025\/05\/01\/les-etats-unis-et-l-ukraine-decident-de-creer-un-fonds-d-investissement-commun-pour-les-ressources-naturelles_6602056_3210.html\" rel=\"nofollow noopener\" target=\"_blank\">exploiter<\/a> les ressources naturelles ukrainiennes\u00a0: min\u00e9raux rares (terres rares, lithium, titane, uranium), p\u00e9trole et gaz naturel.<\/p>\n<p>            <img decoding=\"async\" alt=\"\" class=\"lazyload\" src=\"https:\/\/www.europesays.com\/fr\/wp-content\/uploads\/2025\/08\/file-20250423-56-4lp63e.jpg\"  \/><\/p>\n<p>              L\u2019expertise universitaire, l\u2019exigence journalistique.<\/p>\n<p>D\u00e9j\u00e0 des milliers d\u2019abonn\u00e9s \u00e0 l\u2019infolettre de <a href=\"https:\/\/theconversation.com\/ca-fr\" rel=\"nofollow noopener\" target=\"_blank\">La Conversation<\/a>. Et vous\u00a0? Abonnez-vous gratuitement \u00e0 notre <a href=\"https:\/\/theconversation.com\/ca-fr\/newsletters\/linfolettre-de-la-conversation-canada-20\" rel=\"nofollow noopener\" target=\"_blank\">infolettre<\/a> pour mieux comprendre les grands enjeux contemporains.<\/p>\n<p>L\u2019<a href=\"https:\/\/fr.euronews.com\/my-europe\/2025\/05\/08\/le-parlement-ukrainien-approuve-a-lunanimite-laccord-sur-les-minerais-rares-avec-les-etats\" rel=\"nofollow noopener\" target=\"_blank\">Ukraine<\/a> conserve la propri\u00e9t\u00e9 et le contr\u00f4le exclusifs de ses ressources, bien que l\u2019exploitation soit encadr\u00e9e par le <a href=\"https:\/\/www.csis.org\/analysis\/what-know-about-signed-us-ukraine-minerals-deal\" rel=\"nofollow noopener\" target=\"_blank\">partenariat<\/a>. L\u2019un des buts affich\u00e9s est de garantir un soutien \u00e0 long terme des \u00c9tats\u2011Unis \u00e0 l\u2019effort de guerre ukrainien, en \u00e9change d\u2019un acc\u00e8s prioritaire aux ressources, sans engagements formels en mati\u00e8re de garanties de s\u00e9curit\u00e9 pour <a href=\"https:\/\/www.bbc.com\/news\/articles\/cn527pz54neo\" rel=\"nofollow noopener\" target=\"_blank\">Kyiv<\/a>.<\/p>\n<p>N\u00e9gocier toute forme d\u2019aide<\/p>\n<p>Cette logique transactionnelle s\u2019exprime aussi \u00e0 travers des actions plus discr\u00e8tes, mais tout aussi r\u00e9v\u00e9latrices, comme le <a href=\"https:\/\/abcnews.go.com\/International\/us-freezes-air-defense-precision-weapons-shipment-ukraine\/story?id=123402810\" rel=\"nofollow noopener\" target=\"_blank\">gel<\/a> temporaire de la livraison de missiles Patriot au mois de <a href=\"https:\/\/researchbriefings.files.parliament.uk\/documents\/CBP-10308\/CBP-10308.pdf\" rel=\"nofollow noopener\" target=\"_blank\">juillet<\/a>, officiellement justifi\u00e9 par une <a href=\"https:\/\/abcnews.go.com\/International\/us-freezes-air-defense-precision-weapons-shipment-ukraine\/story?id=123402810\" rel=\"nofollow noopener\" target=\"_blank\">\u00ab\u00a0r\u00e9vision des capacit\u00e9s strat\u00e9giques\u00a0\u00bb<\/a> am\u00e9ricaines.<\/p>\n<p>En pratique, cette suspension a \u00e9t\u00e9 per\u00e7ue comme un moyen de pression implicite, destin\u00e9 \u00e0 inciter l\u2019Ukraine \u00e0 adopter certaines lignes politiques plus <a href=\"https:\/\/www.reuters.com\/world\/europe\/us-halts-some-missile-shipments-ukraine-over-low-stockpiles-politico-reports-2025-07-01\/\" rel=\"nofollow noopener\" target=\"_blank\">conciliantes<\/a>, voire \u00e0 ouvrir la voie \u00e0 une red\u00e9finition des objectifs militaires.<\/p>\n<p>            <img decoding=\"async\" alt=\"Un bus et une voiture ont \u00e9t\u00e9 d\u00e9truits\" class=\"lazyload\" src=\"https:\/\/www.europesays.com\/fr\/wp-content\/uploads\/2025\/08\/file-20250805-62-e3a6m5.jpg\"  \/><\/p>\n<p>              Le centre-ville apr\u00e8s l\u2019attaque russe qui a fait au moins 21 morts parmi les civils \u00e0 Soumy, en Ukraine, dimanche 13\u00a0avril 2025.<br \/>\n              (AP Photo)<\/p>\n<p>Au final, cette <a href=\"https:\/\/papers.ssrn.com\/sol3\/papers.cfm?abstract_id=5223629\" rel=\"nofollow noopener\" target=\"_blank\">diplomatie<\/a> transforme l\u2019aide humanitaire ou militaire en <a href=\"https:\/\/www.youtube.com\/watch?v=Qp5mhbey_2k\" rel=\"nofollow noopener\" target=\"_blank\">monnaie d\u2019\u00e9change<\/a>. Chaque cargaison devient une pi\u00e8ce de n\u00e9gociation, chaque soutien, un contrat <a href=\"https:\/\/www.lemonde.fr\/idees\/article\/2025\/07\/17\/trump-et-l-ukraine-une-inflexion-limitee_6621708_3232.html\" rel=\"nofollow noopener\" target=\"_blank\">implicite<\/a>.<\/p>\n<p>Une approche qui fragilise les alliances et red\u00e9finit les r\u00e8gles<\/p>\n<p>La guerre en Ukraine, loin d\u2019\u00eatre per\u00e7ue comme un affrontement id\u00e9ologique entre d\u00e9mocratie et autoritarisme, est reconfigur\u00e9e comme un th\u00e9\u00e2tre o\u00f9 se n\u00e9gocient des <a href=\"https:\/\/medias24.com\/chronique\/la-diplomatie-transactionnelle-vos-conflits-font-mes-affaires\/\" rel=\"nofollow noopener\" target=\"_blank\">int\u00e9r\u00eats<\/a> \u00e9conomiques et politiques \u00e0 court terme.<\/p>\n<p>Cette approche fragilise les alliances, introduit une incertitude structurelle dans la relation transatlantique et red\u00e9finit les <a href=\"https:\/\/www.lapresse.ca\/dialogue\/opinions\/2025-07-07\/trump-2-0\/de-transactionnel-a-transformationnel.php\" rel=\"nofollow noopener\" target=\"_blank\">r\u00e8gles<\/a> du jeu international autour d\u2019une logique marchande assum\u00e9e, o\u00f9 l\u2019engagement moral est subordonn\u00e9 au <a href=\"https:\/\/www.sciencespo.fr\/ceri\/fr\/content\/le-reve-de-donald-trump\" rel=\"nofollow noopener\" target=\"_blank\">b\u00e9n\u00e9fice<\/a> direct.<\/p>\n<p>            <img decoding=\"async\" alt=\"Un sauveteur examine un h\u00f4pital municipal endommag\u00e9\" class=\"lazyload\" src=\"https:\/\/www.europesays.com\/fr\/wp-content\/uploads\/2025\/08\/file-20250805-62-hcksq1.jpg\"  \/><\/p>\n<p>              Un sauveteur examine un h\u00f4pital municipal endommag\u00e9 qui a \u00e9t\u00e9 touch\u00e9 par une bombe guid\u00e9e russe \u00e0 Kharkiv, en Ukraine, le vendredi 25\u00a0juillet 2025.<br \/>\n              (AP Photo\/Andrii Marienko)<\/p>\n<p>Le Canada poursuit des objectifs diff\u00e9rents<\/p>\n<p>Face \u00e0 la tendance am\u00e9ricaine \u00e0 instrumentaliser l\u2019aide \u00e0 l\u2019Ukraine selon des logiques transactionnelles, le Canada <a href=\"https:\/\/www.pm.gc.ca\/en\/news\/news-releases\/2025\/03\/02\/standing-united-in-support-of-ukraine\" rel=\"nofollow noopener\" target=\"_blank\">adopte<\/a> une posture claire\u00a0: Ottawa rejette fermement l\u2019id\u00e9e d\u2019une <a href=\"https:\/\/www.coastalfront.ca\/read\/canada-commits-440-million-in-military-aid-to-ukraine-as-domestic-priorities-face-scrutiny\" rel=\"nofollow noopener\" target=\"_blank\">assistance<\/a> conditionn\u00e9e \u00e0 des concessions politiques, \u00e9conomiques ou strat\u00e9giques.<\/p>\n<p>\u00c0 la <a href=\"https:\/\/www.pm.gc.ca\/en\/news\/news-releases\/2025\/02\/24\/just-and-lasting-peace-ukraine\" rel=\"nofollow noopener\" target=\"_blank\">diff\u00e9rence<\/a> des \u00c9tats-Unis sous l\u2019administration <a href=\"https:\/\/www.washingtonpost.com\/politics\/2025\/02\/19\/trumps-dark-anti-ukraine-turn\/\" rel=\"nofollow noopener\" target=\"_blank\">Trump<\/a>, qui ont suspendu des aides militaires en \u00e9change de contreparties, le Canada reste attach\u00e9 \u00e0 un <a href=\"https:\/\/www.reuters.com\/markets\/europe\/canada-looks-help-build-ukraines-pension-system-says-finance-minister-2025-05-20\/\" rel=\"nofollow noopener\" target=\"_blank\">soutien<\/a> fond\u00e9 sur la solidarit\u00e9 d\u00e9mocratique, le droit international et un engagement multilat\u00e9ral stable. \u00c0 plusieurs reprises, le <a href=\"https:\/\/www.pm.gc.ca\/en\/news\/statements\/2025\/06\/23\/joint-statement-enduring-partnership\" rel=\"nofollow noopener\" target=\"_blank\">gouvernement<\/a> canadien a r\u00e9affirm\u00e9 publiquement la fiabilit\u00e9 du Canada comme partenaire, insistant sur l\u2019impartialit\u00e9 et la coh\u00e9rence des <a href=\"https:\/\/macdonaldlaurier.ca\/a-lifeline-for-ukraine-that-costs-canadian-taxpayers-nothing-balkan-devlen-aaron-gasch-burnett-and-yuliya-ziskina-in-national-newswatch\/\" rel=\"nofollow noopener\" target=\"_blank\">engagements<\/a> envers l\u2019Ukraine.<\/p>\n<p>            <img decoding=\"async\" alt=\"Trois hommes marchent\" class=\"lazyload\" src=\"https:\/\/www.europesays.com\/fr\/wp-content\/uploads\/2025\/08\/file-20250805-62-394fxy.JPG\"  \/><\/p>\n<p>              Le premier ministre canadien Mark Carney, le pr\u00e9sident ukrainien Volodymyr Zelensky et le pr\u00e9sident fran\u00e7ais Emmanuel Macron arrivent pour la photo de famille des dirigeants mondiaux et des invit\u00e9s au sommet du G7 \u00e0 Kananaskis, en Alberta, le mardi 17\u00a0juin 2025.<br \/>\n              La Presse canadienne\/Darryl Dyck<\/p>\n<p>Parall\u00e8lement, <a href=\"https:\/\/theconversation.com\/et-si-lavenir-du-canada-passait-par-leurope-253282\" rel=\"nofollow noopener\" target=\"_blank\">Ottawa renforce son rapprochement avec l\u2019Union europ\u00e9enne<\/a>. Le <a href=\"https:\/\/www.consilium.europa.eu\/fr\/meetings\/international-summit\/2025\/06\/23\/\" rel=\"nofollow noopener\" target=\"_blank\">sommet UE\u2011Canada du 23\u00a0juin 2025<\/a> a abouti \u00e0 la signature d\u2019un <a href=\"https:\/\/www.ft.com\/content\/460815c4-cf28-4a11-9958-c091936f9755\" rel=\"nofollow noopener\" target=\"_blank\">partenariat<\/a> strat\u00e9gique en mati\u00e8re de s\u00e9curit\u00e9 et d\u00e9fense, premi\u00e8re <a href=\"https:\/\/www.politico.eu\/article\/canada-pact-defense-eu-mark-carney-partnership\/\" rel=\"nofollow noopener\" target=\"_blank\">alliance<\/a> de ce genre entre l\u2019UE et un pays am\u00e9ricain. Cet <a href=\"https:\/\/www.reuters.com\/world\/americas\/eu-canada-deepen-ties-with-new-security-pact-2025-06-23\/\" rel=\"nofollow noopener\" target=\"_blank\">accord<\/a> \u00e9tablit une coop\u00e9ration \u00e9largie sur le soutien \u00e0 l\u2019Ukraine, la cybers\u00e9curit\u00e9, la mobilit\u00e9 militaire, les mati\u00e8res critiques et les cha\u00eenes industrielles strat\u00e9giques, tout en offrant au <a href=\"https:\/\/www.theguardian.com\/world\/2025\/jun\/23\/canada-eu-defense-trump-us-allies\" rel=\"nofollow noopener\" target=\"_blank\">Canada<\/a> l\u2019acc\u00e8s au fonds europ\u00e9en SAFE de 150\u00a0milliards \u20ac.<\/p>\n<p>Cet alignement confirme une volont\u00e9 d\u2019Ottawa de diversifier ses partenariats, de r\u00e9duire sa <a href=\"https:\/\/www.cnn.com\/2025\/06\/09\/americas\/canada-nato-defense-carney-intl-hnk\" rel=\"nofollow noopener\" target=\"_blank\">d\u00e9pendance<\/a> militaire vis-\u00e0-vis des <a href=\"https:\/\/www.forbes.com\/sites\/siladityaray\/2025\/03\/27\/trump-threatens-more-tariffs-if-eu-works-with-canada-to-cause-economic-harm-to-us\/\" rel=\"nofollow noopener\" target=\"_blank\">\u00c9tats-Unis<\/a>, et de consolider un pilier euro-atlantique ind\u00e9pendant. Ce repositionnement renforce la <a href=\"https:\/\/www.thetimes.com\/uk\/politics\/article\/uk-canada-carney-keir-starmer-trump-7sdxnj2gn?region=global\" rel=\"nofollow noopener\" target=\"_blank\">cr\u00e9dibilit\u00e9<\/a> canadienne comme acteur fiable dans un ordre international fond\u00e9 sur les r\u00e8gles, et t\u00e9moigne d\u2019une vision strat\u00e9gique pla\u00e7ant l\u2019UE comme <a href=\"https:\/\/www.international.gc.ca\/world-monde\/international_relations-relations_internationales\/eu-ue\/index.aspx\" rel=\"nofollow noopener\" target=\"_blank\">partenaire<\/a> central de longue dur\u00e9e.<\/p>\n","protected":false},"excerpt":{"rendered":"Six mois apr\u00e8s l\u2019intronisation du pr\u00e9sident Donald Trump \u00e0 la Maison-Blanche, son effort d\u2019arr\u00eater la guerre en Ukraine&hellip;\n","protected":false},"author":2,"featured_media":303228,"comment_status":"","ping_status":"","sticky":false,"template":"","format":"standard","meta":{"footnotes":""},"categories":[1591],"tags":[11,1887,12,1885,1886,132],"class_list":{"0":"post-303227","1":"post","2":"type-post","3":"status-publish","4":"format-standard","5":"has-post-thumbnail","7":"category-russie","8":"tag-actualites","9":"tag-federation-de-russie","10":"tag-news","11":"tag-russia","12":"tag-russian-federation","13":"tag-russie"},"share_on_mastodon":{"url":"https:\/\/pubeurope.com\/@fr\/114988619235106129","error":""},"_links":{"self":[{"href":"https:\/\/www.europesays.com\/fr\/wp-json\/wp\/v2\/posts\/303227","targetHints":{"allow":["GET"]}}],"collection":[{"href":"https:\/\/www.europesays.com\/fr\/wp-json\/wp\/v2\/posts"}],"about":[{"href":"https:\/\/www.europesays.com\/fr\/wp-json\/wp\/v2\/types\/post"}],"author":[{"embeddable":true,"href":"https:\/\/www.europesays.com\/fr\/wp-json\/wp\/v2\/users\/2"}],"replies":[{"embeddable":true,"href":"https:\/\/www.europesays.com\/fr\/wp-json\/wp\/v2\/comments?post=303227"}],"version-history":[{"count":0,"href":"https:\/\/www.europesays.com\/fr\/wp-json\/wp\/v2\/posts\/303227\/revisions"}],"wp:featuredmedia":[{"embeddable":true,"href":"https:\/\/www.europesays.com\/fr\/wp-json\/wp\/v2\/media\/303228"}],"wp:attachment":[{"href":"https:\/\/www.europesays.com\/fr\/wp-json\/wp\/v2\/media?parent=303227"}],"wp:term":[{"taxonomy":"category","embeddable":true,"href":"https:\/\/www.europesays.com\/fr\/wp-json\/wp\/v2\/categories?post=303227"},{"taxonomy":"post_tag","embeddable":true,"href":"https:\/\/www.europesays.com\/fr\/wp-json\/wp\/v2\/tags?post=303227"}],"curies":[{"name":"wp","href":"https:\/\/api.w.org\/{rel}","templated":true}]}}