{"id":303229,"date":"2025-08-07T17:17:13","date_gmt":"2025-08-07T17:17:13","guid":{"rendered":"https:\/\/www.europesays.com\/fr\/303229\/"},"modified":"2025-08-07T17:17:13","modified_gmt":"2025-08-07T17:17:13","slug":"ukraine-une-rencontre-trump-poutine-dans-les-prochains-jours-grace-a-lultimatum-americain","status":"publish","type":"post","link":"https:\/\/www.europesays.com\/fr\/303229\/","title":{"rendered":"Ukraine : une rencontre Trump-Poutine \u00ab\u00a0dans les prochains jours\u00a0\u00bb&#8230; gr\u00e2ce \u00e0 l&rsquo;ultimatum am\u00e9ricain ?"},"content":{"rendered":"<ul class=\"jsx-862013697 ArticleChapo__List\">\n<li class=\"jsx-862013697 ArticleChapo__List_Item flex\">\u00c0 la veille de la fin de l&rsquo;ultimatum am\u00e9ricain envers la Russie, Donald Trump et Vladimir Poutine ont convenu de se rencontrer la semaine prochaine.<\/li>\n<li class=\"jsx-862013697 ArticleChapo__List_Item flex\">Les deux hommes pourraient se retrouver aux \u00c9mirats arabes unis, selon le Kremlin.<\/li>\n<li class=\"jsx-862013697 ArticleChapo__List_Item flex\">Ce dernier a-t-il c\u00e9d\u00e9 aux menaces de la Maison Blanche ? Mercredi, le pr\u00e9sident am\u00e9ricain a sign\u00e9 un d\u00e9cret visant l&rsquo;Inde \u00e0 cause de ses achats de p\u00e9trole russe.<\/li>\n<\/ul>\n<p><a href=\"https:\/\/www.tf1info.fr\/actualite\/invasion-de-l-ukraine-par-la-russie-une-guerre-qui-dure-12951\/\" rel=\"noopener\" class=\"jsx-484472199 Link jsx-1428418400 jsx-554215408\" target=\"_blank\"><\/p>\n<p style=\"font-weight:400\" class=\"jsx-1837267516\">Suivez la couverture compl\u00e8te<\/p>\n<p style=\"font-weight:800\" class=\"jsx-1837267516\">Ukraine : 4\u1d49 ann\u00e9e de guerre<\/p>\n<p><\/a><\/p>\n<p data-module=\"article-paragraph\" class=\"jsx-3046738180 Paragraph\"><a href=\"https:\/\/www.tf1info.fr\/international\/guerre-en-ukraine-quels-sont-les-leviers-de-donald-trump-face-a-vladimir-poutine-2386872.html\" target=\"_blank\" rel=\"noopener\">L&rsquo;ultimatum de Donald Trump<\/a> a-t-il d\u00e9j\u00e0 port\u00e9 ses fruits ? Cens\u00e9 s&rsquo;achever ce vendredi, le compte \u00e0 rebours de la Maison Blanche a d&rsquo;ores et d\u00e9j\u00e0 engendr\u00e9 une acc\u00e9l\u00e9ration diplomatique du<a href=\"https:\/\/www.tf1info.fr\/actualite\/invasion-de-l-ukraine-par-la-russie-une-guerre-qui-dure-12951\/\" target=\"_blank\" rel=\"noopener\"> dossier ukrainien<\/a>. Le Kremlin a annonc\u00e9 qu&rsquo;une rencontre entre Vladimir Poutine et Donald Trump \u00e9tait pr\u00e9vue \u00ab\u00a0dans les prochains jours\u00a0\u00bb.<\/p>\n<p data-module=\"article-paragraph\" class=\"jsx-3046738180 Paragraph Paragraph__End\">\u00ab\u00a0\u00c0 la suggestion de la partie am\u00e9ricaine, un accord de principe a \u00e9t\u00e9 conclu pour organiser un sommet bilat\u00e9ral dans les prochains jours\u00a0\u00bb, a annonc\u00e9 le conseiller diplomatique du Kremlin, Iouri Ouchakov. Si aucun d\u00e9tail n&rsquo;a encore filtr\u00e9 sur le lieu du rendez-vous, ce dernier a pr\u00e9cis\u00e9 que les \u00c9mirats arabes unis \u00e9taient l&rsquo;une des destinations envisag\u00e9es pour l&rsquo;accueillir. Notamment car, au m\u00eame moment, Vladimir Poutine recevait le pr\u00e9sident \u00e9mirati, son \u00ab\u00a0ami\u00a0\u00bb Mohammed ben Zayed.<\/p>\n<p>Une d\u00e9cision avant m\u00eame la fin de l&rsquo;ultimatum<\/p>\n<p data-module=\"article-paragraph\" class=\"jsx-3046738180 Paragraph\">Seule certitude : ce sommet devrait \u00eatre, sauf changement de derni\u00e8re minute, un t\u00eate-\u00e0-t\u00eate. <a href=\"https:\/\/www.tf1info.fr\/actualite\/vladimir-poutine-10297\/\" target=\"_blank\" rel=\"noopener\">Vladimir Poutine<\/a> a en effet estim\u00e9 que les \u00ab\u00a0conditions\u00a0\u00bb n&rsquo;\u00e9taient pas r\u00e9unies pour rencontrer Volodymyr Zelensky. Moscou avait pr\u00e9c\u00e9demment indiqu\u00e9 qu&rsquo;une telle rencontre n&rsquo;avait de sens qu&rsquo;en phase finale des n\u00e9gociations de paix. \u00ab\u00a0Volodymyr Zelensky incarne pour Poutine la d\u00e9faite initiale de la Russie. Celle qui fait que Moscou a perdu l&rsquo;Ukraine \u00e0 partir de mars 2022\u00a0\u00bb, a analys\u00e9 sur LCI Jean de Gliniasty, directeur de recherche \u00e0 l&rsquo;IRIS. Avant de pr\u00e9ciser : \u00ab\u00a0Il le consid\u00e8re comme un clown, lui qui avait donn\u00e9 des spectacles en Russie il y a quelques ann\u00e9es. C&rsquo;est incompatible avec la dignit\u00e9 d&rsquo;un chef d&rsquo;Etat. Enfin, en l&rsquo;absence d&rsquo;\u00e9lection en Ukraine, Zelensky n&rsquo;est plus l\u00e9gitime selon le Kremlin. La haine est inexpiable.\u00a0\u00bb<\/p>\n<p data-module=\"article-paragraph\" class=\"jsx-3046738180 Paragraph\">Pourquoi Vladimir Poutine a-t-il c\u00e9d\u00e9 aux appels du pied de la Maison Blanche ? La derni\u00e8re rencontre en chair et en os entre le dirigeant am\u00e9ricain et son homologue russe avait eu lieu en 2019 en marge d&rsquo;un sommet du G20 au Japon. Donald Trump a repris le contact en janvier, d\u00e8s son retour au pouvoir, dans l&rsquo;espoir de mettre fin rapidement \u00e0 l&rsquo;offensive russe en Ukraine. Apr\u00e8s plusieurs mois de frustration, <a href=\"https:\/\/www.tf1info.fr\/international\/guerre-en-ukraine-quels-sont-les-leviers-de-donald-trump-face-a-vladimir-poutine-2386872.html\" target=\"_blank\" rel=\"noopener\">c&rsquo;est visiblement un ultimatum lanc\u00e9 \u00e0 la Russie<\/a>, lui sommant de trouver un accord sous peine de sanctions s\u00e9v\u00e8res, qui a d\u00e9bloqu\u00e9 la situation.<\/p>\n<p data-module=\"article-paragraph\" class=\"jsx-3046738180 Paragraph Paragraph__End\"><a href=\"https:\/\/www.tf1info.fr\/international\/ultimatum-de-trump-a-la-russie-qui-est-steve-witkoff-le-monsieur-diplomatie-de-la-maison-blanche-2387071.html\" target=\"_blank\" rel=\"noopener\">\u00a0La visite \u00e0 Moscou mercredi de l&rsquo;\u00e9missaire sp\u00e9cial du pr\u00e9sident am\u00e9ricain, Steve Witkoff<\/a>, a achev\u00e9 de convaincre l&rsquo;h\u00f4te du Kremlin. \u00ab\u00a0Vladimir Poutine essaie aussi de gagner du temps, voyant que Trump \u00e9tait agac\u00e9 devant l&rsquo;absence de progr\u00e8s\u00a0\u00bb, a estim\u00e9 ce jeudi sur LCI Camille Grand, ancien secr\u00e9taire g\u00e9n\u00e9ral adjoint de l&rsquo;Otan. Selon ce chercheur \u00e0 l&rsquo;European Council on Foreign Relations, le pr\u00e9sident russe va sortir gagnant sur un point : \u00ab\u00a0Une reconnaissance internationale, que lui donne sur un plateau Donald Trump avec un vrai sommet, alors que les autres dirigeants internationaux le boycottent depuis des ann\u00e9es. C&rsquo;est, pour lui, symboliquement tr\u00e8s important.\u00a0\u00bb Donald Trump, lui, chercherait au passage \u00e0 \u00ab\u00a0renforcer son dossier pour un prix Nobel de la paix en obtenant quelque chose\u00a0\u00bb aupr\u00e8s du dirigeant russe, ajoute Camille Grand.<\/p>\n<p><a href=\"https:\/\/www.tf1info.fr\/international\/achat-de-petrole-russe-trump-inflige-25-de-droits-de-douane-supplementaires-a-l-inde-2387316.html\" rel=\"noopener\" class=\"jsx-3308031228 Link flex\" target=\"_blank\"><img decoding=\"async\" src=\"https:\/\/www.europesays.com\/fr\/wp-content\/uploads\/2025\/08\/narendra-modi-et-donald-trump-bcddd3-0@1x.jpeg\" alt=\"AFP\" loading=\"lazy\" importance=\"low\" fetchpriority=\"low\" class=\"\" aria-hidden=\"true\"\/><\/p>\n<p class=\"jsx-3657663356 ReadMoreArticle__Title\">Lire aussi<\/p>\n<p class=\"jsx-3657663356\">Achat de p\u00e9trole russe : Trump inflige 25% de droits de douane suppl\u00e9mentaires \u00e0 l&rsquo;Inde<\/p>\n<p><\/a><\/p>\n<p data-module=\"article-paragraph\" class=\"jsx-3046738180 Paragraph\">Dans l&rsquo;imm\u00e9diat, \u00a0on ignore encore si la deadline am\u00e9ricaine reste d&rsquo;actualit\u00e9. Donald Trump n&rsquo;a en tout cas pas attendu l&rsquo;expiration du compte \u00e0 rebours pour montrer son intransigeance&#8230; vis-a-vis de l&rsquo;Inde, partenaire majeur de la Russie : il a d\u00e9j\u00e0 annonc\u00e9 jeudi porter \u00e0 50% au lieu de 25% les droits de douane sur les importations venues d&rsquo;Inde,<a href=\"https:\/\/www.tf1info.fr\/international\/achat-de-petrole-russe-trump-inflige-25-de-droits-de-douane-supplementaires-a-l-inde-2387316.html\" target=\"_blank\" rel=\"noopener\"> en raison des achats indiens de p\u00e9trole russe<\/a>. Le texte du d\u00e9cret laisse ouvert la possibilit\u00e9 de sanctionner de la m\u00eame mani\u00e8re d&rsquo;autres pays se fournissant en hydrocarbures russes.<\/p>\n<p data-module=\"article-paragraph\" class=\"jsx-3046738180 Paragraph Paragraph__End\">Malgr\u00e9 les efforts diplomatiques am\u00e9ricains, rien n&rsquo;indique en tout cas que la Russie a abandonn\u00e9 ses conditions pour mettre fin \u00e0 son assaut. Pour rappel, Poutine r\u00e9clame que l&rsquo;Ukraine lui c\u00e8de quatre r\u00e9gions partiellement occup\u00e9es (celles de Donetsk, Lougansk, Zaporijia et Kherson), en plus de la Crim\u00e9e annex\u00e9e en 2014, et qu&rsquo;elle renonce aux livraisons d&rsquo;armes occidentales et \u00e0 toute adh\u00e9sion \u00e0 l&rsquo;Otan. Des conditions inacceptables pour Kiev qui, encore une fois, a le sentiment d&rsquo;\u00eatre mis de c\u00f4t\u00e9 dans les discussions entre les deux g\u00e9ants.<\/p>\n<p><a href=\"https:\/\/www.tf1info.fr\/international\/guerre-en-ukraine-une-rencontre-donald-trump-vladimir-poutine-prevue-dans-les-prochains-jours-sans-volodymyr-zelensky-2387441.html\" rel=\"noopener\" class=\"jsx-3308031228 Link flex\" target=\"_blank\"><img decoding=\"async\" src=\"https:\/\/www.europesays.com\/fr\/wp-content\/uploads\/2025\/04\/trump-poutine-2018-5006a6-0@1x.jpeg\" alt=\"Alexander NEMENOV \/ AFP\" loading=\"lazy\" importance=\"low\" fetchpriority=\"low\" class=\"\" aria-hidden=\"true\"\/><\/p>\n<p class=\"jsx-3657663356 ReadMoreArticle__Title\">Lire aussi<\/p>\n<p class=\"jsx-3657663356\">Une rencontre Trump-Poutine pr\u00e9vue \u00ab\u00a0dans les prochains jours\u00a0\u00bb&#8230; mais sans Zelensky<\/p>\n<p><\/a><\/p>\n<p data-module=\"article-paragraph\" class=\"jsx-3046738180 Paragraph Paragraph__End\">Lors d&rsquo;un coup de fil mercredi soir avec Donald Trump, Volodymyr Zelensky a insist\u00e9 pour que les Europ\u00e9ens soient inclus dans les n\u00e9gociations de paix, desquelles ils ont jusqu&rsquo;\u00e0 pr\u00e9sent \u00e9t\u00e9 tenus \u00e0 l&rsquo;\u00e9cart malgr\u00e9 les tentatives de Paris, Berlin et Londres de les influencer. \u00ab\u00a0L&rsquo;Europe doit donc participer au processus\u00a0\u00bb, a martel\u00e9 le pr\u00e9sident ukrainien. Le dirigeant ukrainien et le chancelier allemand Friedrich Merz ont n\u00e9anmoins \u00ab\u00a0lou\u00e9\u00a0\u00bb lors d&rsquo;une conversation t\u00e9l\u00e9phonique \u00ab\u00a0les efforts de m\u00e9diation\u00a0\u00bb de Donald Trump, selon Berlin.<\/p>\n<p>Thomas GUIEN<\/p>\n","protected":false},"excerpt":{"rendered":"\u00c0 la veille de la fin de l&rsquo;ultimatum am\u00e9ricain envers la Russie, Donald Trump et Vladimir Poutine ont&hellip;\n","protected":false},"author":2,"featured_media":303230,"comment_status":"","ping_status":"","sticky":false,"template":"","format":"standard","meta":{"footnotes":""},"categories":[1590],"tags":[1111,11,1921,75,1777,674,28083,1922,12,220,1917,133,1920,135,134],"class_list":{"0":"post-303229","1":"post","2":"type-post","3":"status-publish","4":"format-standard","5":"has-post-thumbnail","7":"category-ukraine","8":"tag-actu","9":"tag-actualites","10":"tag-article-video","11":"tag-donald-trump","12":"tag-eu","13":"tag-europe","14":"tag-guerre-en-ukraine-une-treve-sera-t-elle-possible","15":"tag-info","16":"tag-news","17":"tag-ukraine","18":"tag-ukraine-4-annee-de-guerre","19":"tag-video","20":"tag-video-international","21":"tag-vladimir-poutine","22":"tag-volodymyr-zelensky"},"share_on_mastodon":{"url":"","error":""},"_links":{"self":[{"href":"https:\/\/www.europesays.com\/fr\/wp-json\/wp\/v2\/posts\/303229","targetHints":{"allow":["GET"]}}],"collection":[{"href":"https:\/\/www.europesays.com\/fr\/wp-json\/wp\/v2\/posts"}],"about":[{"href":"https:\/\/www.europesays.com\/fr\/wp-json\/wp\/v2\/types\/post"}],"author":[{"embeddable":true,"href":"https:\/\/www.europesays.com\/fr\/wp-json\/wp\/v2\/users\/2"}],"replies":[{"embeddable":true,"href":"https:\/\/www.europesays.com\/fr\/wp-json\/wp\/v2\/comments?post=303229"}],"version-history":[{"count":0,"href":"https:\/\/www.europesays.com\/fr\/wp-json\/wp\/v2\/posts\/303229\/revisions"}],"wp:featuredmedia":[{"embeddable":true,"href":"https:\/\/www.europesays.com\/fr\/wp-json\/wp\/v2\/media\/303230"}],"wp:attachment":[{"href":"https:\/\/www.europesays.com\/fr\/wp-json\/wp\/v2\/media?parent=303229"}],"wp:term":[{"taxonomy":"category","embeddable":true,"href":"https:\/\/www.europesays.com\/fr\/wp-json\/wp\/v2\/categories?post=303229"},{"taxonomy":"post_tag","embeddable":true,"href":"https:\/\/www.europesays.com\/fr\/wp-json\/wp\/v2\/tags?post=303229"}],"curies":[{"name":"wp","href":"https:\/\/api.w.org\/{rel}","templated":true}]}}