{"id":303231,"date":"2025-08-07T17:18:09","date_gmt":"2025-08-07T17:18:09","guid":{"rendered":"https:\/\/www.europesays.com\/fr\/303231\/"},"modified":"2025-08-07T17:18:09","modified_gmt":"2025-08-07T17:18:09","slug":"dans-un-contexte-de-tensions-commerciales-avec-les-etats-unis-quatre-laboratoires-pharmaceutiques-vont-investir-600-millions-de-dollars-au-mexique","status":"publish","type":"post","link":"https:\/\/www.europesays.com\/fr\/303231\/","title":{"rendered":"Dans un contexte de tensions commerciales avec les \u00c9tats-Unis, quatre laboratoires pharmaceutiques vont investir 600 millions de dollars au Mexique"},"content":{"rendered":"<p>Hiss\u00e9 au rang de \u00ab\u00a0priorit\u00e9 absolue\u00a0\u00bb par la pr\u00e9sidente mexicaine, le secteur pharmaceutique va faire l&rsquo;objet d&rsquo;investissements colossaux de la part de quatre laboratoires, dont Bayer et AstraZeneca.<\/p>\n<p>Les laboratoires pharmaceutiques internationaux AstraZeneca, Bayer et Boehringer Ingelheim, ainsi que le laboratoire mexicain Carnot, ont annonc\u00e9 jeudi un investissement de 600 millions de dollars (516 millions d&rsquo;euros) au Mexique.<\/p>\n<p>Le secteur pharmaceutique est \u00ab\u00a0une priorit\u00e9 absolue pour la pr\u00e9sidente (Claudia Sheinbaum), surtout pour son impact mondial\u00a0\u00bb et la sant\u00e9 des Mexicains, a d\u00e9clar\u00e9 le ministre de l&rsquo;\u00c9conomie Marcelo Ebrard lors de l&rsquo;annonce aux c\u00f4t\u00e9s des dirigeants r\u00e9gionaux de ces entreprises.<\/p>\n<p>Ces investissements suivent ceux d\u00e9j\u00e0 annonc\u00e9s ces derniers mois par les multinationales Heineken, Walmart et Netflix, <a href=\"https:\/\/www.bfmtv.com\/economie\/international\/24-heures-apres-avoir-affirme-qu-il-n-y-aurait-pas-de-report-donald-trump-reporte-l-augmentation-des-droits-de-douane-pour-le-mexique-prevue-le-1er-aout_AD-202507310445.html\" title=\"24 heures apr\u00e8s avoir affirm\u00e9 qu&#039;il n&#039;y aurait pas de report, Donald Trump reporte l&#039;augmentation des droits de douane pour le Mexique pr\u00e9vue le 1er ao\u00fbt\" class=\"internal_link\" rel=\"nofollow noopener\" target=\"_blank\">dans un contexte de tensions commerciales entre le Mexique et les Etats-Unis<\/a>.<\/p>\n<p>Selon le secr\u00e9taire \u00e0 la Sant\u00e9 David Kershenobich, ces quatre laboratoires visent \u00ab\u00a0\u00e0 \u00e9tendre leurs capacit\u00e9s technologique et de production et \u00e0 exporter\u00a0\u00bb.<\/p>\n<p>Infrastructures et recherche clinique<\/p>\n<p>Le g\u00e9ant pharmaceutique allemand Bayer pr\u00e9voit de consacrer environ 160 millions de dollars au cours des cinq prochaines ann\u00e9es, a d\u00e9taill\u00e9 son directeur pour le Mexique, Manuel Bravo.<\/p>\n<p>Boehringer Ingelheim investira 187 millions de dollars sur plusieurs ann\u00e9es pour faire de son usine de production de comprim\u00e9s pharmaceutiques \u00e0 Xochimilco, au sud de Mexico, \u00ab\u00a0la plus grande au monde\u00a0\u00bb, a affirm\u00e9 son directeur pour le Mexique, l&rsquo;Am\u00e9rique centrale et les Cara\u00efbes, Augusto Muench.<\/p>\n<p>La soci\u00e9t\u00e9 pharmaceutique britannique <a href=\"https:\/\/www.bfmtv.com\/economie\/international\/50-milliards-de-dollars-astra-zeneca-annonce-un-investissement-massif-aux-etats-unis-sous-la-pression-de-donald-trump_AN-202507220144.html\" title=\"Ils ont peur des droits de douane et se pr\u00e9cipitent aux Etats-Unis: au tour du laboratoire AstraZeneca d&#039;annoncer un investissement massif de 50 milliards de dollars\" class=\"internal_link\" rel=\"nofollow noopener\" target=\"_blank\">AstraZeneca<\/a> agrandira au Mexique son centre d&rsquo;innovation et ses unit\u00e9s de production des m\u00e9dicaments pour le diab\u00e8te de type 2 et les maladies r\u00e9nales chroniques. Gr\u00e2ce \u00e0 un investissement de 120,7 millions de dollars jusqu&rsquo;en 2026, AstraZeneca augmentera \u00e9galement ses activit\u00e9s de recherche clinique, a d\u00e9taill\u00e9 son repr\u00e9sentant local, Julio Ordaz.<\/p>\n<p>Le directeur du laboratoire mexicain Carnot, Edmundo Jim\u00e9nez, a annonc\u00e9 pour sa part la construction d&rsquo;une nouvelle usine dans l&rsquo;\u00c9tat d&rsquo;Hidalgo (centre) pour un montant de 187 millions de dollars sur cinq ans.<\/p>\n<p>L&rsquo;industrie pharmaceutique <a href=\"https:\/\/www.bfmtv.com\/economie\/international\/donald-trump-menace-de-surtaxer-jusqu-a-250-les-medicaments-exportes-vers-les-etats-unis_AD-202508050339.html\" title=\"Donald Trump menace de surtaxer jusqu&#039;\u00e0 250% les m\u00e9dicaments export\u00e9s vers les \u00c9tats-Unis\" class=\"internal_link\" rel=\"nofollow noopener\" target=\"_blank\">subit des pressions de la part du pr\u00e9sident des \u00c9tats-Unis<\/a>, qui exige une baisse des prix et menace d&rsquo;imposer des droits de douane progressifs pouvant atteindre 250 % sur les importations.<\/p>\n","protected":false},"excerpt":{"rendered":"Hiss\u00e9 au rang de \u00ab\u00a0priorit\u00e9 absolue\u00a0\u00bb par la pr\u00e9sidente mexicaine, le secteur pharmaceutique va faire l&rsquo;objet d&rsquo;investissements colossaux&hellip;\n","protected":false},"author":2,"featured_media":303232,"comment_status":"","ping_status":"","sticky":false,"template":"","format":"standard","meta":{"footnotes":""},"categories":[1589],"tags":[11,73,1866,12,1864,1865,1863,308],"class_list":{"0":"post-303231","1":"post","2":"type-post","3":"status-publish","4":"format-standard","5":"has-post-thumbnail","7":"category-etats-unis","8":"tag-actualites","9":"tag-etats-unis","10":"tag-etats-unis-damerique","11":"tag-news","12":"tag-united-states","13":"tag-united-states-of-america","14":"tag-us","15":"tag-usa"},"share_on_mastodon":{"url":"https:\/\/pubeurope.com\/@fr\/114988627141829335","error":""},"_links":{"self":[{"href":"https:\/\/www.europesays.com\/fr\/wp-json\/wp\/v2\/posts\/303231","targetHints":{"allow":["GET"]}}],"collection":[{"href":"https:\/\/www.europesays.com\/fr\/wp-json\/wp\/v2\/posts"}],"about":[{"href":"https:\/\/www.europesays.com\/fr\/wp-json\/wp\/v2\/types\/post"}],"author":[{"embeddable":true,"href":"https:\/\/www.europesays.com\/fr\/wp-json\/wp\/v2\/users\/2"}],"replies":[{"embeddable":true,"href":"https:\/\/www.europesays.com\/fr\/wp-json\/wp\/v2\/comments?post=303231"}],"version-history":[{"count":0,"href":"https:\/\/www.europesays.com\/fr\/wp-json\/wp\/v2\/posts\/303231\/revisions"}],"wp:featuredmedia":[{"embeddable":true,"href":"https:\/\/www.europesays.com\/fr\/wp-json\/wp\/v2\/media\/303232"}],"wp:attachment":[{"href":"https:\/\/www.europesays.com\/fr\/wp-json\/wp\/v2\/media?parent=303231"}],"wp:term":[{"taxonomy":"category","embeddable":true,"href":"https:\/\/www.europesays.com\/fr\/wp-json\/wp\/v2\/categories?post=303231"},{"taxonomy":"post_tag","embeddable":true,"href":"https:\/\/www.europesays.com\/fr\/wp-json\/wp\/v2\/tags?post=303231"}],"curies":[{"name":"wp","href":"https:\/\/api.w.org\/{rel}","templated":true}]}}