{"id":303233,"date":"2025-08-07T17:19:11","date_gmt":"2025-08-07T17:19:11","guid":{"rendered":"https:\/\/www.europesays.com\/fr\/303233\/"},"modified":"2025-08-07T17:19:11","modified_gmt":"2025-08-07T17:19:11","slug":"laccord-franco-britannique-sur-limmigration-clandestine-entre-en-vigueur","status":"publish","type":"post","link":"https:\/\/www.europesays.com\/fr\/303233\/","title":{"rendered":"l&rsquo;accord franco-britannique sur l&rsquo;immigration clandestine entre en vigueur"},"content":{"rendered":"<p class=\"article__intro\">D\u00e9cid\u00e9 lors de la visite d&rsquo;Emmanuel Macron au Royaume-Uni d\u00e9but juillet 2025, l&rsquo;accord sur l&rsquo;immigration clandestine entre la France et l&rsquo;Angleterre est entr\u00e9 en vigueur le 6 ao\u00fbt. Cette d\u00e9cision politique r\u00e9pond au principe du \u00ab\u00a0un pour un\u00a0\u00bb. Celle-ci pr\u00e9voit le renvoi en France d&rsquo;un migrant arriv\u00e9 au Royaume-Uni en \u00e9change de l&rsquo;accueil par Londres de demandeurs d&rsquo;asile pr\u00e9sents en France.<\/p>\n<p>\n      La Quotidienne Soci\u00e9t\u00e9\n    <\/p>\n<p>\n      De la vie quotidienne aux grands enjeux, recevez tous les jours les sujets qui font la soci\u00e9t\u00e9 locale, comme la justice, l\u2019\u00e9ducation, la sant\u00e9 et la famille.\n    <\/p>\n<p>    France T\u00e9l\u00e9visions utilise votre adresse e-mail afin de vous envoyer la newsletter \u00ab\u00a0La Quotidienne Soci\u00e9t\u00e9\u00a0\u00bb. Vous pouvez vous d\u00e9sinscrire \u00e0 tout moment via le lien en bas de cette newsletter. <a target=\"_blank\" href=\"https:\/\/www.francetelevisions.fr\/groupe\/confidentialite\/politique-de-confidentialite\/politique-de-confidentialite-de-france-televisions-6503\" rel=\"nofollow noopener\">Notre politique de confidentialit\u00e9<\/a><\/p>\n<p>Il est entr\u00e9 en vigueur, le mercredi 6 ao\u00fbt 2025. L&rsquo;accord migratoire franco-britannique suivant le principe du \u00ab\u00a0un pour un\u00a0\u00bb\u00a0ne semble pas \u00eatre au go\u00fbt de tout le monde. Sur la C\u00f4te d&rsquo;Opale, associations et \u00e9lus locaux craignent que la situation ne se d\u00e9t\u00e9riore. Cette d\u00e9cision politique a \u00e9t\u00e9 sign\u00e9e par Keir Starmer, premier ministre du Royaume-Uni et Emmanuel Macron, le 10 juillet 2025, \u00e0 Londres.\u00a0<\/p>\n<p><strong>Lire aussi :\u00a0<\/strong><a href=\"https:\/\/france3-regions.franceinfo.fr\/hauts-de-france\/crise-migratoire-l-accord-franco-britannique-sur-l-echange-de-migrants-demarre-un-dispositif-experimental-3197868.html\" target=\"_blank\" rel=\"noopener nofollow\">Crise migratoire : l&rsquo;accord franco-britannique sur l&rsquo;\u00e9change de migrants d\u00e9marre, un \u00ab\u00a0dispositif exp\u00e9rimental\u00a0\u00bb<\/a><\/p>\n<p>C\u00f4t\u00e9 britannique, l&rsquo;accord avait d\u00e9j\u00e0 \u00e9t\u00e9 adopt\u00e9 depuis mardi 5 ao\u00fbt, avait annonc\u00e9 le minist\u00e8re britannique de l&rsquo;Int\u00e9rieur. Sa ratification a \u00e9t\u00e9 r\u00e9alis\u00e9e la veille, apr\u00e8s la signature du \u00ab\u00a0texte final la semaine derni\u00e8re\u00a0\u00bb par la France et le Royaume-Uni et la validation par la Commission europ\u00e9enne. Cette derni\u00e8re a \u00ab\u00a0donn\u00e9 son feu vert \u00e0 cette approche innovante pour d\u00e9courager l\u2019immigration ill\u00e9gale\u00a0\u00bb, a pr\u00e9cis\u00e9 le Home Office dans un communiqu\u00e9.<\/p>\n<p>Cette initiative pr\u00e9voit le retour en France des migrants arriv\u00e9s par \u00ab\u00a0smallboats\u00a0\u00bb au Royaume-Uni en \u00e9change de l&rsquo;envoi d&rsquo;autres migrants outre-Manche. Cet accord a pour but de dissuader les travers\u00e9es de la Manche sur des embarcations de fortune via des r\u00e9seaux de passeurs.\u00a0<\/p>\n<blockquote class=\"twitter-tweet\">\n<p dir=\"ltr\" lang=\"fr\">L\u2019accord entre la France et le Royaume-Uni pour pr\u00e9venir le drame des travers\u00e9es de la Manche et de la mer du Nord entrera en vigueur demain. Il met en place un dispositif exp\u00e9rimental, dont l\u2019objectif est clair : casser les fili\u00e8res.<br \/>Il marque une premi\u00e8re \u00e9tape face \u00e0 un d\u00e9fi\u2026<\/p>\n<p>\u2014 Bruno Retailleau (@BrunoRetailleau) <a href=\"https:\/\/twitter.com\/BrunoRetailleau\/status\/1952626443852067200?ref_src=twsrc%5Etfw\" rel=\"nofollow noopener\" target=\"_blank\">August 5, 2025<\/a><\/p><\/blockquote>\n<p>Cette nouvelle politique migratoire permet de mettre \u00ab\u00a0en place un dispositif exp\u00e9rimental, dont l\u2019objectif est clair : casser les fili\u00e8res\u00a0\u00bb, a affirm\u00e9 Bruno Retailleau sur X. Selon Guy Allemand, maire de Sangatte (Pas-de-Calais), \u00ab\u00a0cette d\u00e9cision est sous-dimensionn\u00e9e par rapport \u00e0 ce qui se passe sur notre littoral\u00a0\u00bb.<\/p>\n<blockquote class=\"ftvi_content_quote\">\n<p class=\"ftvi_citation_quote\">Cette d\u00e9cision est sous-dimensionn\u00e9e par rapport \u00e0 ce qui se passe sur notre littoral.<\/p>\n<p> Guy Allemand, maire de Sangatte <\/p>\n<\/blockquote>\n<p>Interrog\u00e9 par Alice Rougerie au micro du ICI 12\/13 de France 3 Hauts-de-France, cet \u00e9lu local met en avant que plus de 25 000 migrants ont travers\u00e9 la Manche depuis le d\u00e9but de l&rsquo;ann\u00e9e 2025. Il s&rsquo;agit d&rsquo;un<strong>\u00a0<\/strong>chiffre record pour la p\u00e9riode estivale<strong>. <\/strong><\/p>\n<p><strong>Lire aussi :\u00a0<\/strong><a href=\"https:\/\/france3-regions.franceinfo.fr\/hauts-de-france\/pas-calais\/calais\/les-gens-vont-continuer-a-traverser-quoiqu-il-arrive-un-record-de-20-000-personnes-migrantes-ont-traverse-la-manche-en-six-mois-3181455.html\" target=\"_blank\" rel=\"noopener nofollow\">\u201cLes gens vont continuer \u00e0 traverser, quoiqu\u2019il arrive\u00a0\u00bb : un record de 20 000 personnes migrantes ont travers\u00e9 la Manche en six mois<\/a><\/p>\n<p>Depuis le d\u00e9but de l\u2019ann\u00e9e 2025, dix-sept personnes sont mortes en tentant de rallier l&rsquo;Angleterre par la mer, selon le minist\u00e8re de l&rsquo;Int\u00e9rieur fran\u00e7ais.<\/p>\n<\/p>\n<p>Le principe du\u00a0\u00ab\u00a0un pour un\u00a0\u00bb\u00a0n&rsquo;est pas au go\u00fbt de Guy Allemand. \u00ab\u00a0Cet \u00e9change pourrait se d\u00e9rouler de mani\u00e8re tr\u00e8s disproportionn\u00e9e par rapport au cataclysme qu&rsquo;on vit sur nos c\u00f4tes\u00a0\u00bb, insiste-t-il. Ainsi, l&rsquo;\u00e9lu local a l&rsquo;impression de \u00ab\u00a0subir le syst\u00e8me migratoire\u00a0\u00bb.\u00a0<\/p>\n<p>Cette initiative, Guy Allemand n&rsquo;en est pas satisfait. \u00ab\u00a0Cela pourrait renforcer la pression migratoire sur notre territoire, lance-t-il. En tout \u00e9tat de cause, on risque d&rsquo;avoir des refus migratoires sur notre territoire.\u00a0\u00bb <\/p>\n<p><strong>Lire aussi :<\/strong>\u00a0<a href=\"https:\/\/france3-regions.franceinfo.fr\/hauts-de-france\/pas-calais\/calais\/migrants-le-collectif-des-maires-du-littoral-reaffirme-le-besoin-d-actions-concretes-sur-les-cotes-de-la-manche-3134224.html\" target=\"_blank\" rel=\"noopener nofollow\">Migrants : le collectif des maires du littoral r\u00e9affirme le besoin d\u2019actions concr\u00e8tes sur les c\u00f4tes de la Manche<\/a><\/p>\n<p>Du c\u00f4t\u00e9 du collectif des maires du littoral dont fait partie le maire de Sangatte, ce n&rsquo;est pas ce qui semble exig\u00e9.\u00a0Dans un communiqu\u00e9 diffus\u00e9 d\u00e9but avril 2025, le collectif tire la sonnette d\u2019alarme face \u00e0 la crise migratoire et r\u00e9clament des mesures concr\u00e8tes pour s\u00e9curiser la c\u00f4te.<\/p>\n<p>Si l&rsquo;accord ne pla\u00eet pas aux \u00e9lus locaux du littoral, il inqui\u00e8te des associations venant en aide aux migrants, comme Osmose 62. Sa pr\u00e9sidente Dany Patoux consid\u00e8re qu&rsquo;avec dette d\u00e9cision politique, \u00ab\u00a0on ne parle plus d&rsquo;humain, mais de b\u00e9tail\u00a0\u00bb.\u00a0<\/p>\n<p><strong>Lire aussi :<\/strong> <a href=\"https:\/\/france3-regions.franceinfo.fr\/hauts-de-france\/pas-calais\/calais\/les-gens-ne-sont-pas-des-objets-suite-a-l-accord-sur-l-immigration-clandestine-associations-et-elus-locaux-craignent-que-la-situation-migratoire-se-deteriore-3186573.html\" target=\"_blank\" rel=\"noopener nofollow\">\u00ab\u00a0Les gens ne sont pas des objets\u00a0\u00bb : suite \u00e0 l&rsquo;accord sur l&rsquo;immigration clandestine, associations et \u00e9lus locaux craignent que la situation migratoire se d\u00e9t\u00e9riore<\/a><\/p>\n<p>Pour chaque renvoi en France d&rsquo;un migrant arrivant au Royaume-Uni par la Manche, Londres et Paris s\u2019engagent \u00e0 accepter une personne exil\u00e9e \u00e9tant en France. Cette d\u00e9marche se ferait via une plateforme en ligne afin que les candidats \u00e0 l&rsquo;exil expriment leurs motivations de s\u2019installer outre-Manche.<\/p>\n<blockquote class=\"ftvi_content_quote\">\n<p class=\"ftvi_citation_quote\">Cet accord peut sembler partir d&rsquo;un bon sentiment pour lutter contre les r\u00e9seaux de passeurs, mais dans les faits, il est inhumain.<\/p>\n<p>Dany Patoux, pr\u00e9sidente d&rsquo;Osmose 62<\/p>\n<\/blockquote>\n<p>\u00ab\u00a0Ce n&rsquo;est pas r\u00e9aliste, le plus souvent les migrants n&rsquo;ont pas de t\u00e9l\u00e9phone charg\u00e9, commente-t-elle. Cet accord peut sembler partir d&rsquo;un bon sentiment pour lutter contre les r\u00e9seaux de passeurs, mais dans les faits, il est inhumain.\u00a0\u00bb<\/p>\n<p>Quand Dany Patoux a pris connaissance du principe du \u00ab\u00a0un pour un\u00a0\u00bb, au d\u00e9part, elle n&rsquo;y croyait pas. \u00ab\u00a0De prime abord, cela m&rsquo;a paru absurde, souligne-t-elle. C&rsquo;est comme de l&rsquo;esclavagisme moderne. Les migrants veulent juste se rendre en Angleterre pour \u00e9chapper la mis\u00e8re qu&rsquo;il y a dans leur pays.\u00a0\u00bb<\/p>\n<p><a data-article-figure=\"\" href=\"https:\/\/france3-regions.franceinfo.fr\/image\/vPUgyLeDB4f7cL2Q0MPOQQY-bzo\/3464x2352\/regions\/2021\/07\/11\/60eaac8b092a1_maxnewsworldthree961980-5393523.jpg\" data-pswp-width=\"3464\" data-pswp-height=\"2352\" target=\"_blank\" rel=\"nofollow noopener\"><\/p>\n<p>          <img width=\"600\" height=\"400\" class=\"article-image lazy\" data-src=\"https:\/\/www.europesays.com\/fr\/wp-content\/uploads\/2025\/08\/60eaac8b092a1_maxnewsworldthree961980-5393523.jpg\" alt=\"Un tag &quot;Nous voulons juste aller en Angleterre, s'il vous pla\u00eet&quot;, dans le camp de r\u00e9fugi\u00e9s de Calais. \" fetchpriority=\"high\" as=\"image\"\/><\/p>\n<p>\n            Un tag \u00ab\u00a0Nous voulons juste aller en Angleterre, s&rsquo;il vous pla\u00eet\u00a0\u00bb, dans le camp de r\u00e9fugi\u00e9s de Calais.<br \/>\n                           \u2022<br \/>\n                                      \u00a9 MAXPPP\n                      <\/p>\n<p><\/a><\/p>\n<p><a href=\"https:\/\/www.france24.com\/fr\/europe\/20250807-londres-annonce-arrestation-premiers-migrants-accord-franco-britannique\" target=\"_blank\" rel=\"noopener nofollow\">Selon France 24<\/a>, jeudi 7 ao\u00fbt 2025, l&rsquo;accord a d\u00e9j\u00e0 \u00e9t\u00e9 mis en application. Les autorit\u00e9s britanniques ont averti de la d\u00e9tention des premiers migrants arriv\u00e9s par voie irr\u00e9guli\u00e8re. Ils seraient appel\u00e9s \u00e0 \u00eatre renvoy\u00e9s en France. Ainsi, ce projet \u00ab\u00a0pilote\u00a0\u00bb contre l&rsquo;immigration clandestine a pour le moment vocation de rester en vigueur jusqu&rsquo;en juin 2026.\u00a0<\/p>\n<p>  <script async src=\"https:\/\/platform.twitter.com\/widgets.js\" charset=\"utf-8\"><\/script><\/p>\n","protected":false},"excerpt":{"rendered":"D\u00e9cid\u00e9 lors de la visite d&rsquo;Emmanuel Macron au Royaume-Uni d\u00e9but juillet 2025, l&rsquo;accord sur l&rsquo;immigration clandestine entre la&hellip;\n","protected":false},"author":2,"featured_media":303234,"comment_status":"","ping_status":"","sticky":false,"template":"","format":"standard","meta":{"footnotes":""},"categories":[1588],"tags":[11,1777,674,12,473,1853,1851,1850,1852],"class_list":{"0":"post-303233","1":"post","2":"type-post","3":"status-publish","4":"format-standard","5":"has-post-thumbnail","7":"category-royaume-uni","8":"tag-actualites","9":"tag-eu","10":"tag-europe","11":"tag-news","12":"tag-royaume-uni","13":"tag-royaume-uni-de-grande-bretagne-et-dirlande-du-nord","14":"tag-uk","15":"tag-united-kingdom","16":"tag-united-kingdom-of-great-britain-and-northern-ireland"},"share_on_mastodon":{"url":"https:\/\/pubeurope.com\/@fr\/114988630896088375","error":""},"_links":{"self":[{"href":"https:\/\/www.europesays.com\/fr\/wp-json\/wp\/v2\/posts\/303233","targetHints":{"allow":["GET"]}}],"collection":[{"href":"https:\/\/www.europesays.com\/fr\/wp-json\/wp\/v2\/posts"}],"about":[{"href":"https:\/\/www.europesays.com\/fr\/wp-json\/wp\/v2\/types\/post"}],"author":[{"embeddable":true,"href":"https:\/\/www.europesays.com\/fr\/wp-json\/wp\/v2\/users\/2"}],"replies":[{"embeddable":true,"href":"https:\/\/www.europesays.com\/fr\/wp-json\/wp\/v2\/comments?post=303233"}],"version-history":[{"count":0,"href":"https:\/\/www.europesays.com\/fr\/wp-json\/wp\/v2\/posts\/303233\/revisions"}],"wp:featuredmedia":[{"embeddable":true,"href":"https:\/\/www.europesays.com\/fr\/wp-json\/wp\/v2\/media\/303234"}],"wp:attachment":[{"href":"https:\/\/www.europesays.com\/fr\/wp-json\/wp\/v2\/media?parent=303233"}],"wp:term":[{"taxonomy":"category","embeddable":true,"href":"https:\/\/www.europesays.com\/fr\/wp-json\/wp\/v2\/categories?post=303233"},{"taxonomy":"post_tag","embeddable":true,"href":"https:\/\/www.europesays.com\/fr\/wp-json\/wp\/v2\/tags?post=303233"}],"curies":[{"name":"wp","href":"https:\/\/api.w.org\/{rel}","templated":true}]}}