{"id":303235,"date":"2025-08-07T17:20:12","date_gmt":"2025-08-07T17:20:12","guid":{"rendered":"https:\/\/www.europesays.com\/fr\/303235\/"},"modified":"2025-08-07T17:20:12","modified_gmt":"2025-08-07T17:20:12","slug":"tour-de-france-lallemagne-veut-accueillir-le-grand-depart-du-tour-de-france-en-2030","status":"publish","type":"post","link":"https:\/\/www.europesays.com\/fr\/303235\/","title":{"rendered":"Tour de France &#8211; L&rsquo;Allemagne veut accueillir le Grand D\u00e9part du Tour de France en 2030"},"content":{"rendered":"<p><img decoding=\"async\" class=\"w-full object-contain\" style=\"aspect-ratio:150 \/ 100;opacity:1\" alt=\"Tour de France - L'Allemagne veut accueillir le Grand D\u00e9part du Tour de France en 2030\" width=\"512\" height=\"341\" fetchpriority=\"high\" src=\"https:\/\/www.europesays.com\/fr\/wp-content\/uploads\/2025\/08\/FGU3KUDPNFGPVFPDFLO5JONNEI.jpg\"  \/><\/p>\n<p class=\"ap-StoryElement ap-StoryElement--mb ap-StoryText\">\u00ab\u00a0Nous avons expliqu\u00e9 notre projet. L&rsquo;Allemagne est un march\u00e9 important pour l&rsquo;organisateur du Tour, ASO, qui est \u00e9galement \u00e0 l&rsquo;origine du Tour d&rsquo;Allemagne\u00a0\u00bb, a d\u00e9clar\u00e9 Andreas Prokop, l&rsquo;un des initiateurs du projet. Le dernier d\u00e9part du Tour en Allemagne remonte \u00e0 D\u00fcsseldorf, en 2017.<\/p>\n<p class=\"ap-StoryElement ap-StoryElement--mb ap-StoryText\">Prokop affirme avoir d\u00e9j\u00e0 trouv\u00e9 des sponsors et pr\u00e9parer une candidature officielle. Les r\u00e9gions de Saxe, de Saxe-Anhalt et de Thuringe devraient accueillir les trois premi\u00e8res \u00e9tapes. Le d\u00e9part du Tour co\u00efnciderait avec le 40e anniversaire de la r\u00e9unification allemande. Le programme pr\u00e9visionnel comprend une \u00e9tape en ligne reliant Dresde \u00e0 Gera, un contre-la-montre entre Halle \u00e0 Leipzig et une troisi\u00e8me \u00e9tape qui rejoindrait Erfurt \u00e0 Magdebourg.<\/p>\n","protected":false},"excerpt":{"rendered":"\u00ab\u00a0Nous avons expliqu\u00e9 notre projet. L&rsquo;Allemagne est un march\u00e9 important pour l&rsquo;organisateur du Tour, ASO, qui est \u00e9galement&hellip;\n","protected":false},"author":2,"featured_media":2837,"comment_status":"","ping_status":"","sticky":false,"template":"","format":"standard","meta":{"footnotes":""},"categories":[1587],"tags":[11,672,1804,207,1805,1803,1777,674,1801,12,1802],"class_list":{"0":"post-303235","1":"post","2":"type-post","3":"status-publish","4":"format-standard","5":"has-post-thumbnail","7":"category-allemagne","8":"tag-actualites","9":"tag-allemagne","10":"tag-bundesrepublik-deutschland","11":"tag-cyclisme","12":"tag-de","13":"tag-deutschland","14":"tag-eu","15":"tag-europe","16":"tag-germany","17":"tag-news","18":"tag-republique-federale-dallemagne"},"share_on_mastodon":{"url":"https:\/\/pubeurope.com\/@fr\/114988635009425411","error":""},"_links":{"self":[{"href":"https:\/\/www.europesays.com\/fr\/wp-json\/wp\/v2\/posts\/303235","targetHints":{"allow":["GET"]}}],"collection":[{"href":"https:\/\/www.europesays.com\/fr\/wp-json\/wp\/v2\/posts"}],"about":[{"href":"https:\/\/www.europesays.com\/fr\/wp-json\/wp\/v2\/types\/post"}],"author":[{"embeddable":true,"href":"https:\/\/www.europesays.com\/fr\/wp-json\/wp\/v2\/users\/2"}],"replies":[{"embeddable":true,"href":"https:\/\/www.europesays.com\/fr\/wp-json\/wp\/v2\/comments?post=303235"}],"version-history":[{"count":0,"href":"https:\/\/www.europesays.com\/fr\/wp-json\/wp\/v2\/posts\/303235\/revisions"}],"wp:featuredmedia":[{"embeddable":true,"href":"https:\/\/www.europesays.com\/fr\/wp-json\/wp\/v2\/media\/2837"}],"wp:attachment":[{"href":"https:\/\/www.europesays.com\/fr\/wp-json\/wp\/v2\/media?parent=303235"}],"wp:term":[{"taxonomy":"category","embeddable":true,"href":"https:\/\/www.europesays.com\/fr\/wp-json\/wp\/v2\/categories?post=303235"},{"taxonomy":"post_tag","embeddable":true,"href":"https:\/\/www.europesays.com\/fr\/wp-json\/wp\/v2\/tags?post=303235"}],"curies":[{"name":"wp","href":"https:\/\/api.w.org\/{rel}","templated":true}]}}