{"id":303238,"date":"2025-08-07T17:22:10","date_gmt":"2025-08-07T17:22:10","guid":{"rendered":"https:\/\/www.europesays.com\/fr\/303238\/"},"modified":"2025-08-07T17:22:10","modified_gmt":"2025-08-07T17:22:10","slug":"accord-entre-les-etats-unis-et-lunion-europeenne-la-siderurgie-dans-lattente","status":"publish","type":"post","link":"https:\/\/www.europesays.com\/fr\/303238\/","title":{"rendered":"Accord entre les \u00c9tats-Unis et l&rsquo;Union europ\u00e9enne\u00a0: la sid\u00e9rurgie dans l&rsquo;attente"},"content":{"rendered":"<p>Ils auraient esp\u00e9r\u00e9 autre chose de l&rsquo;accord de Turnberry. Depuis le mois de juin, les industriels europ\u00e9ens de l&rsquo;acier et de l&rsquo;aluminium voient s&rsquo;abattre sur leurs exportations vers les \u00c9tats-Unis une nouvelle salve tarifaire\u00a0: <a href=\"https:\/\/www.latribune.fr\/economie\/international\/droits-de-douane-sur-l-acier-et-l-aluminium-trump-franchit-une-nouvelle-etape-1026575.html\" target=\"_blank\" rel=\"noopener\">50\u00a0% de droits de douane, un niveau h\u00e9rit\u00e9 des premi\u00e8res mesures protectionnistes de Donald Trump en 2018<\/a>. Un temps, ils ont cru que cette tarification allait pouvoir \u00eatre supprim\u00e9 par l&rsquo;accord commercial global conclu le 27\u00a0juillet dernier entre le pr\u00e9sident am\u00e9ricain, et la pr\u00e9sidente de la Commission europ\u00e9enne, Ursula von\u00a0der\u00a0Leyen. Pour le moment, rien n&rsquo;est tranch\u00e9 et, de Bruxelles \u00e0 Washington, les voix divergent. Certes, la Maison-Blanche parle de \u00ab\u00a0discussions \u00e0 venir\u00a0\u00bb sur la s\u00e9curisation des cha\u00eenes d&rsquo;approvisionnement, mais sans s&rsquo;engager formellement. De son c\u00f4t\u00e9, la Commission assure que les \u00c9tats-Unis seraient pr\u00eats \u00e0 accorder un r\u00e9gime de quotas avec des droits r\u00e9duits &#8211; voire nuls &#8211; en de\u00e7\u00e0 d&rsquo;un certain seuil d&rsquo;exportation.<\/p>\n","protected":false},"excerpt":{"rendered":"Ils auraient esp\u00e9r\u00e9 autre chose de l&rsquo;accord de Turnberry. Depuis le mois de juin, les industriels europ\u00e9ens de&hellip;\n","protected":false},"author":2,"featured_media":303239,"comment_status":"","ping_status":"","sticky":false,"template":"","format":"standard","meta":{"footnotes":""},"categories":[1586],"tags":[17,743,11,33,2834,73,1777,674,1779,4538,1011,27,4537,151,12,25,13018,1778,364],"class_list":{"0":"post-303238","1":"post","2":"type-post","3":"status-publish","4":"format-standard","5":"has-post-thumbnail","7":"category-europe","8":"tag-17","9":"tag-accord","10":"tag-actualites","11":"tag-economie","12":"tag-entre","13":"tag-etats-unis","14":"tag-eu","15":"tag-europe","16":"tag-european-union","17":"tag-europeenne","18":"tag-fr","19":"tag-france","20":"tag-lunion","21":"tag-les","22":"tag-news","23":"tag-republique-francaise","24":"tag-siderurgie","25":"tag-ue","26":"tag-union-europeenne"},"share_on_mastodon":{"url":"https:\/\/pubeurope.com\/@fr\/114988642750052841","error":""},"_links":{"self":[{"href":"https:\/\/www.europesays.com\/fr\/wp-json\/wp\/v2\/posts\/303238","targetHints":{"allow":["GET"]}}],"collection":[{"href":"https:\/\/www.europesays.com\/fr\/wp-json\/wp\/v2\/posts"}],"about":[{"href":"https:\/\/www.europesays.com\/fr\/wp-json\/wp\/v2\/types\/post"}],"author":[{"embeddable":true,"href":"https:\/\/www.europesays.com\/fr\/wp-json\/wp\/v2\/users\/2"}],"replies":[{"embeddable":true,"href":"https:\/\/www.europesays.com\/fr\/wp-json\/wp\/v2\/comments?post=303238"}],"version-history":[{"count":0,"href":"https:\/\/www.europesays.com\/fr\/wp-json\/wp\/v2\/posts\/303238\/revisions"}],"wp:featuredmedia":[{"embeddable":true,"href":"https:\/\/www.europesays.com\/fr\/wp-json\/wp\/v2\/media\/303239"}],"wp:attachment":[{"href":"https:\/\/www.europesays.com\/fr\/wp-json\/wp\/v2\/media?parent=303238"}],"wp:term":[{"taxonomy":"category","embeddable":true,"href":"https:\/\/www.europesays.com\/fr\/wp-json\/wp\/v2\/categories?post=303238"},{"taxonomy":"post_tag","embeddable":true,"href":"https:\/\/www.europesays.com\/fr\/wp-json\/wp\/v2\/tags?post=303238"}],"curies":[{"name":"wp","href":"https:\/\/api.w.org\/{rel}","templated":true}]}}