{"id":303248,"date":"2025-08-07T17:27:10","date_gmt":"2025-08-07T17:27:10","guid":{"rendered":"https:\/\/www.europesays.com\/fr\/303248\/"},"modified":"2025-08-07T17:27:10","modified_gmt":"2025-08-07T17:27:10","slug":"gros-coup-pour-les-beziers-angels-qui-font-signer-une-volleyeuse-internationale-francaise","status":"publish","type":"post","link":"https:\/\/www.europesays.com\/fr\/303248\/","title":{"rendered":"Gros coup pour les B\u00e9ziers Angels qui font signer une volleyeuse internationale fran\u00e7aise"},"content":{"rendered":"<p>\n                                                                Tr\u00e8s actif sur le mercato, qui est quasiment boucl\u00e9, le club biterrois vient d\u2019enregistrer un renfort de poids avec la signature de l\u2019internationale fran\u00e7aise Eva Elouga.\n                            <\/p>\n<p>\u00ab\u00a0J\u2019ai h\u00e2te de rejoindre ce nouveau groupe\u00a0\u00bb, voil\u00e0 les premiers mots de l\u2019internationale fran\u00e7aise Eva Elouga sur le site des B\u00e9ziers Angels apr\u00e8s sa signature. Une recrue de poids, puisqu\u2019elle est actuellement en pleine pr\u00e9paration avec l\u2019\u00e9quipe de France pour les championnats du monde qui se d\u00e9rouleront en Tha\u00eflande dans les prochaines semaines. M\u00eame s\u2019il n\u2019est pas encore tout \u00e0 fait boucl\u00e9, l\u2019effectif se pr\u00e9cise petit \u00e0 petit (lire ci-dessous).<\/p>\n<p>    Le mercato en d\u00e9tail<\/p>\n<p>D\u00e9faites en quart de finale des play-offs de la Saforelle Power 6 la saison pass\u00e9e, les Angels ont enregistr\u00e9\u00a0huit d\u00e9parts durant la tr\u00e8ve estivale\u00a0: Raquel Lazaro, Marissa Stockman, Ma\u00eblys Agnese, Karin Sunderlikova, Emily Holterhaus, Paulina Majkowska, Manon Bernard, Adria Powell.\u00a0Pour garder un minimum de stabilit\u00e9, Fabien Simondet pourra tout de m\u00eame compter sur six cadres de cette saison dont sa capitaine Nada Meawed ainsi que Chiara Ammirati, Margaux Bouzinac, Ciara Debell, Juliette Bodinier et Am\u00e9lia Moore. L\u2019effectif du club biterrois s\u2019est \u00e9galement renforc\u00e9. En plus de l\u2019arriv\u00e9e d\u2019Eva Elouga, la passeuse internationale suisse M\u00e9line Perret rejoint la cit\u00e9 de Paul-Riquet, tout comme Valerin Carabali, une centrale internationale colombienne, Erika Mercado, une pointue internationale portugaise, Fiona Maeder, une jeune pointue internationale suisse, ainsi que la jeune lib\u00e9ro de 17 ans Yona Abdramane, qui int\u00e8gre le centre de formation et pourrait avoir sa chance avec l\u2019\u00e9quipe professionnelle. La lib\u00e9ro Sara Romati, d\u00e9j\u00e0 pass\u00e9e par le club entre\u00a02019 et\u00a02021, fait \u00e9galement son retour dans l\u2019effectif.<\/p>\n<p>\u00ab\u00a0Nous avons essay\u00e9 d\u2019am\u00e9liorer les postes o\u00f9 nous \u00e9tions un peu plus faibles la saison derni\u00e8re et amener de l\u2019exp\u00e9rience dans notre effectif assez jeune, explique Fabien Simondet, l\u2019entra\u00eeneur des Angels. Disons que le malheur des uns fait le bonheur des autres, le d\u00e9p\u00f4t de bilan de Venelles nous a permis de faire venir Eva (Elouga, ndlr). Elle va nous amener toute son exp\u00e9rience, puis avoir une internationale fran\u00e7aise, c\u2019est toujours positif.\u00a0\u00bb\u00a0Comme chaque ann\u00e9e, le coach h\u00e9raultais devrait aussi s\u2019appuyer sur le centre de formation biterrois.<\/p>\n<p>La qualification en coupe d\u2019Europe en ligne de mire<\/p>\n<p>Dans le staff \u00e9galement, il y a eu quelques mouvements avec l\u2019arriv\u00e9e de Romain Guivarch, qui arrive des Neptunes de Nantes (rel\u00e9gu\u00e9es administrativement en deuxi\u00e8me division, ndlr), en tant qu\u2019entra\u00eeneur adjoint et statisticien. Il remplacera Sandra Rojas Bacchi\u00a0qui quitte le club.<\/p>\n<p>Et une page se tourne puisque, apr\u00e8s sept saisons pass\u00e9es \u00e0 B\u00e9ziers, Keylla Fabrino s\u2019en va. Depuis l\u2019arr\u00eat de sa carri\u00e8re de joueuse, elle occupait le poste de responsable communication et marketing, mais pas que\u2026 \u00ab\u00a0C\u2019est\u00a0triste, regrette Fabien Simondet. Je travaille avec elle\u00a0depuis des ann\u00e9es, d\u00e9j\u00e0 en tant que joueuse, c\u2019\u00e9tait ma capitaine, puis en plus de son r\u00f4le de communicante, elle m\u2019aidait aussi sur la gestion relationnelle avec les joueuses et les agents. C\u2019est une grosse perte pour nous malheureusement.\u00a0\u00bb<\/p>\n<p>Comme chaque saison, l\u2019objectif est clair pour les volleyeuses biterroises\u00a0: \u00ab\u00a0Accrocher le top 5 pour se qualifier en coupe d\u2019Europe\u00a0\u00bb. Le tout dans un championnat qui a chang\u00e9 de visage \u00e0 l\u2019intersaison, avec la rel\u00e9gation administrative de Nantes et le d\u00e9p\u00f4t de bilan de Venelles, qui avaient fini sur le podium la saison derni\u00e8re. Il y aura donc des places \u00e0 prendre. Les Angels reprendront le chemin de l\u2019entra\u00eenement le lundi 18\u00a0ao\u00fbt puis, apr\u00e8s quelques matchs amicaux, elles d\u00e9buteront la Saforelle Power 6 le mardi 11\u00a0octobre, \u00e0 Nancy.<\/p>\n","protected":false},"excerpt":{"rendered":"Tr\u00e8s actif sur le mercato, qui est quasiment boucl\u00e9, le club biterrois vient d\u2019enregistrer un renfort de poids&hellip;\n","protected":false},"author":2,"featured_media":303249,"comment_status":"","ping_status":"","sticky":false,"template":"","format":"standard","meta":{"footnotes":""},"categories":[1417],"tags":[1011,27,60,1470,1469],"class_list":{"0":"post-303248","1":"post","2":"type-post","3":"status-publish","4":"format-standard","5":"has-post-thumbnail","7":"category-volley","8":"tag-fr","9":"tag-france","10":"tag-sports","11":"tag-volley","12":"tag-volleyball"},"share_on_mastodon":{"url":"https:\/\/pubeurope.com\/@fr\/114988662351573412","error":""},"_links":{"self":[{"href":"https:\/\/www.europesays.com\/fr\/wp-json\/wp\/v2\/posts\/303248","targetHints":{"allow":["GET"]}}],"collection":[{"href":"https:\/\/www.europesays.com\/fr\/wp-json\/wp\/v2\/posts"}],"about":[{"href":"https:\/\/www.europesays.com\/fr\/wp-json\/wp\/v2\/types\/post"}],"author":[{"embeddable":true,"href":"https:\/\/www.europesays.com\/fr\/wp-json\/wp\/v2\/users\/2"}],"replies":[{"embeddable":true,"href":"https:\/\/www.europesays.com\/fr\/wp-json\/wp\/v2\/comments?post=303248"}],"version-history":[{"count":0,"href":"https:\/\/www.europesays.com\/fr\/wp-json\/wp\/v2\/posts\/303248\/revisions"}],"wp:featuredmedia":[{"embeddable":true,"href":"https:\/\/www.europesays.com\/fr\/wp-json\/wp\/v2\/media\/303249"}],"wp:attachment":[{"href":"https:\/\/www.europesays.com\/fr\/wp-json\/wp\/v2\/media?parent=303248"}],"wp:term":[{"taxonomy":"category","embeddable":true,"href":"https:\/\/www.europesays.com\/fr\/wp-json\/wp\/v2\/categories?post=303248"},{"taxonomy":"post_tag","embeddable":true,"href":"https:\/\/www.europesays.com\/fr\/wp-json\/wp\/v2\/tags?post=303248"}],"curies":[{"name":"wp","href":"https:\/\/api.w.org\/{rel}","templated":true}]}}