{"id":303250,"date":"2025-08-07T17:28:10","date_gmt":"2025-08-07T17:28:10","guid":{"rendered":"https:\/\/www.europesays.com\/fr\/303250\/"},"modified":"2025-08-07T17:28:10","modified_gmt":"2025-08-07T17:28:10","slug":"un-an-apres-la-famille-de-medhi-narjissi-sest-recueillie-sur-les-lieux-de-sa-disparition-lequipe","status":"publish","type":"post","link":"https:\/\/www.europesays.com\/fr\/303250\/","title":{"rendered":"Un an apr\u00e8s, la famille de Medhi Narjissi s&#039;est recueillie sur les lieux de sa disparition &#8211; L&#039;\u00c9quipe"},"content":{"rendered":"<ol>\n<li><a href=\"https:\/\/news.google.com\/rss\/articles\/CBMi0wFBVV95cUxQb2t3cTBTMV9hclgweFk3OEl4WkFCRDJTUVZudTdjWnZ1TU50NmJJb3I2NzlsaURrQ0RnWU9BY0UtWkJZQWdEOURSUFBCc3VMbTFzMFRadGU5UVY3TTFFZW5FcmFVUDJmQzdqMFJoWFVqNUJfM3NpRXBoZ3p6TjZDMnZVVmpxSDRpbjJ3cDctOHBsSE42bW1rMExyRm9iakdPV2V5UUc4cDdfQzkyQzIzUm12RjRDamRyWjlYLUpTSTVEa214Sk14dHdqRjMteUZnMW1z?oc=5\" target=\"_blank\" rel=\"nofollow noopener\">Un an apr\u00e8s, la famille de Medhi Narjissi s&rsquo;est recueillie sur les lieux de sa disparition<\/a>&nbsp;&nbsp;L&rsquo;\u00c9quipe<\/li>\n<li><a href=\"https:\/\/news.google.com\/rss\/articles\/CBMilwJBVV95cUxON3BZT3RtN202dzFsWUh4a21iajgweU5OcHJjdTBxUGtpQnRpTU8xT0RtbnBlRmZwaW9rV1k2b1g4blB4cjBlcWc5QklCNEdqSExSREJGLTVGckRWRVotR2dIQlYzM1h3Rld0M3BReTVabG02NHktckxtVERBeVZhdHBYUzlCSl80YmlidE5uMHZ2RWtnZjlBR0dCeUdIeFZNdURWODlKSGlZUnI2ZFlaOHU5c0p1Um1WdVNRSTZvOUl5QTU1QWhPWFZZOXR0SkFGa1JyRmpfdnpOeUtsVTdoSXlpb24yLVJ0dWZsZzJaQ0VHMmVxTTJTam9kRUFhOEV0aHdTeU9xMDh5YVM2VmdrbWVtUm9JaEk?oc=5\" target=\"_blank\" rel=\"nofollow noopener\">Disparition de Medhi Narjissi : l\u2019\u00e9quipe de France U18 de retour en Afrique du Sud, \u00ab c\u2019est une honte \u00bb<\/a>&nbsp;&nbsp;Sud Ouest<\/li>\n<li><a href=\"https:\/\/news.google.com\/rss\/articles\/CBMiqgJBVV95cUxNRUNXZm1fQTdud2VBT2M2OXR1RlpFYlZKVnpsNHNVTmdITWJkUXRkb1JhWEVSaURzZWFaTi1lSnlkbGhmZmV3SDZrNWpia0dYZGlJU0RSTm5VRENxS2lDdlQyWDZOS1NjVVc3VmNkYWU5aVM1MVpLSnVxQnBKWlZ3bmhMcnlsOGtKZUx2Q3FZR3hHSFhDT253ZUNrUEEwNk5GWFhjU1BxSHRmOTBlVjZBRkE4WDVSTG1mSnh6WXozcEpzTHdLQ0t5cXItV0dxUTdaUnYwZ0NRSU5CMndRQ3ZKYnlSSXVwb1JZV1VWc25pWWlrQ0VvU0swakRBNDREYV93aWw4NXdMczZwVzFYbnIxbkp4d1MtNVFBcHBZZ21LZUh5dXg2RkdnWlhR?oc=5\" target=\"_blank\" rel=\"nofollow noopener\">\u00ab\u00a0On est dans le tr\u00e8s dur\u00a0\u00bb, le t\u00e9moignage poignant du p\u00e8re de Mehdi Narjissi, un an apr\u00e8s la disparition du jeune rugbyman en Afrique du Sud<\/a>&nbsp;&nbsp;RMC Sport<\/li>\n<li><a href=\"https:\/\/news.google.com\/rss\/articles\/CBMi5gFBVV95cUxPU2t0eTlhR3dZSG9wMjJkYURibWZ3V3FRSUxMUjh0U1JrdmdJY1k3WTJ6X053TWVpZmxvZHVEM2lKaTJGZXN3UGpISW9VWXlwMFhVSkVJZk9RYUg3cXJwX3lCejN3MFZfQ1J5d3pYX3Zvbk5mODFHZUxmMXVBX1VqOHk0MkhBTXBhSGFHUnIxT2l3SDdRQzZrUGVwREFhVVRCcWZYRFhTZDBnT3lhSTJXY0I4bW05VTdPbmh2dDF3bDBESW9kQ1RsZHQyLVNsT3U5TGdZT3BlOFAzSG1ldG5jVU41UlZMUQ?oc=5\" target=\"_blank\" rel=\"nofollow noopener\">\u00abLa famille du rugby ne t\u2019oubliera jamais\u00bb : la FFR rend hommage au jeune Medhi Narjissi, disparu il y a un an<\/a>&nbsp;&nbsp;Le Figaro<\/li>\n<li><a href=\"https:\/\/news.google.com\/rss\/articles\/CBMilgJBVV95cUxQNmhqWXpkcUw4NFVGSXNQWjUwQUV2RzhrbTFjNGh5V18ybUdrYzJKaGVTWXhDZHpCUFg4QklKcnM5MVczbnluellXNW0yTk9TMXluN0FEcVVYNkpraGhGNF9vU1RHMWsyX2U3LWdCbTN0elo0aGlGYzROUE9zMElNd3FoOVhtSHhvSUNOZWtRZWdoZTFTRlplbE4zcFJkdkpSQ1NFSFpLcGN4eVY3QWVPR0lVU1Z1U05RTzI5djRmM2Vkc3BWSERiRDRZV2NIbEtBQ3ZhdXRNV2s5R2FLTnQtQUU0aFl2WXJKTl9RTjRZMDJnTlNfbzJDaWRYQ1B1b2xIT3lkeGFMa0pyZ3RxVDBGU1Y3cThrZw?oc=5\" target=\"_blank\" rel=\"nofollow noopener\">\u00ab Ces gens sont fous et ils nous rendent fous \u00bb : la famille Narjissi, d\u00e9truite et bafou\u00e9e apr\u00e8s la mort de Medhi<\/a>&nbsp;&nbsp;Le Parisien<\/li>\n<\/ol>\n","protected":false},"excerpt":{"rendered":"Un an apr\u00e8s, la famille de Medhi Narjissi s&rsquo;est recueillie sur les lieux de sa disparition&nbsp;&nbsp;L&rsquo;\u00c9quipe Disparition de&hellip;\n","protected":false},"author":2,"featured_media":303251,"comment_status":"","ping_status":"","sticky":false,"template":"","format":"standard","meta":{"footnotes":""},"categories":[1416],"tags":[1011,27,479,1468,60],"class_list":{"0":"post-303250","1":"post","2":"type-post","3":"status-publish","4":"format-standard","5":"has-post-thumbnail","7":"category-rugby","8":"tag-fr","9":"tag-france","10":"tag-rugby","11":"tag-rugby-football","12":"tag-sports"},"share_on_mastodon":{"url":"https:\/\/pubeurope.com\/@fr\/114988666288560600","error":""},"_links":{"self":[{"href":"https:\/\/www.europesays.com\/fr\/wp-json\/wp\/v2\/posts\/303250","targetHints":{"allow":["GET"]}}],"collection":[{"href":"https:\/\/www.europesays.com\/fr\/wp-json\/wp\/v2\/posts"}],"about":[{"href":"https:\/\/www.europesays.com\/fr\/wp-json\/wp\/v2\/types\/post"}],"author":[{"embeddable":true,"href":"https:\/\/www.europesays.com\/fr\/wp-json\/wp\/v2\/users\/2"}],"replies":[{"embeddable":true,"href":"https:\/\/www.europesays.com\/fr\/wp-json\/wp\/v2\/comments?post=303250"}],"version-history":[{"count":0,"href":"https:\/\/www.europesays.com\/fr\/wp-json\/wp\/v2\/posts\/303250\/revisions"}],"wp:featuredmedia":[{"embeddable":true,"href":"https:\/\/www.europesays.com\/fr\/wp-json\/wp\/v2\/media\/303251"}],"wp:attachment":[{"href":"https:\/\/www.europesays.com\/fr\/wp-json\/wp\/v2\/media?parent=303250"}],"wp:term":[{"taxonomy":"category","embeddable":true,"href":"https:\/\/www.europesays.com\/fr\/wp-json\/wp\/v2\/categories?post=303250"},{"taxonomy":"post_tag","embeddable":true,"href":"https:\/\/www.europesays.com\/fr\/wp-json\/wp\/v2\/tags?post=303250"}],"curies":[{"name":"wp","href":"https:\/\/api.w.org\/{rel}","templated":true}]}}