{"id":303252,"date":"2025-08-07T17:29:10","date_gmt":"2025-08-07T17:29:10","guid":{"rendered":"https:\/\/www.europesays.com\/fr\/303252\/"},"modified":"2025-08-07T17:29:10","modified_gmt":"2025-08-07T17:29:10","slug":"wta-cincinnati-iga-swiatek-sest-lachee-apres-son-titre-a-wimbledon-dhabitude-ce-nest-pas-quelque-chose-que-je-mautorise-tellement-je-me-suis-dit-que-javais-le-droit-den-profiter-et-tant","status":"publish","type":"post","link":"https:\/\/www.europesays.com\/fr\/303252\/","title":{"rendered":"WTA &#8211; Cincinnati > Iga Swiatek s&rsquo;est l\u00e2ch\u00e9e apr\u00e8s son titre \u00e0 Wimbledon : \u00ab\u00a0D&rsquo;habitude, ce n&rsquo;est pas quelque chose que je m&rsquo;autorise tellement. Je me suis dit que j&rsquo;avais le droit d&rsquo;en profiter et tant pis si je perdais au deuxi\u00e8me tour du prochain tournoi\u00a0\u00bb"},"content":{"rendered":"<p>Pr\u00e9sente en conf\u00e9\u00adrence de presse d\u2019avant tournoi sur le WTA 1000 de Cincinnati, quelques jours apr\u00e8s sa d\u00e9faite en huiti\u00e8mes de finale \u00e0 Montr\u00e9al face \u00e0 Clara Tauson, Iga Swiatek a reconnu qu\u2019elle s\u2019at\u00adten\u00addait un peu \u00e0 un revers au Canada apr\u00e8s avoir pris quelques jours de vacances suite \u00e0 son tout premier sacre sur le gazon de Wimbledon.\u00a0<\/p>\n<p><strong>\u00ab\u202fJ\u2019ai pris cinq jours de vacances, trois et demi si on enl\u00e8ve les trans\u00adports. Mais j\u2019en avais besoin. J\u2019ai recharg\u00e9 les batte\u00adries en passant du temps sur un bateau avec des amies. C\u2019est diffi\u00adcile d\u2019ar\u00adriver \u00e0 profiter des victoires en Grand Chelem. Pour mon premier Roland\u2010Garros, c\u2019\u00e9tait naturel car c\u2019\u00e9tait le dernier tournoi de la saison 2020 (\u00e0 cause du Covid, ndlr). Mais par la suite, m\u00eame en prenant quelques jours, il y a la saison sur gazon qui arrive tr\u00e8s vite et il faut tout de suite \u00eatre pr\u00eate. Wimbledon c\u2019est un peu diff\u00e9\u00adrent et j\u2019ai voulu en profiter. D\u2019habitude, ce n\u2019est pas quelque chose que je m\u2019au\u00adto\u00adrise, en pensant tout de suite au prochain tournoi. L\u00e0, je me suis dit que j\u2019avais le droit d\u2019en profiter et tant pis si je perdais au deuxi\u00e8me tour du prochain tournoi. Gagner Wimbledon, c\u2019est quelque chose qui restera toute ma vie. Et il m\u2019a fallu un peu de temps pour le\u00a0faire.\u202f\u00bb<br \/><\/strong><\/p>\n<p class=\"post-published-date\" style=\"color: silver; font-size: 75%; text-align: left;\">Publi\u00e9 le jeudi 7 ao\u00fbt 2025 \u00e0 16:37<\/p>\n","protected":false},"excerpt":{"rendered":"Pr\u00e9sente en conf\u00e9\u00adrence de presse d\u2019avant tournoi sur le WTA 1000 de Cincinnati, quelques jours apr\u00e8s sa d\u00e9faite&hellip;\n","protected":false},"author":2,"featured_media":303253,"comment_status":"","ping_status":"","sticky":false,"template":"","format":"standard","meta":{"footnotes":""},"categories":[1415],"tags":[1011,27,2200,60,1467],"class_list":{"0":"post-303252","1":"post","2":"type-post","3":"status-publish","4":"format-standard","5":"has-post-thumbnail","7":"category-tennis","8":"tag-fr","9":"tag-france","10":"tag-iga-swiatek","11":"tag-sports","12":"tag-tennis"},"share_on_mastodon":{"url":"https:\/\/pubeurope.com\/@fr\/114988670218414018","error":""},"_links":{"self":[{"href":"https:\/\/www.europesays.com\/fr\/wp-json\/wp\/v2\/posts\/303252","targetHints":{"allow":["GET"]}}],"collection":[{"href":"https:\/\/www.europesays.com\/fr\/wp-json\/wp\/v2\/posts"}],"about":[{"href":"https:\/\/www.europesays.com\/fr\/wp-json\/wp\/v2\/types\/post"}],"author":[{"embeddable":true,"href":"https:\/\/www.europesays.com\/fr\/wp-json\/wp\/v2\/users\/2"}],"replies":[{"embeddable":true,"href":"https:\/\/www.europesays.com\/fr\/wp-json\/wp\/v2\/comments?post=303252"}],"version-history":[{"count":0,"href":"https:\/\/www.europesays.com\/fr\/wp-json\/wp\/v2\/posts\/303252\/revisions"}],"wp:featuredmedia":[{"embeddable":true,"href":"https:\/\/www.europesays.com\/fr\/wp-json\/wp\/v2\/media\/303253"}],"wp:attachment":[{"href":"https:\/\/www.europesays.com\/fr\/wp-json\/wp\/v2\/media?parent=303252"}],"wp:term":[{"taxonomy":"category","embeddable":true,"href":"https:\/\/www.europesays.com\/fr\/wp-json\/wp\/v2\/categories?post=303252"},{"taxonomy":"post_tag","embeddable":true,"href":"https:\/\/www.europesays.com\/fr\/wp-json\/wp\/v2\/tags?post=303252"}],"curies":[{"name":"wp","href":"https:\/\/api.w.org\/{rel}","templated":true}]}}