{"id":303254,"date":"2025-08-07T17:31:16","date_gmt":"2025-08-07T17:31:16","guid":{"rendered":"https:\/\/www.europesays.com\/fr\/303254\/"},"modified":"2025-08-07T17:31:16","modified_gmt":"2025-08-07T17:31:16","slug":"motogp-marco-bezzecchi-un-peu-detruit-sans-jorge-martin-lautre-combat-de-la-saison-daprilia","status":"publish","type":"post","link":"https:\/\/www.europesays.com\/fr\/303254\/","title":{"rendered":"MotoGP, Marco Bezzecchi \u201cun peu d\u00e9truit\u201d sans Jorge Martin : l\u2019autre combat de la saison d\u2019Aprilia"},"content":{"rendered":"<p><strong>Marco Bezzecchi n\u2019a pas seulement d\u00fb apprivoiser une<br \/>\ntoute nouvelle moto en ce d\u00e9but de saison MotoGP 2025. Il a aussi<br \/>\nd\u00fb porter, presque seul, la charge du d\u00e9veloppement chez Aprilia<br \/>\nRacing pendant toute la pr\u00e9saison\u2026 une \u00e9preuve qu\u2019il d\u00e9crit<br \/>\naujourd\u2019hui comme mentalement d\u00e9vastatrice.<\/strong><\/p>\n<p>Priv\u00e9 du renfort de <strong>Jorge Martin<\/strong>, bless\u00e9 et<br \/>\nforfait jusqu\u2019\u00e0 la manche de Brno, <strong>Bezzecchi<\/strong> a d\u00fb<br \/>\nfaire face \u00e0 un r\u00f4le inattendu : celui de pilote de d\u00e9veloppement<br \/>\nprincipal chez <strong>Aprilia<\/strong>.<\/p>\n<p>\u00ab C\u2019est s\u00fbr que les deux premi\u00e8res courses ont \u00e9t\u00e9<br \/>\ndifficiles parce que je venais d\u2019une pr\u00e9saison diff\u00e9rente et<br \/>\ndifficile, <strong>o\u00f9 je d\u00e9veloppais la moto tout<br \/>\nseul<\/strong> \u00bb, confie-t-il \u00e0 <a href=\"https:\/\/www.motogp.com\/en\" rel=\"nofollow noopener\" target=\"_blank\">MotoGP.com<\/a> dans l\u2019\u00e9mission After<br \/>\nthe Flag.<\/p>\n<p>Il n\u2019\u00e9tait pas compl\u00e8tement seul : <strong>Lorenzo<br \/>\nSavadori<\/strong>, pilote d\u2019essai, et les ing\u00e9nieurs de l\u2019\u00e9quipe<br \/>\nTrackHouse (satellite Aprilia) l\u2019ont \u00e9paul\u00e9. Mais la r\u00e9alit\u00e9 est<br \/>\nclaire : \u00ab la majeure partie du d\u00e9veloppement \u00e9tait de ma<br \/>\nresponsabilit\u00e9 et c\u2019\u00e9tait difficile<strong>. J\u2019\u00e9tais vraiment un<br \/>\npeu d\u00e9truit mentalement et physiquement, surtout<br \/>\nmentalement<\/strong>. \u00bb<\/p>\n<p>R\u00e9sultat : des performances en demi-teinte lors des premi\u00e8res<br \/>\ncourses, malgr\u00e9 tous les efforts fournis. Une frustration palpable<br \/>\n:\u00ab quand le r\u00e9sultat n\u2019arrivait pas vraiment, j\u2019\u00e9tais aussi<br \/>\n<strong>un peu triste<\/strong> parce que je m\u2019attendais \u00e0 un peu<br \/>\nmieux, <strong>vu tout le travail qu\u2019on a fait<\/strong>. \u00bb<\/p>\n<p><img loading=\"lazy\" decoding=\"async\" class=\"aligncenter\" src=\"https:\/\/www.europesays.com\/fr\/wp-content\/uploads\/2025\/08\/massimo-rivola-brno-1.jpg\" alt=\"Donner et recevoir pour se rendre : Massimo Rivola relance ainsi le conte de f\u00e9es de cette Aprilia avec Bezzecchi sur le podium et Mart\u00edn \u00ab en famille \u00bb ;\" width=\"843\" height=\"441\"\/><\/p>\n<p><strong>Marco Bezzecchi\u00a0:<br \/>\n\u00ab\u00a0nous sommes rest\u00e9s calmes, nous sommes rest\u00e9s cool, et<br \/>\ntout a commenc\u00e9 \u00e0 aller un peu mieux\u00a0\u00bb<\/strong><\/p>\n<p>Mais Bezzecchi ne s\u2019est pas laiss\u00e9 abattre : \u00ab nous sommes<br \/>\nrest\u00e9s calmes, nous sommes rest\u00e9s cool, et tout a commenc\u00e9 \u00e0 aller<br \/>\nun peu mieux. Nous avons continu\u00e9 \u00e0 travailler pour faire quelques<br \/>\nprogr\u00e8s, et <strong>tout s\u2019est un peu mieux pass\u00e9<\/strong>, donc<br \/>\nnous avons commenc\u00e9 \u00e0 obtenir de bons r\u00e9sultats. <strong>C\u2019\u00e9tait<br \/>\nfantastique<\/strong>. \u00bb<\/p>\n<p>La r\u00e9apparition de <strong>Jorge Martin<\/strong> \u00e0 Brno, apr\u00e8s<br \/>\nune convalescence longue et m\u00e9diatis\u00e9e, est un soulagement pour<br \/>\ntoute l\u2019\u00e9quipe\u2026 et surtout pour <strong>Bezzecchi<\/strong>.<\/p>\n<p>\u00ab Maintenant que Jorge est revenu, nous pouvons collecter<br \/>\nencore plus de donn\u00e9es avec l\u2019\u00e9quipe de TrackHouse, nous devons<br \/>\ndonc <strong>tout ajuster de la meilleure fa\u00e7on<br \/>\npossible<\/strong>. \u00bb<\/p>\n<p>Car face \u00e0 l\u2019armada <strong>Ducati<\/strong>, qui aligne de<br \/>\nnombreux pilotes et accumule des donn\u00e9es pr\u00e9cieuses,<br \/>\n<strong>Aprilia<\/strong> doit aff\u00fbter chaque d\u00e9tail :\u00ab<br \/>\n<strong>maintenant tout est une question de<br \/>\nd\u00e9tails<\/strong>. Ducati a beaucoup de pilotes, beaucoup<br \/>\nde donn\u00e9es, beaucoup de pilotes forts aussi. \u00bb<\/p>\n<p><strong>Bezzecchi<\/strong>, arriv\u00e9 cet hiver de chez<br \/>\n<strong>VR46 Ducati<\/strong>, a v\u00e9cu une pr\u00e9saison \u00e0<br \/>\ncontre-courant. Propuls\u00e9 malgr\u00e9 lui au c\u0153ur du d\u00e9veloppement<br \/>\n<a href=\"https:\/\/www.paddock-gp.com\/motogp-2027-aprilia-se-prepare-a-la-revolution-technique-et-sinteresse-au-moto3\/\" rel=\"nofollow noopener\" target=\"_blank\"><br \/>\n<strong>Aprilia<\/strong><\/a>, sans son co\u00e9quipier-star, il a tenu<br \/>\nbon malgr\u00e9 l\u2019usure mentale.<\/p>\n<p>Le retour de <a href=\"https:\/\/www.paddock-gp.com\/motogp-paolo-simoncelli-jorge-martin-a-perdu-mon-respect-et-il-explique-pourquoi\/\" rel=\"nofollow noopener\" target=\"_blank\"><br \/>\n<strong>Jorge Mart\u00edn<\/strong><\/a> redonne une dynamique collective<br \/>\nessentielle \u00e0 Noale. Mais il ne faut pas sous-estimer ce que<br \/>\n<strong>Bezzecchi<\/strong> a endur\u00e9 en coulisses : il a tenu la<br \/>\nbaraque quand tout reposait sur lui. Et \u00e7a, dans une saison MotoGP<br \/>\nultra-comp\u00e9titive, \u00e7a m\u00e9rite le respect.<\/p>\n<p><img loading=\"lazy\" decoding=\"async\" class=\"aligncenter\" src=\"https:\/\/www.europesays.com\/fr\/wp-content\/uploads\/2025\/08\/gng_1249499_hires.jpg\" alt=\"Marco Bezzecchi, Grand Prix MotoGP de R\u00e9publique tch\u00e8que 2025, voie des stands. Cr\u00e9dit\u00a0: Gold and Goose.\" width=\"725\" height=\"482\"\/><\/p>\n","protected":false},"excerpt":{"rendered":"Marco Bezzecchi n\u2019a pas seulement d\u00fb apprivoiser une toute nouvelle moto en ce d\u00e9but de saison MotoGP 2025.&hellip;\n","protected":false},"author":2,"featured_media":303255,"comment_status":"","ping_status":"","sticky":false,"template":"","format":"standard","meta":{"footnotes":""},"categories":[1413],"tags":[1011,27,1457,1456,60],"class_list":{"0":"post-303254","1":"post","2":"type-post","3":"status-publish","4":"format-standard","5":"has-post-thumbnail","7":"category-moto","8":"tag-fr","9":"tag-france","10":"tag-moto","11":"tag-motocycle","12":"tag-sports"},"share_on_mastodon":{"url":"https:\/\/pubeurope.com\/@fr\/114988678721230032","error":""},"_links":{"self":[{"href":"https:\/\/www.europesays.com\/fr\/wp-json\/wp\/v2\/posts\/303254","targetHints":{"allow":["GET"]}}],"collection":[{"href":"https:\/\/www.europesays.com\/fr\/wp-json\/wp\/v2\/posts"}],"about":[{"href":"https:\/\/www.europesays.com\/fr\/wp-json\/wp\/v2\/types\/post"}],"author":[{"embeddable":true,"href":"https:\/\/www.europesays.com\/fr\/wp-json\/wp\/v2\/users\/2"}],"replies":[{"embeddable":true,"href":"https:\/\/www.europesays.com\/fr\/wp-json\/wp\/v2\/comments?post=303254"}],"version-history":[{"count":0,"href":"https:\/\/www.europesays.com\/fr\/wp-json\/wp\/v2\/posts\/303254\/revisions"}],"wp:featuredmedia":[{"embeddable":true,"href":"https:\/\/www.europesays.com\/fr\/wp-json\/wp\/v2\/media\/303255"}],"wp:attachment":[{"href":"https:\/\/www.europesays.com\/fr\/wp-json\/wp\/v2\/media?parent=303254"}],"wp:term":[{"taxonomy":"category","embeddable":true,"href":"https:\/\/www.europesays.com\/fr\/wp-json\/wp\/v2\/categories?post=303254"},{"taxonomy":"post_tag","embeddable":true,"href":"https:\/\/www.europesays.com\/fr\/wp-json\/wp\/v2\/tags?post=303254"}],"curies":[{"name":"wp","href":"https:\/\/api.w.org\/{rel}","templated":true}]}}