{"id":303256,"date":"2025-08-07T17:32:27","date_gmt":"2025-08-07T17:32:27","guid":{"rendered":"https:\/\/www.europesays.com\/fr\/303256\/"},"modified":"2025-08-07T17:32:27","modified_gmt":"2025-08-07T17:32:27","slug":"a-quoi-ressembleraient-les-classements-sans-mclaren","status":"publish","type":"post","link":"https:\/\/www.europesays.com\/fr\/303256\/","title":{"rendered":"\u00c0 quoi ressembleraient les classements sans McLaren ?"},"content":{"rendered":"<p><strong>Alors que la Formule s\u2019appr\u00eate \u00e0 accueillir une onzi\u00e8me \u00e9curie en 2026, et si la cat\u00e9gorie reine du sport automobile n\u2019en contenait plut\u00f4t que neuf\u00a0\u00e9quipes\u00a0? Dans un univers o\u00f9 <a href=\"https:\/\/www.autohebdo.fr\/pilote\/f1\/lando-norris\" data-internallinksmanager029f6b8e52c=\"11\" title=\"Lando Norris\" rel=\"nofollow noopener\" target=\"_blank\">Lando Norris<\/a>, <a href=\"https:\/\/www.autohebdo.fr\/pilote\/f1\/oscar-piastri\" data-internallinksmanager029f6b8e52c=\"96\" title=\"Oscar Piastri\" rel=\"nofollow noopener\" target=\"_blank\">Oscar Piastri<\/a> et <a href=\"https:\/\/www.autohebdo.fr\/actualites\/ecurie\/mclaren\" data-internallinksmanager029f6b8e52c=\"76\" title=\"Ecurie F1 McLaren Racing\" rel=\"nofollow noopener\" target=\"_blank\">McLaren<\/a> sont ray\u00e9s de la carte, la saison 2025 aurait \u00e9t\u00e9 le th\u00e9\u00e2tre de\u00a0plusieurs \u00e9v\u00e8nements :<\/strong><\/p>\n<ul>\n<li>podium d\u2019<a href=\"https:\/\/www.autohebdo.fr\/pilote\/f1\/esteban-ocon-2\" data-internallinksmanager029f6b8e52c=\"37\" title=\"Esteban Ocon\" rel=\"nofollow noopener\" target=\"_blank\">Esteban Ocon<\/a> au Grand Prix de Chine, le premier pour <a href=\"https:\/\/www.autohebdo.fr\/actualites\/ecurie\/haas\" data-internallinksmanager029f6b8e52c=\"82\" title=\"Ecurie Haas F1 Team\" rel=\"nofollow noopener\" target=\"_blank\">Haas<\/a><\/li>\n<li>podium de <a href=\"https:\/\/www.autohebdo.fr\/pilote\/f1\/lance-stroll\" data-internallinksmanager029f6b8e52c=\"48\" title=\"Lance Stroll\" rel=\"nofollow noopener\" target=\"_blank\">Lance Stroll<\/a> lors de la course Sprint \u00e0 Miami<\/li>\n<li>deux podiums cons\u00e9cutifs d\u2019<a href=\"https:\/\/www.autohebdo.fr\/pilote\/f1\/alexander-albon\" data-internallinksmanager029f6b8e52c=\"47\" title=\"Alexander Albon\" rel=\"nofollow noopener\" target=\"_blank\">Alexander Albon<\/a>, aux Grand Prix de Miami et Imola<\/li>\n<li>deux victoires cons\u00e9cutives de <a href=\"https:\/\/www.autohebdo.fr\/pilote\/f1\/charles-leclerc\" data-internallinksmanager029f6b8e52c=\"5\" title=\"Charles Leclerc\" rel=\"nofollow noopener\" target=\"_blank\">Charles Leclerc<\/a>, \u00e0 Monaco et en Espagne<\/li>\n<li>premier podium en carri\u00e8re de <a href=\"https:\/\/www.autohebdo.fr\/pilote\/f1\/nico-hulkenberg\" data-internallinksmanager029f6b8e52c=\"105\" title=\"Nico H\u00fclkenberg\" rel=\"nofollow noopener\" target=\"_blank\">Nico H\u00fclkenberg<\/a> \u00e0 Barcelone, avant sa premi\u00e8re victoire \u00e0 Silverstone<\/li>\n<li>doubl\u00e9 <a href=\"https:\/\/www.autohebdo.fr\/actualites\/ecurie\/ferrari\" data-internallinksmanager029f6b8e52c=\"74\" title=\"Ferrari\" rel=\"nofollow noopener\" target=\"_blank\">Ferrari<\/a> en Autriche, le premier depuis Austin en 2024<\/li>\n<li>deuxi\u00e8me podium d\u2019Esteban Ocon, lors de la course Sprint en Belgique<\/li>\n<li>podium de <a href=\"https:\/\/www.autohebdo.fr\/pilote\/f1\/fernando-alonso\" data-internallinksmanager029f6b8e52c=\"27\" title=\"Fernando Alonso\" rel=\"nofollow noopener\" target=\"_blank\">Fernando Alonso<\/a>, le 107\u00e8me de sa carri\u00e8re, au Grand Prix de Hongrie<\/li>\n<\/ul>\n<p><strong>Classement F1 2025 \u2013 Pilotes<\/strong><\/p>\n<ol>\n<li>Oscar Piastri (McLaren) \u2013 284 points<\/li>\n<li>Lando Norris (McLaren) \u2013 275 points<\/li>\n<li><a href=\"https:\/\/www.autohebdo.fr\/pilote\/f1\/max-verstappen\" data-internallinksmanager029f6b8e52c=\"2\" title=\"Max Verstappen\" rel=\"nofollow noopener\" target=\"_blank\">Max Verstappen<\/a> (<a href=\"https:\/\/www.autohebdo.fr\/actualites\/ecurie\/red-bull-racing\" data-internallinksmanager029f6b8e52c=\"78\" title=\"Ecurie F1 Red Bull Racing\" rel=\"nofollow noopener\" target=\"_blank\">Red Bull<\/a>) \u2013 187 points<\/li>\n<li>George Russell (<a href=\"https:\/\/www.autohebdo.fr\/actualites\/ecurie\/mercedes\" data-internallinksmanager029f6b8e52c=\"80\" title=\"Ecurie Mercedes F1\" rel=\"nofollow noopener\" target=\"_blank\">Mercedes<\/a>) \u2013 172 points<\/li>\n<li>Charles Leclerc (Ferrari) \u2013 151 points<\/li>\n<li><a href=\"https:\/\/www.autohebdo.fr\/pilote\/f1\/lewis-hamilton-2\" data-internallinksmanager029f6b8e52c=\"41\" title=\"Lewis Hamilton\" rel=\"nofollow noopener\" target=\"_blank\">Lewis Hamilton<\/a> (Ferrari) \u2013 109 points<\/li>\n<li>Andrea Kimi Antonelli (Mercedes) \u2013 64 points<\/li>\n<li>Alexander Albon (<a href=\"https:\/\/www.autohebdo.fr\/actualites\/ecurie\/williams-f1\" data-internallinksmanager029f6b8e52c=\"83\" title=\"Ecurie Williams F1 Team\" rel=\"nofollow noopener\" target=\"_blank\">Williams<\/a>) \u2013 54 points<\/li>\n<li>Nico H\u00fclkenberg (Sauber) \u2013 37 points<\/li>\n<li>Esteban Ocon (Haas) \u2013 27 points<\/li>\n<li>Fernando Alonso (<a href=\"https:\/\/www.autohebdo.fr\/actualites\/ecurie\/aston-martin\" data-internallinksmanager029f6b8e52c=\"77\" title=\"Ecurie Aston Martin F1 Team\" rel=\"nofollow noopener\" target=\"_blank\">Aston Martin<\/a>) \u2013 26 points<\/li>\n<li>Lance Stroll (Aston Martin) \u2013 26 points<\/li>\n<li>Isack Hadjar (Racing Bulls) \u2013 22 points<\/li>\n<li><a href=\"https:\/\/www.autohebdo.fr\/pilote\/f1\/pierre-gasly\" data-internallinksmanager029f6b8e52c=\"8\" title=\"Pierre Gasly\" rel=\"nofollow noopener\" target=\"_blank\">Pierre Gasly<\/a> (<a href=\"https:\/\/www.autohebdo.fr\/actualites\/monoplace\/fr-alpine\" data-internallinksmanager029f6b8e52c=\"18\" title=\"Alpine\" rel=\"nofollow noopener\" target=\"_blank\">Alpine<\/a>) \u2013 20 points<\/li>\n<li>Liam Lawson (Racing Bulls) \u2013 20 points<\/li>\n<li><a href=\"https:\/\/www.autohebdo.fr\/pilote\/f1\/carlos-sainz\" data-internallinksmanager029f6b8e52c=\"43\" title=\"Carlos Sainz\" rel=\"nofollow noopener\" target=\"_blank\">Carlos Sainz<\/a> (Williams) \u2013 16 points<\/li>\n<li>Gabriel Bortoleto (Sauber) \u2013 14 points<\/li>\n<li><a href=\"https:\/\/www.autohebdo.fr\/pilote\/f1\/yuki-tsunoda\" data-internallinksmanager029f6b8e52c=\"26\" title=\"Yuki Tsunoda\" rel=\"nofollow noopener\" target=\"_blank\">Yuki Tsunoda<\/a> (Red Bull) \u2013 10 points<\/li>\n<li>Oliver Bearman (Haas) \u2013 8 points<\/li>\n<li>Franco Colapinto (Alpine) \u2013 0 point<\/li>\n<li>Jack Doohan (Alpine) \u2013 0 point<\/li>\n<\/ol>\n<p>\u00a0<\/p>\n<p>Classement F1 2025 sans McLaren\u2013 Pilotes<\/p>\n<ol>\n<li>George Russell (Mercedes) \u2013 252 points<\/li>\n<li>Max Verstappen (Red Bull) \u2013 242 points<\/li>\n<li>Charles Leclerc (Ferrari) \u2013 224 points<\/li>\n<li>Lewis Hamilton (Ferrari) \u2013 165 points<\/li>\n<li>Andrea Kimi Antonelli (Mercedes) \u2013 91 points<\/li>\n<li>Alexander Albon (Williams) \u2013 91 points<\/li>\n<li>Nico H\u00fclkenberg (Sauber) \u2013 64 points<\/li>\n<li>Isack Hadjar (Racing Bulls) \u2013 52 points<\/li>\n<li>Esteban Ocon (Haas) \u2013 48 points<\/li>\n<li>Fernando Alonso (Aston Martin) \u2013 45 points<\/li>\n<li>Lance Stroll (Aston Martin) \u2013 44 points<\/li>\n<li>Pierre Gasly (Alpine) \u2013 41 points<\/li>\n<li>Carlos Sainz (Williams) \u2013 39 points<\/li>\n<li>Liam Lawson (Racing Bulls) \u2013 33 points<\/li>\n<li>Oliver Bearman (Haas) \u2013 32 points<\/li>\n<li>Gabriel Bortoleto (Sauber) \u2013 31 points<\/li>\n<li>Yuki Tsunoda (Red Bull) \u2013 24 points<\/li>\n<li>Franco Colapinto (Alpine) \u2013 0 point<\/li>\n<li>Jack Doohan (Alpine) \u2013 0 point<\/li>\n<\/ol>\n<p>\u00a0<\/p>\n<p><img fetchpriority=\"high\" decoding=\"async\" class=\"size-full wp-image-626363 aligncenter\" style=\"--tw-scale-x: 1; --tw-scale-y: 1; --tw-scroll-snap-strictness: proximity; --tw-ring-offset-width: 0px; --tw-ring-offset-color: #fff; --tw-ring-color: #3b82f680; --tw-ring-offset-shadow: 0 0 #0000; --tw-ring-shadow: 0 0 #0000; --tw-shadow: 0 0 #0000; --tw-shadow-colored: 0 0 #0000;\" src=\"https:\/\/www.europesays.com\/fr\/wp-content\/uploads\/2025\/08\/pilotes.png\" alt=\"\" width=\"1550\" height=\"872\"  \/><\/p>\n<p>Classement F1 2025 \u2013 Constructeurs<\/p>\n<ol>\n<li>McLaren \u2013 559 points<\/li>\n<li>Ferrari \u2013 260 points<\/li>\n<li>Mercedes \u2013 236 points<\/li>\n<li>Red Bull \u2013 194 points<\/li>\n<li>Williams \u2013 70 points<\/li>\n<li>Aston Martin \u2013 52 points<\/li>\n<li>Sauber \u2013 51 points<\/li>\n<li>Racing Bulls \u2013 45 points<\/li>\n<li>Haas \u2013 35 points<\/li>\n<li>Alpine \u2013 20 points<\/li>\n<\/ol>\n<p>\u00a0<\/p>\n<p>Classement F1 2025 sans McLaren \u2013 Constructeurs<\/p>\n<ol>\n<li>Ferrari \u2013 389 points<\/li>\n<li>Mercedes \u2013 343 points<\/li>\n<li>Red Bull \u2013 266 points<\/li>\n<li>Williams \u2013 130 points<\/li>\n<li>Sauber \u2013 95 points<\/li>\n<li>Aston Martin \u2013 89 points<\/li>\n<li>Racing Bulls \u2013 85 points<\/li>\n<li>Haas \u2013 80 points<\/li>\n<li>Alpine \u2013 41 points<\/li>\n<\/ol>\n<p><img loading=\"lazy\" decoding=\"async\" class=\"aligncenter size-full wp-image-626371\" src=\"https:\/\/www.europesays.com\/fr\/wp-content\/uploads\/2025\/08\/ecuries-1.png\" alt=\"\" width=\"1620\" height=\"911\"  \/><\/p>\n<p><strong>\u00c0 LIRE AUSSI &gt;\u00a0<a href=\"https:\/\/www.autohebdo.fr\/actualites\/f1\/plus-grosse-deception-meilleur-grand-prix-faites-votre-bilan-de-la-premiere-partie-de-saison-2025-de-f1.html\" target=\"_blank\" rel=\"noopener nofollow\">Plus grosse d\u00e9ception, meilleur Grand Prix\u2026 Faites votre bilan de la premi\u00e8re partie de saison 2025 de F1 !<\/a><\/strong><\/p>\n<p>\u00a0<\/p>\n","protected":false},"excerpt":{"rendered":"Alors que la Formule s\u2019appr\u00eate \u00e0 accueillir une onzi\u00e8me \u00e9curie en 2026, et si la cat\u00e9gorie reine du&hellip;\n","protected":false},"author":2,"featured_media":303257,"comment_status":"","ping_status":"","sticky":false,"template":"","format":"standard","meta":{"footnotes":""},"categories":[1412],"tags":[1451,1452,1453,1454,1455,1011,27,60],"class_list":{"0":"post-303256","1":"post","2":"type-post","3":"status-publish","4":"format-standard","5":"has-post-thumbnail","7":"category-f1","8":"tag-f1","9":"tag-formula-1","10":"tag-formula1","11":"tag-formule-1","12":"tag-formule1","13":"tag-fr","14":"tag-france","15":"tag-sports"},"share_on_mastodon":{"url":"https:\/\/pubeurope.com\/@fr\/114988682110636679","error":""},"_links":{"self":[{"href":"https:\/\/www.europesays.com\/fr\/wp-json\/wp\/v2\/posts\/303256","targetHints":{"allow":["GET"]}}],"collection":[{"href":"https:\/\/www.europesays.com\/fr\/wp-json\/wp\/v2\/posts"}],"about":[{"href":"https:\/\/www.europesays.com\/fr\/wp-json\/wp\/v2\/types\/post"}],"author":[{"embeddable":true,"href":"https:\/\/www.europesays.com\/fr\/wp-json\/wp\/v2\/users\/2"}],"replies":[{"embeddable":true,"href":"https:\/\/www.europesays.com\/fr\/wp-json\/wp\/v2\/comments?post=303256"}],"version-history":[{"count":0,"href":"https:\/\/www.europesays.com\/fr\/wp-json\/wp\/v2\/posts\/303256\/revisions"}],"wp:featuredmedia":[{"embeddable":true,"href":"https:\/\/www.europesays.com\/fr\/wp-json\/wp\/v2\/media\/303257"}],"wp:attachment":[{"href":"https:\/\/www.europesays.com\/fr\/wp-json\/wp\/v2\/media?parent=303256"}],"wp:term":[{"taxonomy":"category","embeddable":true,"href":"https:\/\/www.europesays.com\/fr\/wp-json\/wp\/v2\/categories?post=303256"},{"taxonomy":"post_tag","embeddable":true,"href":"https:\/\/www.europesays.com\/fr\/wp-json\/wp\/v2\/tags?post=303256"}],"curies":[{"name":"wp","href":"https:\/\/api.w.org\/{rel}","templated":true}]}}