{"id":303258,"date":"2025-08-07T17:33:14","date_gmt":"2025-08-07T17:33:14","guid":{"rendered":"https:\/\/www.europesays.com\/fr\/303258\/"},"modified":"2025-08-07T17:33:14","modified_gmt":"2025-08-07T17:33:14","slug":"cyclisme-arctic-race-of-norway-2","status":"publish","type":"post","link":"https:\/\/www.europesays.com\/fr\/303258\/","title":{"rendered":"Cyclisme. Arctic Race Of Norway"},"content":{"rendered":"<p>Ce jeudi 7 ao\u00fbt a d\u00e9but\u00e9 la 12e \u00e9dition de l\u2019<strong><a href=\"https:\/\/www.cyclismactu.net\/..\/news-arctic-race-of-norway-route-diffusion-tv-quelle-heure-et-sur-quelle-chaine-89462.html\" target=\"_blank\" rel=\"nofollow noopener\">Arctic Race of Norway<\/a><\/strong>. L\u2019\u00e9preuve reprend son format traditionnel avec quatre \u00e9tapes : une destin\u00e9e aux sprinteurs, \u00e0 Harstad ; une pour les chasseurs de classiques, \u00e0 Sorreisa ; une pour les puncheurs, avec une arriv\u00e9e au sommet \u00e0 Malselv ; et un grand final \u00e0 Tromso, o\u00f9 les pr\u00e9tendants au maillot de leader seront attendus. Pour la quatri\u00e8me fois en douze \u00e9ditions, Harstad est ville d\u2019arriv\u00e9e d\u2019une \u00e9tape de la course norv\u00e9gienne. Apr\u00e8s les victoires de <strong>Thor Hushovd<\/strong> en 2013, d\u2019<strong>Alexander Kristoff<\/strong> en 2015 et de <strong>Philipp Walsleben<\/strong> en 2021, c\u2019est cette ann\u00e9e, sous une pluie battante, <strong>Corbin Strong<\/strong> (Israel-Premier Tech) s\u2019est impos\u00e9 devant son co\u00e9quipier <strong>Riley Sheehan<\/strong> (Israel-Premier Tech) et le Norv\u00e9gien <strong>Rasmus Tiller<\/strong> (Uno-X Mobility).<\/p>\n<p>Vid\u00e9o &#8211; Magnus Cort Nielsen, vainqueur de l&rsquo;Arctic Race 2024 Lire la suite de l&rsquo;article&#13;<\/p>\n<p>\u00a0<\/p>\n<p>&#13;<br \/>\nLe r\u00e9sum\u00e9 de cette premi\u00e8re \u00e9tape&#13;<\/p>\n<p>Une bonne \u00e9tape ne se fait pas sans une bonne \u00e9chapp\u00e9e : six coureurs d\u00e9cident de partir \u00e0 l&rsquo;avant. On retrouve le Fran\u00e7ais <strong>Romain Combaud<\/strong> (PicNic PostNL), <strong>Abram Stockman<\/strong> (TDT-Unibet Cycling Team), <strong>Storm Ingebrigtsen<\/strong> (Team Coop-Repsol), <strong>Vetle Torin Eskedal<\/strong> (\u00e9quipe nationale de Norv\u00e8ge), <strong>Fredrik Dversnes<\/strong> (Uno-X Mobility) et <strong>Toralf Rydningen Martinsen<\/strong> (Lillehammer CK Continental Team). Le sextet de t\u00eate compte jusqu\u2019\u00e0 un peu plus de deux minutes d\u2019avance. Lors du sprint interm\u00e9diaire situ\u00e9 sur la ligne d\u2019arriv\u00e9e, le Norv\u00e9gien <strong>Fredrik Dversnes<\/strong>, de la formation <strong>Uno-X Mobility<\/strong>, empoche trois pr\u00e9cieuses secondes de bonification. Dans l\u2019ascension de Storjorda (1,5 km \u00e0 6,9 %), l\u2019\u00e9chapp\u00e9e commence \u00e0 se disloquer, avec notamment <strong>Romain Combaud<\/strong> qui perd le contact.<\/p>\n<p>&#13;<\/p>\n<p><strong>Storm Ingebrigtsen<\/strong> passe en t\u00eate au sommet et devient ainsi le premier meilleur grimpeur de cette 12e \u00e9dition. Juste apr\u00e8s cette difficult\u00e9, l\u2019\u00e9chapp\u00e9e est reprise par le peloton, emmen\u00e9 par les co\u00e9quipiers de <strong>Pau Miquel<\/strong> (Equipo Kern Pharma). Dans un final tortueux, rendu glissant par la pluie, c\u2019est le N\u00e9o-Z\u00e9landais de la formation <strong>Israel-Premier Tech<\/strong>, <strong>Corbin Strong<\/strong>, qui s\u2019impose lors de cette premi\u00e8re \u00e9tape, quelques jours seulement apr\u00e8s son sacre sur le<strong> Tour de Wallonie<\/strong>. Il devance son co\u00e9quipier, le vainqueur de <strong>Paris-Tours<\/strong> 2023, <strong>Riley Sheehan<\/strong> (Israel-Premier Tech), et le Norv\u00e9gien <strong>Rasmus Tiller<\/strong> (Uno-X Mobility).<\/p>\n<p>Arctic Race of Norway  &#8211; Classement de la 1\u00e8 \u00e9tape Arctic Race of Norway  &#8211; Classement g\u00e9n\u00e9ral provisoire apr\u00e8s la 1\u00e8 \u00e9tape<\/p>\n","protected":false},"excerpt":{"rendered":"Ce jeudi 7 ao\u00fbt a d\u00e9but\u00e9 la 12e \u00e9dition de l\u2019Arctic Race of Norway. L\u2019\u00e9preuve reprend son format&hellip;\n","protected":false},"author":2,"featured_media":303259,"comment_status":"","ping_status":"","sticky":false,"template":"","format":"standard","meta":{"footnotes":""},"categories":[1411],"tags":[34084,1154,207,211,1011,27,209,60,210,212,208,213],"class_list":{"0":"post-303258","1":"post","2":"type-post","3":"status-publish","4":"format-standard","5":"has-post-thumbnail","7":"category-cyclisme","8":"tag-arctic-race-of-norway","9":"tag-cycling","10":"tag-cyclisme","11":"tag-ffc","12":"tag-fr","13":"tag-france","14":"tag-route","15":"tag-sports","16":"tag-tour-de-france","17":"tag-uci","18":"tag-velo","19":"tag-world-tour"},"share_on_mastodon":{"url":"https:\/\/pubeurope.com\/@fr\/114988685963130888","error":""},"_links":{"self":[{"href":"https:\/\/www.europesays.com\/fr\/wp-json\/wp\/v2\/posts\/303258","targetHints":{"allow":["GET"]}}],"collection":[{"href":"https:\/\/www.europesays.com\/fr\/wp-json\/wp\/v2\/posts"}],"about":[{"href":"https:\/\/www.europesays.com\/fr\/wp-json\/wp\/v2\/types\/post"}],"author":[{"embeddable":true,"href":"https:\/\/www.europesays.com\/fr\/wp-json\/wp\/v2\/users\/2"}],"replies":[{"embeddable":true,"href":"https:\/\/www.europesays.com\/fr\/wp-json\/wp\/v2\/comments?post=303258"}],"version-history":[{"count":0,"href":"https:\/\/www.europesays.com\/fr\/wp-json\/wp\/v2\/posts\/303258\/revisions"}],"wp:featuredmedia":[{"embeddable":true,"href":"https:\/\/www.europesays.com\/fr\/wp-json\/wp\/v2\/media\/303259"}],"wp:attachment":[{"href":"https:\/\/www.europesays.com\/fr\/wp-json\/wp\/v2\/media?parent=303258"}],"wp:term":[{"taxonomy":"category","embeddable":true,"href":"https:\/\/www.europesays.com\/fr\/wp-json\/wp\/v2\/categories?post=303258"},{"taxonomy":"post_tag","embeddable":true,"href":"https:\/\/www.europesays.com\/fr\/wp-json\/wp\/v2\/tags?post=303258"}],"curies":[{"name":"wp","href":"https:\/\/api.w.org\/{rel}","templated":true}]}}