{"id":303260,"date":"2025-08-07T17:34:11","date_gmt":"2025-08-07T17:34:11","guid":{"rendered":"https:\/\/www.europesays.com\/fr\/303260\/"},"modified":"2025-08-07T17:34:11","modified_gmt":"2025-08-07T17:34:11","slug":"plus-de-60me-le-psg-espere-boucler-ce-transfert-dans-les-prochaines-heures","status":"publish","type":"post","link":"https:\/\/www.europesays.com\/fr\/303260\/","title":{"rendered":"Plus de 60M\u20ac, le PSG esp\u00e8re boucler ce transfert \u00ab\u00a0dans les prochaines heures\u00a0\u00bb"},"content":{"rendered":"<p><strong>Ilya Zabarnyi, d\u00e9fenseur central de 22 ans de Bournemouth (contrat jusqu\u2019en 2028) et de l\u2019Ukraine, a \u00e9t\u00e9 annonc\u00e9 comme une priorit\u00e9 d\u00e9fensive du Paris Saint-Germain pour le mercato. Il est dor\u00e9navant question d\u2019un transfert imminent au PSG. Le Parisien annonce aujourd\u2019hui qu\u2019il y une base pour un accord \u00e0 60 millions d\u2019euros et des bonus, avec un tout qui pourrait \u00eatre boucl\u00e9 tr\u00e8s prochainement.<\/strong><\/p>\n<blockquote>\n<p>\u00ab\u00a0Les n\u00e9gociations ont pris du temps malgr\u00e9 des positions relativement proches entre Paris et Bournemouth sur la base d\u2019un transfert sup\u00e9rieur \u00e0 60 millions d\u2019euros.<\/p>\n<p>De source britannique, il n\u2019y avait toujours pas d\u2019accord ce jeudi en milieu d\u2019apr\u00e8s-midi en raison de certains bonus qu\u2019il reste \u00e0 discuter. Les positions pourraient toutefois se rapprocher dans les prochaines heures pour aboutir \u00e0 un accord total.\u00a0\u00bb<\/p>\n<\/blockquote>\n<p>60 et des bonus, 63 et des bonus, 65 et des bonus, un accord tr\u00e8s proche mais pas tout \u00e0 fait, mais quand m\u00eame le transfert est quasiment l\u00e0\u2026ces derni\u00e8res heures les m\u00e9dias sont d\u2019accord globalement sur une avanc\u00e9e et un montant environ. C\u2019est le plus important et on esp\u00e8re que Zabarnyi sera bient\u00f4t au PSG.<\/p>\n<p>Pour les d\u00e9tails, on reste prudent et on attend d\u2019abord un accord officiel. Quant au timing, \u00e0 force que ce soit bient\u00f4t un m\u00e9dia aura sans doute raison. Ce pourrait \u00eatre ce soir, demain\u2026comme un peu plus tard.<\/p>\n<p>\t\t\t\t\t\t\t\t\t\t\t\t\t\t\t\t\t\t\t\t\t\t\t<img loading=\"lazy\" src=\"https:\/\/www.europesays.com\/fr\/wp-content\/uploads\/2025\/04\/ParisFans_Logo.png\" decoding=\"async\" class=\"lazyload\" width=\"240\" height=\"54\" data-eio-rwidth=\"240\" data-eio-rheight=\"54\"\/><\/p>\n","protected":false},"excerpt":{"rendered":"Ilya Zabarnyi, d\u00e9fenseur central de 22 ans de Bournemouth (contrat jusqu\u2019en 2028) et de l\u2019Ukraine, a \u00e9t\u00e9 annonc\u00e9&hellip;\n","protected":false},"author":2,"featured_media":303261,"comment_status":"","ping_status":"","sticky":false,"template":"","format":"standard","meta":{"footnotes":""},"categories":[1410],"tags":[63,1011,27,30997,60,96],"class_list":{"0":"post-303260","1":"post","2":"type-post","3":"status-publish","4":"format-standard","5":"has-post-thumbnail","7":"category-football","8":"tag-football","9":"tag-fr","10":"tag-france","11":"tag-ilya-zabarnyi","12":"tag-sports","13":"tag-une"},"share_on_mastodon":{"url":"https:\/\/pubeurope.com\/@fr\/114988690177263238","error":""},"_links":{"self":[{"href":"https:\/\/www.europesays.com\/fr\/wp-json\/wp\/v2\/posts\/303260","targetHints":{"allow":["GET"]}}],"collection":[{"href":"https:\/\/www.europesays.com\/fr\/wp-json\/wp\/v2\/posts"}],"about":[{"href":"https:\/\/www.europesays.com\/fr\/wp-json\/wp\/v2\/types\/post"}],"author":[{"embeddable":true,"href":"https:\/\/www.europesays.com\/fr\/wp-json\/wp\/v2\/users\/2"}],"replies":[{"embeddable":true,"href":"https:\/\/www.europesays.com\/fr\/wp-json\/wp\/v2\/comments?post=303260"}],"version-history":[{"count":0,"href":"https:\/\/www.europesays.com\/fr\/wp-json\/wp\/v2\/posts\/303260\/revisions"}],"wp:featuredmedia":[{"embeddable":true,"href":"https:\/\/www.europesays.com\/fr\/wp-json\/wp\/v2\/media\/303261"}],"wp:attachment":[{"href":"https:\/\/www.europesays.com\/fr\/wp-json\/wp\/v2\/media?parent=303260"}],"wp:term":[{"taxonomy":"category","embeddable":true,"href":"https:\/\/www.europesays.com\/fr\/wp-json\/wp\/v2\/categories?post=303260"},{"taxonomy":"post_tag","embeddable":true,"href":"https:\/\/www.europesays.com\/fr\/wp-json\/wp\/v2\/tags?post=303260"}],"curies":[{"name":"wp","href":"https:\/\/api.w.org\/{rel}","templated":true}]}}