{"id":303264,"date":"2025-08-07T17:36:19","date_gmt":"2025-08-07T17:36:19","guid":{"rendered":"https:\/\/www.europesays.com\/fr\/303264\/"},"modified":"2025-08-07T17:36:19","modified_gmt":"2025-08-07T17:36:19","slug":"jaime-magnifier-ces-animaux-parce-que-jaime-emouvoir-par-le-beau","status":"publish","type":"post","link":"https:\/\/www.europesays.com\/fr\/303264\/","title":{"rendered":"\u00ab\u00a0J\u2019aime magnifier ces animaux parce que j\u2019aime \u00e9mouvoir par le beau\u00a0\u00bb"},"content":{"rendered":"<p>Mi-juin, l\u2019association Nouvel \u0152il, pr\u00e9sid\u00e9e par Philippe Stimaridis, lan\u00e7ait la premi\u00e8re \u00e9dition des Estivales Photo de Saintes avec plusieurs expositions diss\u00e9min\u00e9es dans la ville. Les images de l\u2019invit\u00e9 d\u2019honneur, Laurent Baheux, sont encore visibles jusqu\u2019au 13\u00a0septembre sur des b\u00e2ches suspendues rue Alsace-Lorraine et rue Victor-Hugo, et \u00e0 la galerie Imagin\u2019art, 25 rue Saint-Michel. Le Poitevin, \u00e2g\u00e9 de 55\u00a0ans, y anime une conf\u00e9rence samedi 9\u00a0ao\u00fbt \u00e0 16 heures (1). Entretien.<\/p>\n<p class=\"interview-question\">D\u2019o\u00f9 vient votre go\u00fbt pour la photo\u00a0?<\/p>\n<p class=\"interview-answer\">J\u2019ai commenc\u00e9 comme pigiste sportif \u00e0 \u00ab\u00a0Centre Presse\u00a0\u00bb, \u00e0 Poitiers. Tr\u00e8s vite, ils m\u2019ont demand\u00e9 de faire des photos. J\u2019y ai pris go\u00fbt sur le terrain, une bonne \u00e9cole, d\u2019abord par le sport puis sur l\u2019actualit\u00e9 locale. Comme le journal avait de gros besoins en images, j\u2019ai bascul\u00e9 sur la photo et j\u2019ai arr\u00eat\u00e9 d\u2019\u00e9crire. J\u2019ai fait quinze\u00a0ans de photos de sport en proposant mes services aux agences sportives. J\u2019ai couvert 15 Rolland-Garros, les JO, ce genre de gros \u00e9v\u00e9nements.<\/p>\n<p class=\"interview-question\">Comment en \u00eates-vous venu \u00e0 vous concentrer sur la photo animali\u00e8re\u00a0?<\/p>\n<p class=\"interview-answer\">J\u2019avais r\u00e9ussi \u00e0 me faire une place dans l\u2019univers du sport. Mais moi qui aie grandi dans la tranquillit\u00e9 de la campagne poitevine, j\u2019ai satur\u00e9 de la vie parisienne et la foule des grands stades. J\u2019ai ressenti le besoin de me recentrer sur des choses essentielles. Je suis parti en Afrique de l\u2019Est, pour m\u2019octroyer des respirations. Un ami qui organisait un \u00e9v\u00e9nement \u00e0 Collioure m\u2019a propos\u00e9 d\u2019exposer, ce que je n\u2019avais jamais fait. J\u2019ai vu le regard des gens sur mon travail, je n\u2019imaginais pas autant \u00e9mouvoir par procuration. C\u2019est l\u00e0 que l\u2019on mesure le pouvoir de l\u2019image. En cinq ans, j\u2019ai progressivement l\u00e2ch\u00e9 le sport pour me consacrer \u00e0 la photo animali\u00e8re, avec une diffusion en galerie et dans des ouvrages.<\/p>\n<p class=\"interview-question\">Votre griffe, c\u2019est un travail sur le noir et blanc. Pourquoi ce choix esth\u00e9tique\u00a0?<\/p>\n<p class=\"interview-answer\">Je suis assez vieux pour avoir connu l\u2019argentique, dans les ann\u00e9es 90. \u00c0 l\u2019\u00e9poque, toutes les pages \u00e9taient en noir et blanc. J\u2019ai tout appris de la photo dans le labo argentique. J\u2019ai gard\u00e9 ce go\u00fbt-l\u00e0. Les grands ma\u00eetres de la photo travaillaient en noir et blanc. Moi qui suis autodidacte, c\u2019est \u00e7a qui a nourri mon regard.<\/p>\n<p>        <img decoding=\"async\" id=\"25486946\" src=\"https:\/\/www.europesays.com\/fr\/wp-content\/uploads\/2025\/08\/3759-lion-in-the-grass-i-kenya-2013-laurent-baheux-hd.jpg\" alt=\"Un portrait de lion capt\u00e9 par Laurent Baheux au Kenya en 2013.\" itemprop=\"contentURL\"\/><\/p>\n<p>    Un portrait de lion capt\u00e9 par Laurent Baheux au Kenya en 2013.<\/p>\n<p>Laurent Baheux<\/p>\n<p class=\"interview-question\">Vous magnifiez la nature. Est-ce que ce n\u2019est pas trahir la r\u00e9alit\u00e9, la cruaut\u00e9, les difficult\u00e9s de la vie dans la savane\u00a0?<\/p>\n<p class=\"interview-answer\">J\u2019aime magnifier ces animaux parce que j\u2019aime \u00e9mouvoir par le beau. Apr\u00e8s avoir pass\u00e9 plus de vingt-trois ans \u00e0 les photographier, ce qui ressort principalement, c\u2019est que la vie est paisible dans la savane. Les instants de cruaut\u00e9 sont \u00e9ph\u00e9m\u00e8res. En dehors des moments de pr\u00e9dation, on a vraiment ce sentiment de s\u00e9r\u00e9nit\u00e9. Mon travail s\u2019est dirig\u00e9 vers \u00e7a, en mode contemplatif. Ce sont ces moments de gr\u00e2ce que je retiens.<\/p>\n<p class=\"interview-question\">En 23\u00a0ans, avez-vous vu la nature se d\u00e9grader\u00a0?<\/p>\n<p class=\"interview-answer\">C\u2019est un sujet sensible. Comme partout, l\u2019Afrique n\u2019y \u00e9chappe pas. Quand l\u2019homme blanc est arriv\u00e9, au XIXe\u00a0si\u00e8cle, on pensait que les ressources et les effectifs d\u2019animaux \u00e9taient illimit\u00e9s. Il y avait des tableaux de chasse ind\u00e9cents. Puis il y a eu la cr\u00e9ation des parcs nationaux. Aujourd\u2019hui, la population humaine grignote le territoire un peu partout. Heureusement qu\u2019il y a ces territoires prot\u00e9g\u00e9s, mais le repli s\u2019accentue.<\/p>\n<p class=\"interview-question\">Vos lions et vos gazelles tr\u00f4nent au-dessus des badauds depuis mi-juin dans les rues pi\u00e9tonnes de Saintes. Est-ce que cette fa\u00e7on d\u2019exposer vous pla\u00eet\u00a0?<\/p>\n<p class=\"interview-answer\">C\u2019est assez sympa, ces expos en ext\u00e9rieur, gratuites, ouvertes \u00e0 tous, pour toucher le public, le sensibiliser. Cette exposition est doubl\u00e9e d\u2019une autre, \u00e0 la galerie Imagin\u2019art, qui r\u00e9unit trois volets, l\u2019Afrique, l\u2019Arctique canadien et europ\u00e9en, et les chevaux en libert\u00e9.<\/p>\n<p>        <img decoding=\"async\" id=\"24822851\" src=\"https:\/\/www.europesays.com\/fr\/wp-content\/uploads\/2025\/08\/20250612153038-dsc841.jpg\" alt=\"Les images de Laurent Baheux surplombent la rue Victor-Hugo et la rue Alsace-Lorraine depuis mi-juin.\" itemprop=\"contentURL\"\/><\/p>\n<p>    Les images de Laurent Baheux surplombent la rue Victor-Hugo et la rue Alsace-Lorraine depuis mi-juin.<\/p>\n<p>Philippe M\u00e9nard\/SO<\/p>\n<p>        <img decoding=\"async\" id=\"24488964\" src=\"https:\/\/www.europesays.com\/fr\/wp-content\/uploads\/2025\/08\/20250518145545-dsc585.jpg\" alt=\"Philippe Stimaridis, pr\u00e9sident de Nouvel \u0152il, pr\u00e9sente une des images de Laurent Baheux d\u00e9clin\u00e9e sur une grande b\u00e2che.\" itemprop=\"contentURL\"\/><\/p>\n<p>    Philippe Stimaridis, pr\u00e9sident de Nouvel \u0152il, pr\u00e9sente une des images de Laurent Baheux d\u00e9clin\u00e9e sur une grande b\u00e2che.<\/p>\n<p>Philippe M\u00e9nard\/SO<\/p>\n<blockquote><p>\u00ab\u00a0Je ne sais pas si dans cinq ans ce sera encore mon m\u00e9tier. Il faut essayer de faire confiance \u00e0 la jeunesse pour inventer des outils qui permettront de faire des nouvelles choses\u00a0\u00bb<\/p><\/blockquote>\n<p class=\"interview-question\">Vous revenez samedi 9\u00a0ao\u00fbt animer une conf\u00e9rence. C\u2019est un exercice que vous appr\u00e9ciez\u00a0?<\/p>\n<p class=\"interview-answer\">Photographe est un m\u00e9tier de solitaire, surtout quand on photographie la nature. Pouvoir partager avec le public en direct, c\u2019est toujours sympa.<\/p>\n<p class=\"interview-question\">\u00c0 l\u2019heure o\u00f9 tout le monde prend tout et n\u2019importe quoi en photo, quel avenir voyez-vous \u00e0 cette discipline\u00a0?<\/p>\n<p class=\"interview-answer\">J\u2019\u00e9vite de me poser la question\u00a0! C\u2019est devenu tellement facile de prendre une photo. Les photographes d\u2019exp\u00e9rience ont tendance \u00e0 penser qu\u2019ils ont une valeur ajout\u00e9e, par la construction d\u2019un travail coh\u00e9rent. Mais c\u2019est de plus en plus compliqu\u00e9, effectivement. Je ne sais pas si dans cinq ans ce sera encore mon m\u00e9tier. Il faut essayer de faire confiance \u00e0 la jeunesse pour inventer des outils qui permettront de faire des nouvelles choses.<\/p>\n<p>(1) Gratuit sur r\u00e9servation avant le jeudi 7\u00a0ao\u00fbt au 06\u00a060\u00a042\u00a013\u00a018 ou nouvel.oeil.17@gmail.com. Site du photographe\u00a0: <a href=\"https:\/\/www.laurentbaheux.com\/\" target=\"_blank\" rel=\"nofollow noopener\">www.laurentbaheux.com.<\/a><\/p>\n","protected":false},"excerpt":{"rendered":"Mi-juin, l\u2019association Nouvel \u0152il, pr\u00e9sid\u00e9e par Philippe Stimaridis, lan\u00e7ait la premi\u00e8re \u00e9dition des Estivales Photo de Saintes avec&hellip;\n","protected":false},"author":2,"featured_media":303265,"comment_status":"","ping_status":"","sticky":false,"template":"","format":"standard","meta":{"footnotes":""},"categories":[1358],"tags":[1348,1384,1385,1386,58,59,1011,27],"class_list":{"0":"post-303264","1":"post","2":"type-post","3":"status-publish","4":"format-standard","5":"has-post-thumbnail","7":"category-arts-et-design","8":"tag-arts","9":"tag-arts-and-design","10":"tag-arts-et-design","11":"tag-design","12":"tag-divertissement","13":"tag-entertainment","14":"tag-fr","15":"tag-france"},"share_on_mastodon":{"url":"https:\/\/pubeurope.com\/@fr\/114988697824466308","error":""},"_links":{"self":[{"href":"https:\/\/www.europesays.com\/fr\/wp-json\/wp\/v2\/posts\/303264","targetHints":{"allow":["GET"]}}],"collection":[{"href":"https:\/\/www.europesays.com\/fr\/wp-json\/wp\/v2\/posts"}],"about":[{"href":"https:\/\/www.europesays.com\/fr\/wp-json\/wp\/v2\/types\/post"}],"author":[{"embeddable":true,"href":"https:\/\/www.europesays.com\/fr\/wp-json\/wp\/v2\/users\/2"}],"replies":[{"embeddable":true,"href":"https:\/\/www.europesays.com\/fr\/wp-json\/wp\/v2\/comments?post=303264"}],"version-history":[{"count":0,"href":"https:\/\/www.europesays.com\/fr\/wp-json\/wp\/v2\/posts\/303264\/revisions"}],"wp:featuredmedia":[{"embeddable":true,"href":"https:\/\/www.europesays.com\/fr\/wp-json\/wp\/v2\/media\/303265"}],"wp:attachment":[{"href":"https:\/\/www.europesays.com\/fr\/wp-json\/wp\/v2\/media?parent=303264"}],"wp:term":[{"taxonomy":"category","embeddable":true,"href":"https:\/\/www.europesays.com\/fr\/wp-json\/wp\/v2\/categories?post=303264"},{"taxonomy":"post_tag","embeddable":true,"href":"https:\/\/www.europesays.com\/fr\/wp-json\/wp\/v2\/tags?post=303264"}],"curies":[{"name":"wp","href":"https:\/\/api.w.org\/{rel}","templated":true}]}}