{"id":303266,"date":"2025-08-07T17:37:28","date_gmt":"2025-08-07T17:37:28","guid":{"rendered":"https:\/\/www.europesays.com\/fr\/303266\/"},"modified":"2025-08-07T17:37:28","modified_gmt":"2025-08-07T17:37:28","slug":"sermoyer-la-bibliotheque-municipale-reste-ouverte-chaque-samedi-matin-du-mois-daout","status":"publish","type":"post","link":"https:\/\/www.europesays.com\/fr\/303266\/","title":{"rendered":"Sermoyer. La biblioth\u00e8que municipale reste ouverte chaque samedi matin du mois d\u2019ao\u00fbt"},"content":{"rendered":"<p>Bonne nouvelle pour les lecteurs\u00a0: la biblioth\u00e8que municipale est ouverte tout le mois d\u2019ao\u00fbt. Pas de tr\u00eave estivale pour les b\u00e9n\u00e9voles qui sont pr\u00e9sentes chaque samedi, entre 10 et 12\u00a0heures, pour recevoir le public.<\/p>\n<p>Rappelons que ce service est gratuit et le choix de livres, pour enfants ou pour adultes, est important et vari\u00e9. Marie-France, Claude, Karine, Fran\u00e7oise, et Marie g\u00e8rent la biblioth\u00e8que, certaines depuis plusieurs ann\u00e9es\u00a0; elles sont donc l\u00e0 pour recevoir le public et apporter leur aide si besoin.<\/p>\n","protected":false},"excerpt":{"rendered":"Bonne nouvelle pour les lecteurs\u00a0: la biblioth\u00e8que municipale est ouverte tout le mois d\u2019ao\u00fbt. Pas de tr\u00eave estivale&hellip;\n","protected":false},"author":2,"featured_media":303267,"comment_status":"","ping_status":"","sticky":false,"template":"","format":"standard","meta":{"footnotes":""},"categories":[1357],"tags":[1379,1687,58,6751,59,1011,27,1380,2410,44332,44331],"class_list":{"0":"post-303266","1":"post","2":"type-post","3":"status-publish","4":"format-standard","5":"has-post-thumbnail","7":"category-livres","8":"tag-books","9":"tag-culture-loisirs","10":"tag-divertissement","11":"tag-edition-ain-ouest","12":"tag-entertainment","13":"tag-fr","14":"tag-france","15":"tag-livres","16":"tag-livres-bd","17":"tag-pont-de-vaux-bassin","18":"tag-sermoyer"},"share_on_mastodon":{"url":"https:\/\/pubeurope.com\/@fr\/114988701695400428","error":""},"_links":{"self":[{"href":"https:\/\/www.europesays.com\/fr\/wp-json\/wp\/v2\/posts\/303266","targetHints":{"allow":["GET"]}}],"collection":[{"href":"https:\/\/www.europesays.com\/fr\/wp-json\/wp\/v2\/posts"}],"about":[{"href":"https:\/\/www.europesays.com\/fr\/wp-json\/wp\/v2\/types\/post"}],"author":[{"embeddable":true,"href":"https:\/\/www.europesays.com\/fr\/wp-json\/wp\/v2\/users\/2"}],"replies":[{"embeddable":true,"href":"https:\/\/www.europesays.com\/fr\/wp-json\/wp\/v2\/comments?post=303266"}],"version-history":[{"count":0,"href":"https:\/\/www.europesays.com\/fr\/wp-json\/wp\/v2\/posts\/303266\/revisions"}],"wp:featuredmedia":[{"embeddable":true,"href":"https:\/\/www.europesays.com\/fr\/wp-json\/wp\/v2\/media\/303267"}],"wp:attachment":[{"href":"https:\/\/www.europesays.com\/fr\/wp-json\/wp\/v2\/media?parent=303266"}],"wp:term":[{"taxonomy":"category","embeddable":true,"href":"https:\/\/www.europesays.com\/fr\/wp-json\/wp\/v2\/categories?post=303266"},{"taxonomy":"post_tag","embeddable":true,"href":"https:\/\/www.europesays.com\/fr\/wp-json\/wp\/v2\/tags?post=303266"}],"curies":[{"name":"wp","href":"https:\/\/api.w.org\/{rel}","templated":true}]}}