{"id":303268,"date":"2025-08-07T17:38:15","date_gmt":"2025-08-07T17:38:15","guid":{"rendered":"https:\/\/www.europesays.com\/fr\/303268\/"},"modified":"2025-08-07T17:38:15","modified_gmt":"2025-08-07T17:38:15","slug":"des-milliers-dabonnes-et-des-gros-contrats-comment-les-stars-de-secret-story-preparent-leur-avenir-sur-les-reseaux-sociaux","status":"publish","type":"post","link":"https:\/\/www.europesays.com\/fr\/303268\/","title":{"rendered":"Des milliers d\u2019abonn\u00e9s et des gros contrats\u00a0: comment les stars de \u00ab\u00a0Secret Story\u00a0\u00bb pr\u00e9parent leur avenir sur les r\u00e9seaux sociaux"},"content":{"rendered":"<p class=\"paragraph text_align_left lp-f-body-02\">C\u2019est un fait bien connu : passer dans une \u00e9mission de t\u00e9l\u00e9vision sert pour beaucoup de tremplin sur les r\u00e9seaux. La recette est simple et presque universelle : \u00ab Tu fais un casting, tu te fais rep\u00e9rer, tu passes dans une \u00e9mission de t\u00e9l\u00e9r\u00e9alit\u00e9. Puis, quand tu as une communaut\u00e9, tu fais du business \u00bb, r\u00e9sume C\u00e9dric, agent de plusieurs ex-stars de Koh-Lanta, autre \u00e9mission phare de TF1. Il cite en exemple la plus incontournable des influenceuses venues de la t\u00e9l\u00e9 : l\u2019ex-candidate des \u00ab Anges de la t\u00e9l\u00e9r\u00e9alit\u00e9 \u00bb <a href=\"https:\/\/www.leparisien.fr\/nabilla-benattia\/\" target=\"_blank\" rel=\"noreferrer nofollow noopener\">Nabilla<\/a>, aujourd\u2019hui influenceuse \u00e0 9,5 millions d\u2019abonn\u00e9s.<\/p>\n","protected":false},"excerpt":{"rendered":"C\u2019est un fait bien connu : passer dans une \u00e9mission de t\u00e9l\u00e9vision sert pour beaucoup de tremplin sur&hellip;\n","protected":false},"author":2,"featured_media":303269,"comment_status":"","ping_status":"","sticky":false,"template":"","format":"standard","meta":{"footnotes":""},"categories":[1356],"tags":[872,58,59,1011,27,252,1364],"class_list":{"0":"post-303268","1":"post","2":"type-post","3":"status-publish","4":"format-standard","5":"has-post-thumbnail","7":"category-television","8":"tag-culture-et-loisirs","9":"tag-divertissement","10":"tag-entertainment","11":"tag-fr","12":"tag-france","13":"tag-television","14":"tag-tv"},"share_on_mastodon":{"url":"https:\/\/pubeurope.com\/@fr\/114988705621114815","error":""},"_links":{"self":[{"href":"https:\/\/www.europesays.com\/fr\/wp-json\/wp\/v2\/posts\/303268","targetHints":{"allow":["GET"]}}],"collection":[{"href":"https:\/\/www.europesays.com\/fr\/wp-json\/wp\/v2\/posts"}],"about":[{"href":"https:\/\/www.europesays.com\/fr\/wp-json\/wp\/v2\/types\/post"}],"author":[{"embeddable":true,"href":"https:\/\/www.europesays.com\/fr\/wp-json\/wp\/v2\/users\/2"}],"replies":[{"embeddable":true,"href":"https:\/\/www.europesays.com\/fr\/wp-json\/wp\/v2\/comments?post=303268"}],"version-history":[{"count":0,"href":"https:\/\/www.europesays.com\/fr\/wp-json\/wp\/v2\/posts\/303268\/revisions"}],"wp:featuredmedia":[{"embeddable":true,"href":"https:\/\/www.europesays.com\/fr\/wp-json\/wp\/v2\/media\/303269"}],"wp:attachment":[{"href":"https:\/\/www.europesays.com\/fr\/wp-json\/wp\/v2\/media?parent=303268"}],"wp:term":[{"taxonomy":"category","embeddable":true,"href":"https:\/\/www.europesays.com\/fr\/wp-json\/wp\/v2\/categories?post=303268"},{"taxonomy":"post_tag","embeddable":true,"href":"https:\/\/www.europesays.com\/fr\/wp-json\/wp\/v2\/tags?post=303268"}],"curies":[{"name":"wp","href":"https:\/\/api.w.org\/{rel}","templated":true}]}}