{"id":303270,"date":"2025-08-07T17:39:14","date_gmt":"2025-08-07T17:39:14","guid":{"rendered":"https:\/\/www.europesays.com\/fr\/303270\/"},"modified":"2025-08-07T17:39:14","modified_gmt":"2025-08-07T17:39:14","slug":"ce-chanteur-qui-a-ete-au-sommet-des-charts-dans-les-annees-80-range-son-micro","status":"publish","type":"post","link":"https:\/\/www.europesays.com\/fr\/303270\/","title":{"rendered":"Ce chanteur qui a \u00e9t\u00e9 au sommet des charts dans les ann\u00e9es 80 range son micro"},"content":{"rendered":"<p class=\"ap-StoryElement ap-StoryElement--mb ap-StoryText\">Depuis, il a \u00e9t\u00e9 repris plusieurs fois. Il a m\u00eame eu droit \u00e0 des versions en anglais \u2013 \u00ab\u00a0Liberated Lady\u00a0\u00bb \u2013 et en allemand \u2013 \u00ab\u00a0Unheimlich stark die Frau\u00a0\u00bb. Des indices qui devraient vous mettre sur la voie.<\/p>\n<p class=\"ap-StoryElement ap-StoryElement--mb ap-StoryText\">Oui, vous avez bien devin\u00e9, il s&rsquo;agit de \u00ab\u00a0Femme lib\u00e9r\u00e9e\u00a0\u00bb du groupe strasbourgeois Cookie Dingle. Chanson commercialis\u00e9e en juillet 1984, \u00e9crite par Jo\u00eblle Kopf \u2013 qui a aussi collabor\u00e9 avec Zazie, Patricia Kaas, Calogero, Maxime Le Forestier, Mireille Mathieu, Phil Barney ou Boris Bergman \u2013 et compos\u00e9e par Christian Dingler, le chanteur de la formation. \u00ab\u00a0Il est inscrit au patrimoine de la chanson fran\u00e7aise\u00a0\u00bb, dit ce dernier \u00e0 propos de son hit.<\/p>\n<p class=\"ap-StoryElement ap-StoryElement--mb ap-StoryText\">Aujourd&rsquo;hui \u00e2g\u00e9 de 77 ans, Christian Dingler a annonc\u00e9 prendre sa retraite. Il l&rsquo;a confi\u00e9 dans le num\u00e9ro d&rsquo;Ici Paris paru cette semaine. Il ne participera donc pas \u00e0 la tourn\u00e9e des 20 ans de Star 80 pr\u00e9vue l&rsquo;an prochain, peut-on lire sur le site Chartsinfrance.net. Les concerts qu&rsquo;il donne cet \u00e9t\u00e9 sont donc les derniers. Il sera notamment sur sc\u00e8ne le 13 ao\u00fbt \u00e0 Belle-\u00cele-en-Mer.<\/p>\n<p><a href=\"https:\/\/www.dhnet.be\/lifestyle\/people\/2025\/06\/06\/lultime-rendez-vous-des-legendes-star-80-cest-fini-TC7UL4CKTVBG3A4PVNGKSECZQY\/\" target=\"_blank\" rel=\"noopener noreferrer nofollow\" class=\"ap-StoryInterstitialLink ap-StoryElement ap-StoryElement--mb\">\u00ab\u00a0L&rsquo;ultime rendez-vous des l\u00e9gendes\u00a0\u00bb: Star 80, c&rsquo;est fini\u2026<\/a><\/p>\n<p class=\"ap-StoryElement ap-StoryElement--mb ap-StoryText\">Il n&rsquo;y a pas que l&rsquo;\u00e2ge qui pousse le chanteur \u00e0 ranger son micro. Christian Dingler a connu de graves probl\u00e8mes de sant\u00e9. Il a \u00e9t\u00e9 victime de deux AVC, dont le premier s&rsquo;est produit en pleine journ\u00e9e de promotion \u00e0 Lyon. \u00ab\u00a0Il m&rsquo;en reste quelques s\u00e9quelles dont une neuropathie. J&rsquo;ai donc un peu de mal \u00e0 marcher et je suis parfois confus\u00a0\u00bb, reconna\u00eet-il.<\/p>\n<p><a href=\"https:\/\/www.dhnet.be\/medias\/musique\/2020\/07\/15\/patrick-hernandez-caroline-loeb-soeur-sourire-comme-jj-lionel-la-danse-des-canards-ils-nont-fait-quun-tube-DCBKOD425ZF4NJ3QYQLO37FEUM\/\" target=\"_blank\" rel=\"noopener noreferrer nofollow\" class=\"ap-StoryInterstitialLink ap-StoryElement ap-StoryElement--mb\"> Medias Musique Patrick Hernandez, Caroline Loeb, Soeur Sourire : comme J.J. Lionel (La danse des canards), ils n&rsquo;ont fait qu&rsquo;un tube<\/a><\/p>\n","protected":false},"excerpt":{"rendered":"Depuis, il a \u00e9t\u00e9 repris plusieurs fois. Il a m\u00eame eu droit \u00e0 des versions en anglais \u2013&hellip;\n","protected":false},"author":2,"featured_media":303271,"comment_status":"","ping_status":"","sticky":false,"template":"","format":"standard","meta":{"footnotes":""},"categories":[1355],"tags":[58,59,1011,27,1361,873],"class_list":{"0":"post-303270","1":"post","2":"type-post","3":"status-publish","4":"format-standard","5":"has-post-thumbnail","7":"category-musique","8":"tag-divertissement","9":"tag-entertainment","10":"tag-fr","11":"tag-france","12":"tag-music","13":"tag-musique"},"share_on_mastodon":{"url":"https:\/\/pubeurope.com\/@fr\/114988709544889582","error":""},"_links":{"self":[{"href":"https:\/\/www.europesays.com\/fr\/wp-json\/wp\/v2\/posts\/303270","targetHints":{"allow":["GET"]}}],"collection":[{"href":"https:\/\/www.europesays.com\/fr\/wp-json\/wp\/v2\/posts"}],"about":[{"href":"https:\/\/www.europesays.com\/fr\/wp-json\/wp\/v2\/types\/post"}],"author":[{"embeddable":true,"href":"https:\/\/www.europesays.com\/fr\/wp-json\/wp\/v2\/users\/2"}],"replies":[{"embeddable":true,"href":"https:\/\/www.europesays.com\/fr\/wp-json\/wp\/v2\/comments?post=303270"}],"version-history":[{"count":0,"href":"https:\/\/www.europesays.com\/fr\/wp-json\/wp\/v2\/posts\/303270\/revisions"}],"wp:featuredmedia":[{"embeddable":true,"href":"https:\/\/www.europesays.com\/fr\/wp-json\/wp\/v2\/media\/303271"}],"wp:attachment":[{"href":"https:\/\/www.europesays.com\/fr\/wp-json\/wp\/v2\/media?parent=303270"}],"wp:term":[{"taxonomy":"category","embeddable":true,"href":"https:\/\/www.europesays.com\/fr\/wp-json\/wp\/v2\/categories?post=303270"},{"taxonomy":"post_tag","embeddable":true,"href":"https:\/\/www.europesays.com\/fr\/wp-json\/wp\/v2\/tags?post=303270"}],"curies":[{"name":"wp","href":"https:\/\/api.w.org\/{rel}","templated":true}]}}