{"id":303274,"date":"2025-08-07T17:41:08","date_gmt":"2025-08-07T17:41:08","guid":{"rendered":"https:\/\/www.europesays.com\/fr\/303274\/"},"modified":"2025-08-07T17:41:08","modified_gmt":"2025-08-07T17:41:08","slug":"une-chauve-souris-se-coince-dans-la-bouche-dune-touriste-et-lui-coute-21-000-dollars-de-frais-medicaux","status":"publish","type":"post","link":"https:\/\/www.europesays.com\/fr\/303274\/","title":{"rendered":"Une chauve-souris se coince dans la bouche d\u2019une touriste et lui co\u00fbte 21\u00a0000\u00a0dollars de frais m\u00e9dicaux"},"content":{"rendered":"<p class=\"paragraph text_align_left lp-f-body-02\">Une frayeur aux lourdes cons\u00e9quences financi\u00e8res. Alors qu\u2019elle se trouvait en vacances en Arizona (\u00c9tats-Unis) avec son p\u00e8re, \u00c9rica Kahn a v\u00e9cu la tr\u00e8s mauvaise exp\u00e9rience de se retrouver\u2026 avec une chauve-souris dans la bouche, rapporte <a href=\"https:\/\/kffhealthnews.org\/news\/article\/tourist-rabies-treatment-wild-bat-in-mouth-surprise-bill-of-the-month\/\" target=\"_blank\" rel=\"noreferrer nofollow noopener\">KFF Health News<\/a>.<\/p>\n<p class=\"paragraph text_align_left lp-f-body-02\">La jeune femme de 33 ans \u00e9tait en train de photographier le ciel nocturne dans le Glen Canyon au mois d\u2019ao\u00fbt dernier, lorsqu\u2019une <a href=\"https:\/\/www.leparisien.fr\/jardin\/actu\/attirer-cet-animal-dans-votre-jardin-peut-vous-aider-a-dire-enfin-adieu-aux-moustiques-67HNR7MJYND3FECBVREZNAU5DI.php\" target=\"_blank\" rel=\"noreferrer nofollow noopener\">chauve-souris<\/a> s\u2019est malencontreusement gliss\u00e9e entre son appareil photo et son visage. Prise de panique, \u00c9rica s\u2019est mise \u00e0 crier, ce qui a permis au chiropt\u00e8re de se glisser dans sa bouche l\u2019espace de quelques secondes.<\/p>\n<p class=\"paragraph text_align_left lp-f-body-02\">Si elle ne s\u2019est pas rendu compte que la petite b\u00eate l\u2019avait mordue, son p\u00e8re qui est m\u00e9decin lui conseille de se rendre \u00e0 l\u2019h\u00f4pital pour se faire vacciner <a href=\"https:\/\/www.leparisien.fr\/faits-divers\/une-touriste-britannique-meurt-de-la-rage-apres-avoir-ete-griffee-tres-legerement-par-un-chien-errant-au-maroc-19-06-2025-KPB4ED2TUNHBZAS3E6FZSLCXDY.php\" target=\"_blank\" rel=\"noreferrer nofollow noopener\">contre la rage<\/a>. Malheureusement la jeune femme avait perdu son emploi quelques semaines avant l\u2019incident. Elle avait la possibilit\u00e9 de continuer \u00e0 percevoir son assurance sant\u00e9, pour 650 dollars par mois, via un syst\u00e8me appel\u00e9 \u00e0 Cobra, permettant aux personnes venant de quitter un emploi de continuer \u00e0 toucher une assurance. Mais elle avait refus\u00e9 et se retrouvait donc sans protection.<\/p>\n<p>Quatre doses du vaccin contre la rage<\/p>\n<p class=\"paragraph text_align_left lp-f-body-02\">Mais pensant \u00eatre couverte \u00e0 condition de souscrire \u00e0 une assurance avant de se rendre \u00e0 l\u2019h\u00f4pital, \u00c9rica Kahn en trouve une en ligne d\u00e8s le lendemain de l\u2019incident et apprend que les services li\u00e9s \u00e0 un accident ou \u00e0 une urgence vitale sont couverts.<\/p>\n<p class=\"paragraph text_align_left lp-f-body-02\">Elle se rend donc \u00e0 <a href=\"https:\/\/www.leparisien.fr\/paris-75\/paris-lhopital-du-val-de-grace-transforme-en-centre-dhebergement-durgence-perenne-10-10-2024-XEVDQLAVPREAFC7CL4HR5GFX74.php\" target=\"_blank\" rel=\"noreferrer nofollow noopener\">l\u2019h\u00f4pital<\/a> et commence un traitement pr\u00e9ventif contre la rage. Elle re\u00e7oit au cours des deux semaines suivantes d\u2019autres vaccins antirabiques dans des cliniques d\u2019Arizona et du Massachusetts, d\u2019o\u00f9 elle est originaire. Au total, elle re\u00e7oit quatre doses du vaccin contre la rage, et quatre injections d\u2019immunoglobuline, qui renforcent les anticorps contre le virus.<\/p>\n<p class=\"paragraph text_align_left lp-f-body-02\">Apr\u00e8s tous ces traitements, \u00c9rica Kahn re\u00e7oit au mois de d\u00e9cembre une facture de 20 749 dollars (17 800 euros). Si elle pensait \u00eatre couverte, l\u2019assurance de la trentenaire ne prenait en r\u00e9alit\u00e9 en charge aucun de ces soins. \u00ab Le d\u00e9lai de carence requis pour ce service n\u2019a pas \u00e9t\u00e9 respect\u00e9 \u00bb, indique une lettre d\u2019explication.<\/p>\n<p>\u00ab La prise en charge des soins vitaux devrait \u00eatre un droit humain \u00bb<\/p>\n<p class=\"paragraph text_align_left lp-f-body-02\">En effet, sa police d\u2019assurance pr\u00e9voyait une <a href=\"https:\/\/www.leparisien.fr\/economie\/arrets-maladie-on-charge-la-barque-des-entreprises-pourquoi-le-passage-a-7-jours-de-carence-irrite-les-patrons-27-07-2025-VJ5WEQZ6AFAF5MLBJDFI7DHMDU.php\" target=\"_blank\" rel=\"noreferrer nofollow noopener\">p\u00e9riode de carence<\/a> de 30 jours avant qu\u2019elle puisse recevoir les traitements couverts par le r\u00e9gime. \u00ab Les compagnies d\u2019assurances, pour une bonne raison, ne veulent pas que les gens attendent d\u2019\u00eatres malades pour souscrire \u00bb, explique \u00e0 KFF Sabrina Corlette, codirectrice du Centre sur les r\u00e9formes de l\u2019assurance maladie de l\u2019Universit\u00e9 de Georgetown.<\/p>\n<p class=\"paragraph text_align_left lp-f-body-02\">\u00ab La prise en charge des soins vitaux devrait \u00eatre un droit humain. Dans la plupart des autres pays, comme en Europe, il suffit d\u2019aller \u00e0 l\u2019h\u00f4pital, de se faire vacciner contre la rage et de ne rien payer \u00bb, d\u00e9plore la jeune femme.<\/p>\n<p class=\"paragraph text_align_left lp-f-body-02\">Si elle a aujourd\u2019hui retrouv\u00e9 un emploi et dispose d\u2019une <a href=\"https:\/\/www.leparisien.fr\/seine-saint-denis-93\/grace-a-une-equipe-du-93-lassurance-maladie-accompagne-les-personnes-transgenres-dans-toute-la-france-13-06-2024-67J2M3CER5HQHIEPCOXIJKFO54.php\" target=\"_blank\" rel=\"noreferrer nofollow noopener\">assurance maladie<\/a>, \u00c9rica doit encore beaucoup d\u2019argent. \u00ab C\u2019est ma faute. J\u2019ai pris le risque de ne pas prendre Cobra et j\u2019en assume la responsabilit\u00e9 \u00e0 jamais \u00bb, a-t-elle d\u00e9clar\u00e9, non sans fatalisme.<\/p>\n","protected":false},"excerpt":{"rendered":"Une frayeur aux lourdes cons\u00e9quences financi\u00e8res. Alors qu\u2019elle se trouvait en vacances en Arizona (\u00c9tats-Unis) avec son p\u00e8re,&hellip;\n","protected":false},"author":2,"featured_media":303275,"comment_status":"","ping_status":"","sticky":false,"template":"","format":"standard","meta":{"footnotes":""},"categories":[10],"tags":[1011,27,72,71,104],"class_list":{"0":"post-303274","1":"post","2":"type-post","3":"status-publish","4":"format-standard","5":"has-post-thumbnail","7":"category-sante","8":"tag-fr","9":"tag-france","10":"tag-health","11":"tag-sante","12":"tag-societe"},"share_on_mastodon":{"url":"https:\/\/pubeurope.com\/@fr\/114988717418463944","error":""},"_links":{"self":[{"href":"https:\/\/www.europesays.com\/fr\/wp-json\/wp\/v2\/posts\/303274","targetHints":{"allow":["GET"]}}],"collection":[{"href":"https:\/\/www.europesays.com\/fr\/wp-json\/wp\/v2\/posts"}],"about":[{"href":"https:\/\/www.europesays.com\/fr\/wp-json\/wp\/v2\/types\/post"}],"author":[{"embeddable":true,"href":"https:\/\/www.europesays.com\/fr\/wp-json\/wp\/v2\/users\/2"}],"replies":[{"embeddable":true,"href":"https:\/\/www.europesays.com\/fr\/wp-json\/wp\/v2\/comments?post=303274"}],"version-history":[{"count":0,"href":"https:\/\/www.europesays.com\/fr\/wp-json\/wp\/v2\/posts\/303274\/revisions"}],"wp:featuredmedia":[{"embeddable":true,"href":"https:\/\/www.europesays.com\/fr\/wp-json\/wp\/v2\/media\/303275"}],"wp:attachment":[{"href":"https:\/\/www.europesays.com\/fr\/wp-json\/wp\/v2\/media?parent=303274"}],"wp:term":[{"taxonomy":"category","embeddable":true,"href":"https:\/\/www.europesays.com\/fr\/wp-json\/wp\/v2\/categories?post=303274"},{"taxonomy":"post_tag","embeddable":true,"href":"https:\/\/www.europesays.com\/fr\/wp-json\/wp\/v2\/tags?post=303274"}],"curies":[{"name":"wp","href":"https:\/\/api.w.org\/{rel}","templated":true}]}}