{"id":303278,"date":"2025-08-07T17:43:11","date_gmt":"2025-08-07T17:43:11","guid":{"rendered":"https:\/\/www.europesays.com\/fr\/303278\/"},"modified":"2025-08-07T17:43:11","modified_gmt":"2025-08-07T17:43:11","slug":"dans-le-nouvel-episode-de-south-park-trump-nest-pas-le-seul-a-en-prendre-pour-son-grade","status":"publish","type":"post","link":"https:\/\/www.europesays.com\/fr\/303278\/","title":{"rendered":"Dans le nouvel \u00e9pisode de \u00ab\u00a0South Park\u00a0\u00bb, Trump n\u2019est pas le seul \u00e0 en prendre pour son grade"},"content":{"rendered":"<p>        <img decoding=\"async\" loading=\"lazy\" src=\"https:\/\/www.europesays.com\/fr\/wp-content\/uploads\/2025\/08\/9f91e6a_upload-1-5t90i2ro44im-capture-d-a-cran-2025-08-07-175357.png\"  width=\"728\" height=\"409\" alt=\"Dans le nouvel \u00e9pisode de \u00ab\u00a0South Park\u00a0\u00bb, il n\u2019y a pas que Trump qui en a pris pour son grade \"\/>  <\/p>\n<p>South Park<\/p>\n<p>Dans le nouvel \u00e9pisode de \u00ab\u00a0South Park\u00a0\u00bb, il n\u2019y a pas que Trump qui en a pris pour son grade <\/p>\n<p class=\"asset asset-text\">T\u00c9L\u00c9VISION &#8211; Ils n\u2019y vont pas de main morte et c\u2019est pour cela qu\u2019on aime <a href=\"https:\/\/www.huffingtonpost.fr\/culture\/article\/les-tensions-entre-south-park-et-le-gouvernement-americain-montent-encore-d-un-cran_253311.html\" target=\"_blank\" rel=\"noopener\">South Park<\/a>. Mais les r\u00e9publicains ne pourront pas en dire autant. La <a href=\"https:\/\/www.huffingtonpost.fr\/people\/video\/pour-halloween-lizzo-repond-a-south-park-et-se-deguise-en-boite-d-ozempic_241473.html\" target=\"_blank\" rel=\"noopener\">s\u00e9rie d\u2019animation satirique<\/a> de Matt Stone et Trey Parker continue dans sa nouvelle saison de tirer \u00e0 boulets rouges sur Donald Trump&#8230; et pas que.<\/p>\n<p class=\"asset asset-text\">Dans le premier \u00e9pisode, ils avaient d\u00e9peint une version du pr\u00e9sident qui suppliait notamment Satan de coucher avec lui. Le diable repoussait toutefois ses avances, notamment car son p\u00e9nis \u00e9tait trop petit. Cette fois-ci, dans un deuxi\u00e8me \u00e9pisode tr\u00e8s attendu, le milliardaire n\u2019est pas le seul \u00e0 en avoir pris pour son grade.<\/p>\n<p class=\"asset asset-text\">Le vice-pr\u00e9sident JD Vance et la secr\u00e9taire \u00e0 la S\u00e9curit\u00e9 int\u00e9rieure Kristi Noem ont eu droit \u00e0 leur personnage.<\/p>\n<p>    Vance, Noem, Satan, des chiots et de l\u2019huile pour b\u00e9b\u00e9    <\/p>\n<p class=\"asset asset-text\">Le premier est pr\u00e9sent\u00e9 avec la taille d\u2019un enfant en bas \u00e2ge et un visage poupon. Une r\u00e9f\u00e9rence aux moqueries sur les r\u00e9seaux sociaux sur son visage joufflu. Serviteur de Trump, il le suit partout et s\u2019exprime\u00a0comme le personnage de Tattoo, jou\u00e9 par Herv\u00e9 Villechaize, de la s\u00e9rie t\u00e9l\u00e9vis\u00e9e des ann\u00e9es 1970\u00a0L\u2019\u00cele Fantastique.<\/p>\n<p class=\"asset asset-text\">Agac\u00e9, le personnage de Trump lui donne un coup de pied qui l\u2019envoie valser hors-champ comme un ballon. Il revient plus tard dans la chambre pr\u00e9sidentielle o\u00f9 se repose Satan en proposant au pr\u00e9sident\u00a0: \u00ab\u00a0Voulez-vous que j\u2019applique l\u2019huile pour b\u00e9b\u00e9 sur l\u2019anus de Satan, patron\u00a0?\u00a0\u00bb, <strong>comme vous pouvez le voir dans la vid\u00e9o Instagram du compte de South Park.<\/strong><\/p>\n<p> La lecture de ce contenu est susceptible d\u2019entra\u00eener un d\u00e9p\u00f4t de cookies de la part de l\u2019op\u00e9rateur tiers qui l\u2019h\u00e9berge. Compte-tenu des choix que vous avez exprim\u00e9s en mati\u00e8re de d\u00e9p\u00f4t de cookies, nous avons bloqu\u00e9 l\u2019affichage de ce contenu. Si vous souhaitez y acc\u00e9der, vous devez accepter la cat\u00e9gorie de cookies \u201cContenus tiers\u201d en cliquant sur le bouton ci-dessous. <\/p>\n<p> Lire la Vid\u00e9o        <\/p>\n<p class=\"asset asset-text\">Quant \u00e0 Kristi Noem, elle avait scandalis\u00e9 pendant la campagne en d\u00e9clarant avoir <a href=\"https:\/\/www.huffingtonpost.fr\/international\/video\/etats-unis-kristi-noem-possible-vice-presidente-de-donald-trump-suggere-de-tuer-le-chien-de-biden_233588.html\" target=\"_blank\" rel=\"noopener\">abattu sa chienne de 14\u00a0mois<\/a> avec son arme car elle la jugeait trop agressive. South Park ne l\u2019a pas manqu\u00e9e sur ce sujet. Son personnage, forc\u00e9 de r\u00e9guli\u00e8rement \u00eatre botox\u00e9 et maquill\u00e9 sous peine de litt\u00e9ralement couler, est mis en sc\u00e8ne dans un film de formation de la police anti-immigration charg\u00e9e d\u2019arr\u00eater et de renvoyer les immigrants en situation irr\u00e9guli\u00e8re. Elle y abat plusieurs chiots avec son arme de poing.<\/p>\n<p> La lecture de ce contenu est susceptible d\u2019entra\u00eener un d\u00e9p\u00f4t de cookies de la part de l\u2019op\u00e9rateur tiers qui l\u2019h\u00e9berge. Compte-tenu des choix que vous avez exprim\u00e9s en mati\u00e8re de d\u00e9p\u00f4t de cookies, nous avons bloqu\u00e9 l\u2019affichage de ce contenu. Si vous souhaitez y acc\u00e9der, vous devez accepter la cat\u00e9gorie de cookies \u201cContenus tiers\u201d en cliquant sur le bouton ci-dessous. <\/p>\n<p> Lire la Vid\u00e9o        <\/p>\n<p class=\"asset asset-text\">\u00ab\u00a0Cette s\u00e9rie n\u2019est plus pertinente depuis plus de vingt ans et se maintient \u00e0 grand-peine avec des id\u00e9es sans inspiration dans une tentative d\u00e9sesp\u00e9r\u00e9e d\u2019attirer l\u2019attention\u00a0\u00bb, avait estim\u00e9 apr\u00e8s le premier \u00e9pisode une porte-parole de la Maison Blanche, Taylor Rogers. Avant d\u2019ajouter\u00a0: \u00ab\u00a0Aucune s\u00e9rie de quatri\u00e8me ordre ne peut compromettre la s\u00e9rie de succ\u00e8s du pr\u00e9sident.\u00a0\u00bb<\/p>\n<p class=\"asset asset-text\">Ce qui n\u2019a pas emp\u00each\u00e9 le d\u00e9partement de la S\u00e9curit\u00e9 int\u00e9rieure des \u00c9tats-Unis d\u2019utiliser une image de la s\u00e9rie \u00e0 ses propres fins. <a href=\"https:\/\/x.com\/SouthPark\/status\/1952852111655374877?ref_src=twsrc%5Etfw%7Ctwcamp%5Etweetembed%7Ctwterm%5E1952852111655374877%7Ctwgr%5E7936891c1ddab79597f8d7eb39e79b990e98da87%7Ctwcon%5Es1_&amp;ref_url=https%3A%2F%2Fwww.huffingtonpost.fr%2Fculture%2Farticle%2Fles-tensions-entre-south-park-et-le-gouvernement-americain-montent-encore-d-un-cran_253311.html\" target=\"_blank\" rel=\"noopener\" title=\"Nouvelle fen\u00eatre\">Sur X<\/a> (anciennement Twitter), ils l\u2019ont partag\u00e9e pour inviter les Am\u00e9ricains \u00e0 rejoindre la police f\u00e9d\u00e9rale de l\u2019immigration. Elle \u00e9tait tir\u00e9e du premier \u00e9pisode. \u00ab\u00a0#eatabagofdicks (en fran\u00e7ais, \u00ab\u00a0bouffez un sac de bites\u00a0\u00bb)\u00a0\u00bb, ont r\u00e9pondu dans un tweet des cr\u00e9ateurs de\u00a0South Park.<\/p>\n","protected":false},"excerpt":{"rendered":"South Park Dans le nouvel \u00e9pisode de \u00ab\u00a0South Park\u00a0\u00bb, il n\u2019y a pas que Trump qui en a&hellip;\n","protected":false},"author":2,"featured_media":303279,"comment_status":"","ping_status":"","sticky":false,"template":"","format":"standard","meta":{"footnotes":""},"categories":[8],"tags":[58,75,59,73,1011,27,14,591,38497],"class_list":{"0":"post-303278","1":"post","2":"type-post","3":"status-publish","4":"format-standard","5":"has-post-thumbnail","7":"category-divertissement","8":"tag-divertissement","9":"tag-donald-trump","10":"tag-entertainment","11":"tag-etats-unis","12":"tag-fr","13":"tag-france","14":"tag-international","15":"tag-jd-vance","16":"tag-south-park"},"share_on_mastodon":{"url":"https:\/\/pubeurope.com\/@fr\/114988725392364206","error":""},"_links":{"self":[{"href":"https:\/\/www.europesays.com\/fr\/wp-json\/wp\/v2\/posts\/303278","targetHints":{"allow":["GET"]}}],"collection":[{"href":"https:\/\/www.europesays.com\/fr\/wp-json\/wp\/v2\/posts"}],"about":[{"href":"https:\/\/www.europesays.com\/fr\/wp-json\/wp\/v2\/types\/post"}],"author":[{"embeddable":true,"href":"https:\/\/www.europesays.com\/fr\/wp-json\/wp\/v2\/users\/2"}],"replies":[{"embeddable":true,"href":"https:\/\/www.europesays.com\/fr\/wp-json\/wp\/v2\/comments?post=303278"}],"version-history":[{"count":0,"href":"https:\/\/www.europesays.com\/fr\/wp-json\/wp\/v2\/posts\/303278\/revisions"}],"wp:featuredmedia":[{"embeddable":true,"href":"https:\/\/www.europesays.com\/fr\/wp-json\/wp\/v2\/media\/303279"}],"wp:attachment":[{"href":"https:\/\/www.europesays.com\/fr\/wp-json\/wp\/v2\/media?parent=303278"}],"wp:term":[{"taxonomy":"category","embeddable":true,"href":"https:\/\/www.europesays.com\/fr\/wp-json\/wp\/v2\/categories?post=303278"},{"taxonomy":"post_tag","embeddable":true,"href":"https:\/\/www.europesays.com\/fr\/wp-json\/wp\/v2\/tags?post=303278"}],"curies":[{"name":"wp","href":"https:\/\/api.w.org\/{rel}","templated":true}]}}