{"id":303287,"date":"2025-08-07T17:48:12","date_gmt":"2025-08-07T17:48:12","guid":{"rendered":"https:\/\/www.europesays.com\/fr\/303287\/"},"modified":"2025-08-07T17:48:12","modified_gmt":"2025-08-07T17:48:12","slug":"un-pompier-pyromane-des-hautes-alpes-condamne-a-24-mois-de-prison-dont-4-mois-ferme","status":"publish","type":"post","link":"https:\/\/www.europesays.com\/fr\/303287\/","title":{"rendered":"Un pompier pyromane des Hautes-Alpes condamn\u00e9 \u00e0 24 mois de prison dont 4 mois ferme"},"content":{"rendered":"<p>Dans le cadre d\u2019une enqu\u00eate et d\u2019investigations men\u00e9es par la gendarmerie nationale sur plusieurs d\u00e9parts de feux d\u2019espaces naturels, en cet \u00e9t\u00e9\u00a02025, sur la commune de <a href=\"https:\/\/www.laprovence.com\/hautes-alpes\/serres-05166\" target=\"_blank\" rel=\"nofollow noopener\">Serres<\/a>, Sigottier et Montclus (Hautes-Alpes), un sapeur-pompier volontaire a \u00e9t\u00e9 interpell\u00e9, d\u00e9but ao\u00fbt\u00a02025, et a fait l\u2019objet de poursuites judiciaires.<\/p>\n<p>Pr\u00e9sent\u00e9 ce jeudi 7 ao\u00fbt 2025 devant les magistrats du tribunal correctionnel de Gap, Anthony N., \u00e2g\u00e9 de 34 ans, a \u00e9t\u00e9 reconnu coupable des faits reproch\u00e9s, \u00e0 savoir \u00ab\u00a0la destruction de bien d\u2019autrui par un moyen dangereux pour les personnes\u00a0\u00bb \u00e0 cinq reprises entre le 1er\u00a0juillet et le 1er\u00a0ao\u00fbt\u00a02025 dans le sud-ouest du d\u00e9partement.<\/p>\n<p>Il a \u00e9t\u00e9 condamn\u00e9 \u00e0 24 mois d\u2019emprisonnement, dont 20 mois assortis d\u2019un sursis probatoire de 2\u00a0ans. En peines compl\u00e9mentaires, il doit faire l\u2019objet de soins, chercher du travail et indemniser les victimes.<\/p>\n<p>Un pr\u00e9c\u00e9dent<\/p>\n<p>Les communes de Sigottier et de Montclus \u00e9taient parties civiles lors de l\u2019audience, ainsi qu\u2019un particulier. Le pr\u00e9venu se d\u00e9pla\u00e7ait \u00e0 bord d\u2019un v\u00e9hicule \u00e0 moteur en d\u00e9pit de l\u2019injonction de restituer le permis de conduire r\u00e9sultant du retrait de la totalit\u00e9 des points.<\/p>\n<p>C\u2019est le second cas de ce type depuis le d\u00e9but de l\u2019ann\u00e9e\u00a02025 dans les Hautes-Alpes\u00a0: des faits similaires avaient \u00e9t\u00e9 observ\u00e9s au printemps dans le nord des Hautes-Alpes. Entre mai et juin\u00a02025, <a href=\"https:\/\/www.laprovence.com\/article\/faits-divers-justice\/18986809271516\/dans-les-hautes-alpes-un-pompier-volontaire-suspecte-d-avoir-allume-une-vingtaine-d-incendies\" target=\"_blank\" rel=\"nofollow noopener\">une vingtaine de feux avaient pris dans le secteur de N\u00e9vache<\/a>, g\u00e9n\u00e9rant de l\u2019inqui\u00e9tude aupr\u00e8s de la population de <a href=\"https:\/\/www.laprovence.com\/article\/region\/5323013852637514\/panorama-sur-les-ecrins-randonnee-familiale-viree-autour-des-lacs-laramon-et-du-serpent-dans-les-hautes-alpes\" target=\"_blank\" rel=\"nofollow noopener\">la vall\u00e9e de la Clar\u00e9e<\/a>. S\u2019ils ont \u00e9t\u00e9 rapidement ma\u00eetris\u00e9s par les sapeurs-pompiers du secteur, un agent volontaire de cette m\u00eame caserne avait \u00e9t\u00e9 interpell\u00e9, <a href=\"https:\/\/www.laprovence.com\/article\/region\/55226915313705\/jetais-en-recherche-dadrenaline-le-pompier-pyromane-des-hautes-alpes-condamne-a-de-la-prison-ferme\" target=\"_blank\" rel=\"nofollow noopener\">condamn\u00e9 par le tribunal correctionnel de Gap<\/a> et radi\u00e9 de ses fonctions de sapeur-pompier.\u00a0Le jugement de ce jeudi 7\u00a0ao\u00fbt vient donc ternir, une nouvelle fois, le corps des sapeurs-pompiers haut-alpins et, au-del\u00e0, de tout le corps national.<\/p>\n","protected":false},"excerpt":{"rendered":"Dans le cadre d\u2019une enqu\u00eate et d\u2019investigations men\u00e9es par la gendarmerie nationale sur plusieurs d\u00e9parts de feux d\u2019espaces&hellip;\n","protected":false},"author":2,"featured_media":303288,"comment_status":"","ping_status":"","sticky":false,"template":"","format":"standard","meta":{"footnotes":""},"categories":[2],"tags":[17,11,1102,8652,154,1011,27,881,2561,12,4775,806,44333,16],"class_list":{"0":"post-303287","1":"post","2":"type-post","3":"status-publish","4":"format-standard","5":"has-post-thumbnail","7":"category-actualites","8":"tag-17","9":"tag-actualites","10":"tag-breakingnews","11":"tag-condamne","12":"tag-des","13":"tag-fr","14":"tag-france","15":"tag-hautes-alpes","16":"tag-mois","17":"tag-news","18":"tag-pompier","19":"tag-prison","20":"tag-pyromane","21":"tag-region"},"share_on_mastodon":{"url":"https:\/\/pubeurope.com\/@fr\/114988744916267260","error":""},"_links":{"self":[{"href":"https:\/\/www.europesays.com\/fr\/wp-json\/wp\/v2\/posts\/303287","targetHints":{"allow":["GET"]}}],"collection":[{"href":"https:\/\/www.europesays.com\/fr\/wp-json\/wp\/v2\/posts"}],"about":[{"href":"https:\/\/www.europesays.com\/fr\/wp-json\/wp\/v2\/types\/post"}],"author":[{"embeddable":true,"href":"https:\/\/www.europesays.com\/fr\/wp-json\/wp\/v2\/users\/2"}],"replies":[{"embeddable":true,"href":"https:\/\/www.europesays.com\/fr\/wp-json\/wp\/v2\/comments?post=303287"}],"version-history":[{"count":0,"href":"https:\/\/www.europesays.com\/fr\/wp-json\/wp\/v2\/posts\/303287\/revisions"}],"wp:featuredmedia":[{"embeddable":true,"href":"https:\/\/www.europesays.com\/fr\/wp-json\/wp\/v2\/media\/303288"}],"wp:attachment":[{"href":"https:\/\/www.europesays.com\/fr\/wp-json\/wp\/v2\/media?parent=303287"}],"wp:term":[{"taxonomy":"category","embeddable":true,"href":"https:\/\/www.europesays.com\/fr\/wp-json\/wp\/v2\/categories?post=303287"},{"taxonomy":"post_tag","embeddable":true,"href":"https:\/\/www.europesays.com\/fr\/wp-json\/wp\/v2\/tags?post=303287"}],"curies":[{"name":"wp","href":"https:\/\/api.w.org\/{rel}","templated":true}]}}